{"id":235104,"date":"2026-09-01T21:05:26","date_gmt":"2026-09-01T21:05:26","guid":{"rendered":"https:\/\/www.europesays.com\/be-fr\/235104\/"},"modified":"2026-09-01T21:05:26","modified_gmt":"2026-09-01T21:05:26","slug":"spotify-hausse-des-prix-des-abonnements-en-belgique-au-1er-septembre","status":"publish","type":"post","link":"https:\/\/www.europesays.com\/be-fr\/235104\/","title":{"rendered":"Spotify\u00a0: hausse des prix des abonnements en Belgique au 1er septembre"},"content":{"rendered":"<p>  <img decoding=\"async\" class=\"r-img lazyloaded\" src=\"https:\/\/www.europesays.com\/be-fr\/wp-content\/uploads\/2026\/09\/1788296725_352_willemsen.jpg\" alt=\"Ga\u00ebtan Willemsen\"\/><\/p>\n<p>par <a href=\"https:\/\/www.rtl.be\/376242\/dpi-authors\/gaetan-willemsen\" rel=\"nofollow noopener\" target=\"_blank\">Ga\u00ebtan Willemsen<\/a><\/p>\n<p>\tPubli\u00e9 le 01 septembre \u00e0 06h00<\/p>\n<p>  <a href=\"https:\/\/www.google.com\/preferences\/source?q=rtl%20info\" class=\"r-link--google-favorites\" role=\"button\">Ajoutez-nous \u00e0 vos favoris Google<\/a><br \/>\n\tNouveaut\u00e9 ce 1er septembre\u00a0: Spotify augmente le prix de ses abonnements en Belgique<\/p>\n<p>&#13;<br \/>\n&#13;<\/p>\n<p>Le g\u00e9ant su\u00e9dois du streaming musical Spotify augmente d\u00e8s ce 1er septembre le prix de ses abonnements en Belgique. L\u2019abonnement standard (Premium Individual) co\u00fbtera ainsi 13,99 euros, contre 11,99 euros, a fait savoir Spotify dans une communication \u00e0 destination de ses abonn\u00e9s.<\/p>\n<p>Le produit \u00ab\u00a0Premium Duo\u00a0\u00bb, pour l\u2019utilisation de deux comptes, passe \u00e0 19,99 euros par mois alors que l\u2019abonnement familial (Premium Family) grimpe \u00e0 23,99 euros mensuels.<\/p>\n<p>&#13;<br \/>\n&#13;<\/p>\n<p>&#13;<br \/>\n&#13;<\/p>\n<p>    \u00c0 lire aussi<\/p>\n<p>  <img decoding=\"async\" data-copyright=\"Adobe stock\" class=\"r-img\"  typeof=\"foaf:Image\" src=\"https:\/\/www.europesays.com\/be-fr\/wp-content\/uploads\/2026\/09\/93639789.jpeg\" alt=\"AdobeStock_283633546_Editorial_Use_Only.jpeg\"\/><br \/>\n      <a href=\"https:\/\/www.rtl.be\/people\/rtl-inside\/avant-de-sappeler-google-le-moteur-de-recherche-portait-un-nom-bien-plus\/2026-07-28\/article\/795755\" class=\"r-stories--link\" rel=\"nofollow noopener\" target=\"_blank\">Avant de s\u2019appeler Google, le moteur de recherche portait un nom bien plus \u00e9tonnant<\/a><\/p>\n<p>\u00ab\u00a0Ces changements nous permettront de plus investir dans les versions Premium. Nous les am\u00e9liorons en permanence et voulons offrir la meilleure exp\u00e9rience \u00e0 nos utilisateurs\u00a0\u00bb, a justifi\u00e9 Spotify dans sa communication.<\/p>\n<p>&gt; D\u00e9couvrez tout ce qui change ce 1er septembre 2026 dans l\u2019article ci-dessous<\/p>\n<p>    \u00c0 lire aussi<\/p>\n<p>  <img decoding=\"async\" data-copyright=\"Adobestock\" class=\"r-img\"  typeof=\"foaf:Image\" src=\"https:\/\/www.europesays.com\/be-fr\/wp-content\/uploads\/2026\/09\/1788296726_473_99125230.jpeg\" alt=\"Toutchange.jpg\"\/><br \/>\n      <a href=\"https:\/\/www.rtl.be\/actu\/belgique\/societe\/nouveau-code-penal-controle-technique-argent-dormant-voici-tout-ce-qui-change-ce\/2026-09-01\/article\/798911\" class=\"r-stories--link\" rel=\"nofollow noopener\" target=\"_blank\">Nouveau Code p\u00e9nal, contr\u00f4le technique, argent dormant\u2026 Voici tout ce qui change ce 1er septembre<\/a><\/p>\n<p>Source\u00a0: agence Belga<\/p>\n<p><a class=\"r-btn r-btn--tag\" href=\"https:\/\/www.rtl.be\/2199\/free-tags\/musique\" title=\"Musique\" rel=\"nofollow noopener\" target=\"_blank\">Musique<\/a><br \/>\n<a class=\"r-btn r-btn--tag\" href=\"https:\/\/www.rtl.be\/1064\/free-tags\/consommation\" title=\"consommation\" rel=\"nofollow noopener\" target=\"_blank\">consommation<\/a><\/p>\n","protected":false},"excerpt":{"rendered":"par Ga\u00ebtan Willemsen Publi\u00e9 le 01 septembre \u00e0 06h00 Ajoutez-nous \u00e0 vos favoris Google Nouveaut\u00e9 ce 1er septembre\u00a0:&hellip;\n","protected":false},"author":2,"featured_media":235105,"comment_status":"","ping_status":"","sticky":false,"template":"","format":"standard","meta":{"footnotes":"","_share_on_mastodon":"0"},"categories":[2],"tags":[13946,72639,12,13,18,17,2357,72640,72641,37417,5866,38885],"class_list":["post-235104","post","type-post","status-publish","format-standard","has-post-thumbnail","category-belgique","tag-abonnement","tag-augmentation-prix","tag-be","tag-be-fr","tag-belgique","tag-belgium","tag-premium","tag-premium-duo","tag-premium-family","tag-septembre-2026","tag-spotify","tag-streaming-musical"],"share_on_mastodon":{"url":"https:\/\/pubeurope.com\/@be_fr\/117197821371136805","error":""},"_links":{"self":[{"href":"https:\/\/www.europesays.com\/be-fr\/wp-json\/wp\/v2\/posts\/235104","targetHints":{"allow":["GET"]}}],"collection":[{"href":"https:\/\/www.europesays.com\/be-fr\/wp-json\/wp\/v2\/posts"}],"about":[{"href":"https:\/\/www.europesays.com\/be-fr\/wp-json\/wp\/v2\/types\/post"}],"author":[{"embeddable":true,"href":"https:\/\/www.europesays.com\/be-fr\/wp-json\/wp\/v2\/users\/2"}],"replies":[{"embeddable":true,"href":"https:\/\/www.europesays.com\/be-fr\/wp-json\/wp\/v2\/comments?post=235104"}],"version-history":[{"count":0,"href":"https:\/\/www.europesays.com\/be-fr\/wp-json\/wp\/v2\/posts\/235104\/revisions"}],"wp:featuredmedia":[{"embeddable":true,"href":"https:\/\/www.europesays.com\/be-fr\/wp-json\/wp\/v2\/media\/235105"}],"wp:attachment":[{"href":"https:\/\/www.europesays.com\/be-fr\/wp-json\/wp\/v2\/media?parent=235104"}],"wp:term":[{"taxonomy":"category","embeddable":true,"href":"https:\/\/www.europesays.com\/be-fr\/wp-json\/wp\/v2\/categories?post=235104"},{"taxonomy":"post_tag","embeddable":true,"href":"https:\/\/www.europesays.com\/be-fr\/wp-json\/wp\/v2\/tags?post=235104"}],"curies":[{"name":"wp","href":"https:\/\/api.w.org\/{rel}","templated":true}]}}