{"id":235196,"date":"2026-09-01T22:08:15","date_gmt":"2026-09-01T22:08:15","guid":{"rendered":"https:\/\/www.europesays.com\/be-fr\/235196\/"},"modified":"2026-09-01T22:08:15","modified_gmt":"2026-09-01T22:08:15","slug":"apres-une-mauvaise-nuit-voici-le-temps-necessaire-pour-retrouver-la-forme","status":"publish","type":"post","link":"https:\/\/www.europesays.com\/be-fr\/235196\/","title":{"rendered":"Apr\u00e8s une mauvaise nuit, voici le temps n\u00e9cessaire pour retrouver la forme"},"content":{"rendered":"\n<p>Apr\u00e8s une nuit trop br\u00e8ve ou agit\u00e9e, les cons\u00e9quences ne tardent pas \u00e0 se faire sentir.<a href=\"https:\/\/www.nordlittoral.fr\/295369\/article\/2026-08-21\/dormir-avec-des-chaussettes-pourrait-vous-aider-mieux-dormir-voici-pourquoi\" target=\"_blank\" rel=\"nofollow noopener\"> Fatigue, irritabilit\u00e9, difficult\u00e9s d\u2019attention<\/a>, voire app\u00e9tit d\u00e9sordonn\u00e9 sont fr\u00e9quents au r\u00e9veil.<\/p>\n<p>Ces r\u00e9actions s\u2019expliquent par <a href=\"https:\/\/www.nordlittoral.fr\/295644\/article\/2026-08-24\/vous-dormez-trop-ou-pas-assez-voici-la-duree-ideale-de-sommeil-selon-votre-age\" target=\"_blank\" rel=\"nofollow noopener\">le manque de repos<\/a> et par des d\u00e9s\u00e9quilibres temporaires hormonaux touchant humeur et concentration. Pourtant, une seule nuit mauvaise n\u2019entra\u00eene pas de d\u00e9calage durable dans le cycle du sommeil.<\/p>\n<p>Le corps se met rapidement en mode r\u00e9cup\u00e9ration<\/p>\n<p>Heureusement, l\u2019organisme sait rebondir face \u00e0 une privation ponctuelle. \u00ab\u00a0Une restriction ponctuelle est g\u00e9n\u00e9ralement compens\u00e9e d\u00e8s la nuit suivante chez un bon dormeur\u00a0\u00bb, souligne la Dre Marie-Fran\u00e7oise Vecchierini, neuropsychiatre interrog\u00e9e par Sant\u00e9 Magazine.<\/p>\n<p>Plut\u00f4t qu\u2019une \u00e9norme grasse matin\u00e9e, le sommeil profond apr\u00e8s la privation devient plus intense\u00a0: une \u00e0 deux nuits seulement suffisent le plus souvent \u00e0 retrouver une forme normale.<\/p>\n<p>Quels conseils pour acc\u00e9l\u00e9rer la r\u00e9cup\u00e9ration\u00a0?<\/p>\n<p>Apr\u00e8s une mauvaise nuit, il vaut mieux s\u2019en tenir \u00e0 des horaires de sommeil proches de la routine habituelle, plut\u00f4t que de chambouler son rythme avec de longues grasses matin\u00e9es. Aller au lit trop t\u00f4t, sans avoir sommeil, peut d\u2019ailleurs freiner l\u2019endormissement, surtout chez les personnes sujettes \u00e0 l\u2019insomnie.<\/p>\n<p>Favoriser<a href=\"https:\/\/www.nordlittoral.fr\/295958\/article\/2026-08-27\/comment-reduire-le-temps-d-ecran-sans-bannir-les-ecrans-4-astuces-faciles\" target=\"_blank\" rel=\"nofollow noopener\"> la lumi\u00e8re naturelle d\u00e8s le matin<\/a>, pratiquer une activit\u00e9 physique dans la journ\u00e9e, ou encore limiter alcool et caf\u00e9ine le soir, sont autant de bonnes pratiques. En cas de besoin, une courte sieste (20-30 minutes) peut att\u00e9nuer la fatigue.<\/p>\n<p>Seul le sommeil permet de v\u00e9ritablement r\u00e9cup\u00e9rer\u00a0: aucune vitamine ou aliment ne saurait <a href=\"https:\/\/www.lunion.fr\/id824038\/article\/2026-08-25\/combien-de-temps-faut-il-vraiment-pour-recuperer-dune-nuit-courte-et-retrouver\" target=\"_blank\" rel=\"nofollow noopener\">compenser le manque de repos nocturne.<\/a><\/p>\n<p>\n    <a href=\"https:\/\/www.nordlittoral.fr\/296294\/article\/2026-08-31\/pourquoi-pardonner-fait-du-bien-soi-meme-sans-forcement-tout-excuser\" class=\"r-stories-image-link\" rel=\"nofollow noopener\" target=\"_blank\"><\/p>\n<p>  <img decoding=\"async\" data-copyright=\"Photo de Liana S sur Unsplash\" class=\"r-img\"  typeof=\"foaf:Image\" src=\"https:\/\/www.europesays.com\/be-fr\/wp-content\/uploads\/2026\/09\/99467533.jpeg\" alt=\"Le pardon peut-il vraiment am\u00e9liorer notre bien-\u00eatre\u00a0? Ce que montrent les \u00e9tudes\"\/><br \/>\n  <\/a><\/p>\n<p>    \u00c0 lire aussi<\/p>\n<p>        <a href=\"https:\/\/www.nordlittoral.fr\/296294\/article\/2026-08-31\/pourquoi-pardonner-fait-du-bien-soi-meme-sans-forcement-tout-excuser\" class=\"r-stories--link\" rel=\"nofollow noopener\" target=\"_blank\">Pourquoi pardonner fait du bien \u00e0 soi-m\u00eame, sans forc\u00e9ment tout excuser<\/a><\/p>\n","protected":false},"excerpt":{"rendered":"Apr\u00e8s une nuit trop br\u00e8ve ou agit\u00e9e, les cons\u00e9quences ne tardent pas \u00e0 se faire sentir. Fatigue, irritabilit\u00e9,&hellip;\n","protected":false},"author":2,"featured_media":235197,"comment_status":"","ping_status":"","sticky":false,"template":"","format":"standard","meta":{"footnotes":"","_share_on_mastodon":"0"},"categories":[82],"tags":[751,12,13,18,17,72667,72668,1339,86,2103,72669,72666,72665,15029,87,37995],"class_list":["post-235196","post","type-post","status-publish","format-standard","has-post-thumbnail","category-sante","tag-activite-physique","tag-be","tag-be-fr","tag-belgique","tag-belgium","tag-conseils-sommeil","tag-dre-marie-francoise-vecchierini","tag-fatigue","tag-health","tag-insomnie","tag-lumiere-naturelle","tag-mauvaise-nuit","tag-recuperation-sommeil","tag-rythme-circadien","tag-sante","tag-sieste"],"share_on_mastodon":{"url":"https:\/\/pubeurope.com\/@be_fr\/117198068947132944","error":""},"_links":{"self":[{"href":"https:\/\/www.europesays.com\/be-fr\/wp-json\/wp\/v2\/posts\/235196","targetHints":{"allow":["GET"]}}],"collection":[{"href":"https:\/\/www.europesays.com\/be-fr\/wp-json\/wp\/v2\/posts"}],"about":[{"href":"https:\/\/www.europesays.com\/be-fr\/wp-json\/wp\/v2\/types\/post"}],"author":[{"embeddable":true,"href":"https:\/\/www.europesays.com\/be-fr\/wp-json\/wp\/v2\/users\/2"}],"replies":[{"embeddable":true,"href":"https:\/\/www.europesays.com\/be-fr\/wp-json\/wp\/v2\/comments?post=235196"}],"version-history":[{"count":0,"href":"https:\/\/www.europesays.com\/be-fr\/wp-json\/wp\/v2\/posts\/235196\/revisions"}],"wp:featuredmedia":[{"embeddable":true,"href":"https:\/\/www.europesays.com\/be-fr\/wp-json\/wp\/v2\/media\/235197"}],"wp:attachment":[{"href":"https:\/\/www.europesays.com\/be-fr\/wp-json\/wp\/v2\/media?parent=235196"}],"wp:term":[{"taxonomy":"category","embeddable":true,"href":"https:\/\/www.europesays.com\/be-fr\/wp-json\/wp\/v2\/categories?post=235196"},{"taxonomy":"post_tag","embeddable":true,"href":"https:\/\/www.europesays.com\/be-fr\/wp-json\/wp\/v2\/tags?post=235196"}],"curies":[{"name":"wp","href":"https:\/\/api.w.org\/{rel}","templated":true}]}}