{"id":235242,"date":"2026-09-01T22:44:30","date_gmt":"2026-09-01T22:44:30","guid":{"rendered":"https:\/\/www.europesays.com\/be-fr\/235242\/"},"modified":"2026-09-01T22:44:30","modified_gmt":"2026-09-01T22:44:30","slug":"tom-hardy-rappe-avec-method-man-et-busta-rhymes-dans-son-premier-album-notre-verdict","status":"publish","type":"post","link":"https:\/\/www.europesays.com\/be-fr\/235242\/","title":{"rendered":"Tom Hardy rappe avec Method Man et Busta Rhymes dans son premier album : notre verdict"},"content":{"rendered":"<p itemprop=\"description\">Tom Hardy vient de franchir une nouvelle \u00e9tape dans sa passion pour le hip-hop. L\u2019acteur britannique de 48 ans a sorti un album de 15 titres sous le nom de Frankie Pulitzer, en collaboration avec le collectif Czarface.<\/p>\n<p>Tom Hardy n\u2019est plus seulement acteur.<\/p>\n<p>Depuis ce vendredi 28 ao\u00fbt, le Britannique dispose \u00e9galement d\u2019un premier album de rap \u00e0 son actif.<\/p>\n<p>Baptis\u00e9 Czarface Meets Frankie Pulitzer, le disque a \u00e9t\u00e9 enregistr\u00e9 avec Czarface, supergroupe compos\u00e9 de 7L &amp; Esoteric et d\u2019Inspectah Deck, membre du Wu-Tang Clan. Hardy y rappe sous le pseudonyme Frankie Pulitzer, une identit\u00e9 derri\u00e8re laquelle les fans le soup\u00e7onnaient d\u00e9j\u00e0 de se cacher depuis plusieurs ann\u00e9es.<\/p>\n<p>Le projet compte 15 morceaux et accueille notamment Method Man et Busta Rhymes.<\/p>\n<p>Bane, Spider-Man et Stephen King au programme<\/p>\n<p>Tom Hardy a largement puis\u00e9 dans sa culture cin\u00e9matographique pour \u00e9crire ses textes. Dans Raw Forever, il fait notamment r\u00e9f\u00e9rence au Bouffon vert incarn\u00e9 par Willem Dafoe dans Spider-Man, \u00e0 Doctor Doom ou encore \u00e0 Nicolas Cage dans \u00c0 tombeau ouvert de Martin Scorsese.<\/p>\n<p>L\u2019acteur convoque m\u00eame l\u2019un de ses propres personnages. Sur Grim-Visaged War, il reprend la voix de Bane, qu\u2019il incarnait dans The Dark Knight Rises, pour r\u00e9citer un passage de Richard III de Shakespeare.<\/p>\n<p>Le morceau Mad Technology, enregistr\u00e9 avec Method Man, multiplie de son c\u00f4t\u00e9 les r\u00e9f\u00e9rences \u00e0 Stephen King, notamment Cujo et Misery. Tom Hardy y glisse \u00e9galement une punchline particuli\u00e8rement crue consacr\u00e9e \u00e0 Kathy Bates.<\/p>\n<p>Dans le clip du titre, l\u2019acteur appara\u00eet enti\u00e8rement masqu\u00e9, v\u00eatu d\u2019une cagoule noire et blanche, comme pour maintenir la s\u00e9paration entre sa carri\u00e8re au cin\u00e9ma et son alter ego de rappeur.<\/p>\n<p>Mais quelle est la r\u00e9ponse \u00e0 la question fatidique, \u00e0 savoir : est-ce que Tom Hardy est une b\u00eate de rappeur ou est-ce-qu&rsquo;il pue la merde comme sa trilogie Venom ?<\/p>\n<p>Avec son accent nasillard, et son phras\u00e9, on est plut\u00f4t agr\u00e9ablement surpris. Il y a m\u00eame un petit c\u00f4t\u00e9 Snoop Dogg blanc chez le Britannique sur certains morceaux !<\/p>\n<p>Une passion qui remonte \u00e0 l\u2019adolescence<\/p>\n<p>Ce premier album n\u2019arrive toutefois pas de nulle part. Tom Hardy rappe depuis son adolescence et avait d\u00e9j\u00e0 enregistr\u00e9 une mixtape en 1999 avec Edward Tracy, alors sous le nom de \u00ab\u00a0Tommy No 1\u00a0\u00bb.<\/p>\n<p>Ce projet de 18 titres, rest\u00e9 in\u00e9dit pendant pr\u00e8s de vingt ans, avait finalement \u00e9t\u00e9 mis en ligne en 2018.<br \/>L\u2019acteur avait lui-m\u00eame racont\u00e9 avoir commenc\u00e9 \u00e0 rapper vers 14 ou 15 ans, tout en reconnaissant qu\u2019\u00e0 l\u2019\u00e9poque, il n\u2019\u00e9tait \u00ab\u00a0pas tr\u00e8s bon\u00a0\u00bb.<\/p>\n<p>Avec Czarface Meets Frankie Pulitzer, cette vieille passion quitte d\u00e9sormais d\u00e9finitivement le stade du hobby confidentiel.<\/p>\n<p>Et puis si vous n&rsquo;aimez pas son rap, vous le kifferez forc\u00e9ment dans la saison 2 de MobLand le 18 septembre sur Netflix !<\/p>\n","protected":false},"excerpt":{"rendered":"Tom Hardy vient de franchir une nouvelle \u00e9tape dans sa passion pour le hip-hop. L\u2019acteur britannique de 48&hellip;\n","protected":false},"author":2,"featured_media":235243,"comment_status":"","ping_status":"","sticky":false,"template":"","format":"standard","meta":{"footnotes":"","_share_on_mastodon":"0"},"categories":[98],"tags":[141,1238,10,12,13,18,17,1228,96,95,1227,1232,1219,1221,1218,1220,1230,1229,1222,140,107,108,11,1225,1236,525,1239,985,1235,1237,1231,1233,1226,1223,1224,1234],"class_list":["post-235242","post","type-post","status-publish","format-standard","has-post-thumbnail","category-musique","tag-actu","tag-actu-rap","tag-actualites","tag-be","tag-be-fr","tag-belgique","tag-belgium","tag-chroniques","tag-divertissement","tag-entertainment","tag-freestyles","tag-funk","tag-generation","tag-generation88-2","tag-generations","tag-generations88-2","tag-hip-hop","tag-hiphop","tag-hiphopsoul","tag-info","tag-music","tag-musique","tag-news","tag-photos","tag-playlist","tag-radio","tag-radio-rap","tag-rap","tag-rapfr","tag-rapus","tag-reggae","tag-rnb","tag-sons","tag-soul","tag-videos","tag-webradio"],"share_on_mastodon":{"url":"https:\/\/pubeurope.com\/@be_fr\/117198209824446923","error":""},"_links":{"self":[{"href":"https:\/\/www.europesays.com\/be-fr\/wp-json\/wp\/v2\/posts\/235242","targetHints":{"allow":["GET"]}}],"collection":[{"href":"https:\/\/www.europesays.com\/be-fr\/wp-json\/wp\/v2\/posts"}],"about":[{"href":"https:\/\/www.europesays.com\/be-fr\/wp-json\/wp\/v2\/types\/post"}],"author":[{"embeddable":true,"href":"https:\/\/www.europesays.com\/be-fr\/wp-json\/wp\/v2\/users\/2"}],"replies":[{"embeddable":true,"href":"https:\/\/www.europesays.com\/be-fr\/wp-json\/wp\/v2\/comments?post=235242"}],"version-history":[{"count":0,"href":"https:\/\/www.europesays.com\/be-fr\/wp-json\/wp\/v2\/posts\/235242\/revisions"}],"wp:featuredmedia":[{"embeddable":true,"href":"https:\/\/www.europesays.com\/be-fr\/wp-json\/wp\/v2\/media\/235243"}],"wp:attachment":[{"href":"https:\/\/www.europesays.com\/be-fr\/wp-json\/wp\/v2\/media?parent=235242"}],"wp:term":[{"taxonomy":"category","embeddable":true,"href":"https:\/\/www.europesays.com\/be-fr\/wp-json\/wp\/v2\/categories?post=235242"},{"taxonomy":"post_tag","embeddable":true,"href":"https:\/\/www.europesays.com\/be-fr\/wp-json\/wp\/v2\/tags?post=235242"}],"curies":[{"name":"wp","href":"https:\/\/api.w.org\/{rel}","templated":true}]}}