{"id":235290,"date":"2026-09-01T23:33:13","date_gmt":"2026-09-01T23:33:13","guid":{"rendered":"https:\/\/www.europesays.com\/be-fr\/235290\/"},"modified":"2026-09-01T23:33:13","modified_gmt":"2026-09-01T23:33:13","slug":"attaque-de-frelons-asiatiques-a-voorde-un-homme-de-60-ans-decede","status":"publish","type":"post","link":"https:\/\/www.europesays.com\/be-fr\/235290\/","title":{"rendered":"Attaque de frelons asiatiques \u00e0 Voorde\u00a0: un homme de 60 ans d\u00e9c\u00e8de"},"content":{"rendered":"<p>  <img decoding=\"async\" class=\"r-img lazyloaded\" src=\"https:\/\/www.europesays.com\/be-fr\/wp-content\/uploads\/2026\/09\/1788305593_833_yasmine2.jpg\" alt=\"Yasmine Meziani\"\/><\/p>\n<p>par <a href=\"https:\/\/www.rtl.be\/384772\/dpi-authors\/yasmine-meziani\" rel=\"nofollow noopener\" target=\"_blank\">Yasmine Meziani<\/a><\/p>\n<p>\tPubli\u00e9 le 01 septembre \u00e0 22h08<\/p>\n<p>  <a href=\"https:\/\/www.google.com\/preferences\/source?q=rtl%20info\" class=\"r-link--google-favorites\" role=\"button\">Ajoutez-nous \u00e0 vos favoris Google<\/a><br \/>\n\tUn homme de 60 ans est d\u00e9c\u00e9d\u00e9 apr\u00e8s avoir \u00e9t\u00e9 attaqu\u00e9 par un essaim de frelons asiatiques \u00e0 Voorde (Ninove).<\/p>\n<p>&#13;<br \/>\n&#13;<\/p>\n<p>Eddy Van Mulder, 60 ans, est d\u00e9c\u00e9d\u00e9 des suites d\u2019une attaque de frelons asiatiques survenue la semaine derni\u00e8re \u00e0 Voorde, dans la commune de Ninove.<\/p>\n<p>\n  &#13;<br \/>\n  \u00c0 lire aussi&#13;<br \/>\n  &#13;<\/p>\n<p>  <img decoding=\"async\" class=\"r-img\"  typeof=\"foaf:Image\" src=\"https:\/\/www.europesays.com\/be-fr\/wp-content\/uploads\/2026\/09\/99437382.jpeg\" alt=\"guepe.jpg\"\/><br \/>\n        <a class=\"r-stories--link\" href=\"https:\/\/www.rtl.be\/actu\/magazine\/animaux\/plusieurs-attaques-de-frelons-asiatiques-un-homme-victime-dun-arret-cardiaque\/2026-08-31\/article\/798849\" rel=\"nofollow noopener\" target=\"_blank\">Plusieurs attaques de frelons asiatiques\u00a0: un homme, victime d\u2019un arr\u00eat cardiaque, dans le coma<\/a>&#13;<br \/>\n  &#13;<br \/>\n&#13;\n<\/p>\n<p>L\u2019incident s\u2019est produit un jeudi soir, alors que la victime se rendait \u00e0 l\u2019\u00e9curie pour nourrir son poney. Selon le t\u00e9moignage de son cousin Guy, Eddy Van Mulder a \u00ab\u00a0secou\u00e9 une brass\u00e9e de foin\u00a0\u00bb, ce qui a provoqu\u00e9 la sortie soudaine d\u2019un \u00ab\u00a0essaim de frelons\u00a0\u00bb asiatiques depuis un nid situ\u00e9 juste au-dessus de l\u2019\u00e9curie.<\/p>\n<p>&#13;<br \/>\n&#13;<\/p>\n<p>&#13;<br \/>\n&#13;<br \/>\nUne intervention d\u2019urgence<\/p>\n<p>L\u2019homme a \u00e9t\u00e9 attaqu\u00e9 et piqu\u00e9 \u00e0 plusieurs reprises par des dizaines de frelons. Il a r\u00e9ussi \u00e0 rejoindre son \u00e9pouse pour la pr\u00e9venir de l\u2019attaque, avant que sa t\u00eate et sa gorge ne commencent \u00e0 enfler. Victime d\u2019un arr\u00eat cardiaque, il a \u00e9t\u00e9 r\u00e9anim\u00e9 pendant une trentaine de minutes avant d\u2019\u00eatre pris en charge \u00e0 l\u2019h\u00f4pital AZORG d\u2019Alost..<\/p>\n<p>Malgr\u00e9 les soins hospitaliers, Eddy Van Mulder n\u2019a pas surv\u00e9cu \u00e0 ses blessures. Sa famille a annonc\u00e9 son d\u00e9c\u00e8s ce mardi soir.<\/p>\n<p>&#13;<br \/>\n&#13;<\/p>\n<p>&#13;<br \/>\n&#13;<\/p>\n<p><a class=\"r-btn r-btn--tag\" href=\"https:\/\/www.rtl.be\/339742\/locations\/ninove-flandre-orientale\" title=\"Ninove (Flandre orientale)\" rel=\"nofollow noopener\" target=\"_blank\">Ninove (Flandre orientale)<\/a><\/p>\n","protected":false},"excerpt":{"rendered":"par Yasmine Meziani Publi\u00e9 le 01 septembre \u00e0 22h08 Ajoutez-nous \u00e0 vos favoris Google Un homme de 60&hellip;\n","protected":false},"author":2,"featured_media":235291,"comment_status":"","ping_status":"","sticky":false,"template":"","format":"standard","meta":{"footnotes":"","_share_on_mastodon":"0"},"categories":[2],"tags":[72699,72704,12,13,18,17,756,72700,72703,21436,13136,72702,14468,72701],"class_list":["post-235290","post","type-post","status-publish","format-standard","has-post-thumbnail","category-belgique","tag-attaque-de-frelons","tag-azorg-alost","tag-be","tag-be-fr","tag-belgique","tag-belgium","tag-deces","tag-eddy-van-mulder","tag-essaim-de-frelons","tag-frelon-asiatique","tag-ninove","tag-piqure-de-frelon","tag-urgence","tag-voorde"],"share_on_mastodon":{"url":"https:\/\/pubeurope.com\/@be_fr\/117198403140527715","error":""},"_links":{"self":[{"href":"https:\/\/www.europesays.com\/be-fr\/wp-json\/wp\/v2\/posts\/235290","targetHints":{"allow":["GET"]}}],"collection":[{"href":"https:\/\/www.europesays.com\/be-fr\/wp-json\/wp\/v2\/posts"}],"about":[{"href":"https:\/\/www.europesays.com\/be-fr\/wp-json\/wp\/v2\/types\/post"}],"author":[{"embeddable":true,"href":"https:\/\/www.europesays.com\/be-fr\/wp-json\/wp\/v2\/users\/2"}],"replies":[{"embeddable":true,"href":"https:\/\/www.europesays.com\/be-fr\/wp-json\/wp\/v2\/comments?post=235290"}],"version-history":[{"count":0,"href":"https:\/\/www.europesays.com\/be-fr\/wp-json\/wp\/v2\/posts\/235290\/revisions"}],"wp:featuredmedia":[{"embeddable":true,"href":"https:\/\/www.europesays.com\/be-fr\/wp-json\/wp\/v2\/media\/235291"}],"wp:attachment":[{"href":"https:\/\/www.europesays.com\/be-fr\/wp-json\/wp\/v2\/media?parent=235290"}],"wp:term":[{"taxonomy":"category","embeddable":true,"href":"https:\/\/www.europesays.com\/be-fr\/wp-json\/wp\/v2\/categories?post=235290"},{"taxonomy":"post_tag","embeddable":true,"href":"https:\/\/www.europesays.com\/be-fr\/wp-json\/wp\/v2\/tags?post=235290"}],"curies":[{"name":"wp","href":"https:\/\/api.w.org\/{rel}","templated":true}]}}