{"id":235384,"date":"2026-09-02T01:42:40","date_gmt":"2026-09-02T01:42:40","guid":{"rendered":"https:\/\/www.europesays.com\/be-fr\/235384\/"},"modified":"2026-09-02T01:42:40","modified_gmt":"2026-09-02T01:42:40","slug":"alzheimer-les-ondes-cerebrales-un-nouveau-biomarqueur-pour-detecter-la-maladie-precocement-3","status":"publish","type":"post","link":"https:\/\/www.europesays.com\/be-fr\/235384\/","title":{"rendered":"Alzheimer : les ondes c\u00e9r\u00e9brales, un nouveau biomarqueur pour d\u00e9tecter la maladie pr\u00e9cocement ?"},"content":{"rendered":"<p>L\u2019activit\u00e9 c\u00e9r\u00e9brale correspond \u00e0 des ondes \u00e9lectriques, d\u2019amplitudes et de fr\u00e9quences variables en fonction des t\u00e2ches effectu\u00e9es. Elles peuvent \u00eatre enregistr\u00e9es \u00e0 la surface du cr\u00e2ne par \u00e9lectroenc\u00e9phalographe. Des r\u00e9centes recherches ont mis en lumi\u00e8re des ondes lentes d\u00e9tectables durant l\u2019\u00e9veil et associ\u00e9es \u00e0 certaines capacit\u00e9s cognitives comme l\u2019attention. Les scientifiques de l\u2019Inserm, \u00e0 l\u2019Institut du cerveau, ont voulu savoir s\u2019il y avait un lien entre ces ondes et la survenue de la maladie d\u2019Alzheimer.<\/p>\n<p>Les scientifiques se sont int\u00e9ress\u00e9s aux donn\u00e9es d\u2019une cohorte de patients de l\u2019h\u00f4pital de la Piti\u00e9-Salp\u00eatri\u00e8re. Celle-ci est constitu\u00e9e de 300 personnes \u00e2g\u00e9es de 70 \u00e0 85 ans, qui lors de leur recrutement, se plaignaient de troubles de la m\u00e9moire sans que leurs performances \u00e0 des tests cognitifs soient anormales. \u00ab\u00a0Parmi ces personnes, certaines d\u00e9velopperont la maladie, d\u2019autres non. L\u2019objectif de cette cohorte est de d\u00e9couvrir des facteurs pour le pr\u00e9dire\u00a0\u00bb, pr\u00e9cise Pierre Champetier, qui a men\u00e9 cette <a href=\"https:\/\/alz-journals.onlinelibrary.wiley.com\/doi\/10.1002\/alz.71514\" rel=\"noopener nofollow\" target=\"_blank\">\u00e9tude<\/a>, publi\u00e9e dans la revue Alzheimer\u2019s and Dementia. <\/p>\n<p>Une association d\u00e9montr\u00e9e <\/p>\n<p>Tous les volontaires ont \u00e9t\u00e9 soumis \u00e0 une batterie de tests dont une \u00e9valuation cognitive, un \u00e9lectroenc\u00e9phalogramme au repos ou encore des examens d\u2019imagerie c\u00e9r\u00e9brale (IRM et PET scans). Objectif\u00a0: rechercher des d\u00e9p\u00f4ts amylo\u00efdes ou une neurod\u00e9g\u00e9n\u00e9rescence, deux marqueurs de la maladie d\u2019Alzheimer. Ces tests ont \u00e9t\u00e9 renouvel\u00e9s deux ans apr\u00e8s. \u00ab\u00a0Les chercheurs ont ainsi pu \u00e9tudier l\u2019association \u00e9ventuelle entre les ondes lentes de l\u2019\u00e9veil mesur\u00e9es par \u00e9lectroenc\u00e9phalographie chez ces personnes, l\u2019int\u00e9grit\u00e9 de leur cerveau et leurs capacit\u00e9s cognitives, note l\u2019Inserm dans un communiqu\u00e9 publi\u00e9 jeudi 27 ao\u00fbt. Au regard des r\u00e9sultats, ces associations font peu de doute. Plus l\u2019amplitude des ondes lentes \u00e9tait \u00e9lev\u00e9e, plus les participants pr\u00e9sentaient une quantit\u00e9 importante de d\u00e9p\u00f4ts amylo\u00efdes et\/ou une neurod\u00e9g\u00e9n\u00e9rescence, ainsi que de moins bonnes performances \u00e0 des tests de m\u00e9moire.\u00a0\u00bb<\/p>\n<p>Progression de la maladie ou m\u00e9canisme protecteur\u00a0? <\/p>\n<p>\u00ab\u00a0Ces corr\u00e9lations sont significatives mais, \u00e0 ce stade, rien ne permet de savoir si ces ondes sont un signe de\u00a0souffrance neuronale qui refl\u00e8te\u00a0la progression de la maladie d\u2019Alzheimer,\u00a0ou au contraire un m\u00e9canisme protecteur qui s\u2019active au d\u00e9but de la maladie pour en limiter l\u2019avanc\u00e9e\u00a0\u00bb, pr\u00e9cise Pierre Champetier. Des recherches plus approfondies sont donc n\u00e9cessaires pour valider l\u2019utilit\u00e9 clinique de cette d\u00e9couverte.<\/p>\n<p>Pour lutter contre la maladie d\u2019Alzheimer, il para\u00eet primordial de la diagnostiquer pr\u00e9cocement. Des m\u00e9dicaments ont r\u00e9cemment vu le jour, mais ils peuvent entra\u00eener des effets ind\u00e9sirables et sont tr\u00e8s co\u00fbteux. \u00ab\u00a0Si la piste de ces ondes lentes d\u2019\u00e9veil comme marqueur pr\u00e9coce et pr\u00e9dictif de l\u2019\u00e9volution de la maladie se confirme, alors il sera possible de mieux \u00e9valuer la balance risque\/b\u00e9n\u00e9fice de ces m\u00e9dicaments chez chacun, \u00e0 l\u2019aide d\u2019un simple enc\u00e9phalogramme, un examen indolore, facile et peu co\u00fbteux \u00e0 r\u00e9aliser\u00a0\u00bb, conclut Pierre Champetier.<\/p>\n","protected":false},"excerpt":{"rendered":"L\u2019activit\u00e9 c\u00e9r\u00e9brale correspond \u00e0 des ondes \u00e9lectriques, d\u2019amplitudes et de fr\u00e9quences variables en fonction des t\u00e2ches effectu\u00e9es. Elles&hellip;\n","protected":false},"author":2,"featured_media":235385,"comment_status":"","ping_status":"","sticky":false,"template":"","format":"standard","meta":{"footnotes":"","_share_on_mastodon":"0"},"categories":[82],"tags":[41,2455,12,13,18,17,8864,29922,86,1853,1599,2216,838,87],"class_list":["post-235384","post","type-post","status-publish","format-standard","has-post-thumbnail","category-sante","tag-41","tag-alzheimer","tag-be","tag-be-fr","tag-belgique","tag-belgium","tag-biomarqueur","tag-cerebrales","tag-health","tag-les","tag-nouveau","tag-ondes","tag-pour","tag-sante"],"share_on_mastodon":{"url":"https:\/\/pubeurope.com\/@be_fr\/117198910057508046","error":""},"_links":{"self":[{"href":"https:\/\/www.europesays.com\/be-fr\/wp-json\/wp\/v2\/posts\/235384","targetHints":{"allow":["GET"]}}],"collection":[{"href":"https:\/\/www.europesays.com\/be-fr\/wp-json\/wp\/v2\/posts"}],"about":[{"href":"https:\/\/www.europesays.com\/be-fr\/wp-json\/wp\/v2\/types\/post"}],"author":[{"embeddable":true,"href":"https:\/\/www.europesays.com\/be-fr\/wp-json\/wp\/v2\/users\/2"}],"replies":[{"embeddable":true,"href":"https:\/\/www.europesays.com\/be-fr\/wp-json\/wp\/v2\/comments?post=235384"}],"version-history":[{"count":0,"href":"https:\/\/www.europesays.com\/be-fr\/wp-json\/wp\/v2\/posts\/235384\/revisions"}],"wp:featuredmedia":[{"embeddable":true,"href":"https:\/\/www.europesays.com\/be-fr\/wp-json\/wp\/v2\/media\/235385"}],"wp:attachment":[{"href":"https:\/\/www.europesays.com\/be-fr\/wp-json\/wp\/v2\/media?parent=235384"}],"wp:term":[{"taxonomy":"category","embeddable":true,"href":"https:\/\/www.europesays.com\/be-fr\/wp-json\/wp\/v2\/categories?post=235384"},{"taxonomy":"post_tag","embeddable":true,"href":"https:\/\/www.europesays.com\/be-fr\/wp-json\/wp\/v2\/tags?post=235384"}],"curies":[{"name":"wp","href":"https:\/\/api.w.org\/{rel}","templated":true}]}}