{"id":235420,"date":"2026-09-02T02:55:31","date_gmt":"2026-09-02T02:55:31","guid":{"rendered":"https:\/\/www.europesays.com\/be-fr\/235420\/"},"modified":"2026-09-02T02:55:31","modified_gmt":"2026-09-02T02:55:31","slug":"trois-morts-dans-un-accident-de-la-circulation-a-lodelinsart","status":"publish","type":"post","link":"https:\/\/www.europesays.com\/be-fr\/235420\/","title":{"rendered":"Trois morts dans un accident de la circulation \u00e0 Lodelinsart"},"content":{"rendered":"<p class=\"content-highlight\">Trois personnes ont perdu la vie ce lundi apr\u00e8s-midi dans un accident de la circulation qui s&rsquo;est produit \u00e0 Lodelinsart, dans l&rsquo;entit\u00e9 de Charleroi. Un expert a \u00e9t\u00e9 d\u00e9sign\u00e9 pour \u00e9tablir les circonstances pr\u00e9cises de l&rsquo;accident.\n        <\/p>\n<p>Un v\u00e9hicule qui circulait sans doute \u00e0 tr\u00e8s vive allure a percut\u00e9 un autre v\u00e9hicule dont le conducteur dit s&rsquo;\u00eatre arr\u00eat\u00e9 \u00e0 un signal &lsquo;stop&rsquo;, a indiqu\u00e9 le parquet de Charleroi, confirmant une information de plusieurs m\u00e9dias.\u00a0<br \/>Selon le parquet, il est encore difficile de dire si le second v\u00e9hicule s&rsquo;est effectivement bien arr\u00eat\u00e9, ou pas, ou s&rsquo;il a red\u00e9marr\u00e9. Le v\u00e9hicule percuteur a termin\u00e9 sa course dans un poteau et les trois occupants sont d\u00e9c\u00e9d\u00e9s.\u00a0<br \/>\u00a0<\/p>\n","protected":false},"excerpt":{"rendered":"Trois personnes ont perdu la vie ce lundi apr\u00e8s-midi dans un accident de la circulation qui s&rsquo;est produit&hellip;\n","protected":false},"author":2,"featured_media":235421,"comment_status":"","ping_status":"","sticky":false,"template":"","format":"standard","meta":{"footnotes":"","_share_on_mastodon":"0"},"categories":[8],"tags":[4564,10,12,13,18,17,505,1119,20682,11,23798],"class_list":["post-235420","post","type-post","status-publish","format-standard","has-post-thumbnail","category-actualites","tag-accident","tag-actualites","tag-be","tag-be-fr","tag-belgique","tag-belgium","tag-histoire","tag-hommage","tag-mineur","tag-news","tag-pru00e9vention"],"share_on_mastodon":{"url":"https:\/\/pubeurope.com\/@be_fr\/117199196799744967","error":""},"_links":{"self":[{"href":"https:\/\/www.europesays.com\/be-fr\/wp-json\/wp\/v2\/posts\/235420","targetHints":{"allow":["GET"]}}],"collection":[{"href":"https:\/\/www.europesays.com\/be-fr\/wp-json\/wp\/v2\/posts"}],"about":[{"href":"https:\/\/www.europesays.com\/be-fr\/wp-json\/wp\/v2\/types\/post"}],"author":[{"embeddable":true,"href":"https:\/\/www.europesays.com\/be-fr\/wp-json\/wp\/v2\/users\/2"}],"replies":[{"embeddable":true,"href":"https:\/\/www.europesays.com\/be-fr\/wp-json\/wp\/v2\/comments?post=235420"}],"version-history":[{"count":0,"href":"https:\/\/www.europesays.com\/be-fr\/wp-json\/wp\/v2\/posts\/235420\/revisions"}],"wp:featuredmedia":[{"embeddable":true,"href":"https:\/\/www.europesays.com\/be-fr\/wp-json\/wp\/v2\/media\/235421"}],"wp:attachment":[{"href":"https:\/\/www.europesays.com\/be-fr\/wp-json\/wp\/v2\/media?parent=235420"}],"wp:term":[{"taxonomy":"category","embeddable":true,"href":"https:\/\/www.europesays.com\/be-fr\/wp-json\/wp\/v2\/categories?post=235420"},{"taxonomy":"post_tag","embeddable":true,"href":"https:\/\/www.europesays.com\/be-fr\/wp-json\/wp\/v2\/tags?post=235420"}],"curies":[{"name":"wp","href":"https:\/\/api.w.org\/{rel}","templated":true}]}}