{"id":235426,"date":"2026-09-02T03:03:26","date_gmt":"2026-09-02T03:03:26","guid":{"rendered":"https:\/\/www.europesays.com\/be-fr\/235426\/"},"modified":"2026-09-02T03:03:26","modified_gmt":"2026-09-02T03:03:26","slug":"us-open-alcaraz-sur-la-defaite-de-djokovic-voir-un-joueur-comme-novak-se-faire-eliminer-des-le-1er-tour-cest-surprenant-mais-ici-dans-tous-les-tournois-du-grand-chelem-cest","status":"publish","type":"post","link":"https:\/\/www.europesays.com\/be-fr\/235426\/","title":{"rendered":"US Open > Alcaraz sur la d\u00e9faite de Djokovic : \u00ab\u00a0Voir un joueur comme Novak se faire \u00e9liminer d\u00e8s le 1er tour, c\u2019est surprenant. Mais ici, dans tous les tournois du Grand Chelem, c\u2019est vraiment difficile de passer chaque tour. Tous les joueurs sont tr\u00e8s coriaces\u00a0\u00bb"},"content":{"rendered":"<p><a href=\"https:\/\/www.welovetennis.fr\/wp-content\/uploads\/2026\/09\/Carlos-Alcaraz-US-26.jpeg\" data-caption=\"\" rel=\"nofollow noopener\" target=\"_blank\"><img loading=\"lazy\" decoding=\"async\" width=\"696\" height=\"377\" class=\"entry-thumb td-modal-image lazy\" src=\"data:image\/svg+xml,%3Csvg%20xmlns%3D%22http%3A%2F%2Fwww.w3.org%2F2000%2Fsvg%22%20viewBox%3D%220%200%20696%20377%22%3E%3C%2Fsvg%3E\" data-src=\"https:\/\/www.europesays.com\/be-fr\/wp-content\/uploads\/2026\/09\/Carlos-Alcaraz-US-26-696x377.jpeg\" data- data- alt=\"\" title=\"Carlos Alcaraz US 26\"\/><\/a><\/p>\n<p>Carlos Alcaraz a parfai\u00adte\u00adment r\u00e9ussi son retour \u00e0 la comp\u00e9\u00adti\u00adtion avec une victoire nette et sans bavure en trois sets face \u00e0 Roman Safiullin.<\/p>\n<p>Interrog\u00e9 en conf\u00e9\u00adrence de presse sur la d\u00e9faite plut\u00f4t surpre\u00adnante de Novak Djokovic d\u00e8s le premier tour, l\u2019Espagnol n\u2019a pas cach\u00e9 son \u00e9ton\u00adne\u00adment. Mais il a \u00e9gale\u00adment rappel\u00e9 qu\u2019en Grand Chelem, aucun match n\u2019est gagn\u00e9 d\u2019avance et que tous les joueurs peuvent se montrer parti\u00adcu\u00adli\u00e8\u00adre\u00adment coriaces.<\/p>\n<p>\u00ab\u202fJ\u2019ai regard\u00e9 le 5e set. C\u2019\u00e9tait \u00e9videm\u00adment la premi\u00e8re fois que Novak perdait au 1er tour ici, dans ce tournoi. C\u2019est donc une grosse surprise, pour \u00eatre honn\u00eate. Voir un joueur comme Novak se faire \u00e9liminer d\u00e8s le 1er tour, c\u2019est surpre\u00adnant. Mais ici, dans tous les tour\u00adnois du Grand Chelem, c\u2019est vrai\u00adment diffi\u00adcile de passer chaque tour. Tous les joueurs sont tr\u00e8s coriaces. Il faut m\u00e9riter la victoire, de la premi\u00e8re \u00e0 la derni\u00e8re balle. Comme vous l\u2019avez dit, il \u00e9tait dans ma partie du tableau, mais on se serait affront\u00e9s en demi\u2010finale. Pour moi, les demi\u2010finales sont encore loin. J\u2019essaie simple\u00adment de prendre les matchs les uns apr\u00e8s les autres.\u202f\u00bb<\/p>\n<p>\u00a0<\/p>\n<p class=\"post-published-date\" style=\"color: silver; font-size: 75%; text-align: left;\">Publi\u00e9 le mardi 1 septembre 2026 \u00e0 11:42<\/p>\n<p><a href=\"https:\/\/www.welovetennis.fr\/author\/antoine38\" data-wpel-link=\"internal\" rel=\"nofollow noopener\" target=\"_blank\"><img loading=\"lazy\" decoding=\"async\" alt=\"\" src=\"data:image\/svg+xml,%3Csvg%20xmlns%3D%22http%3A%2F%2Fwww.w3.org%2F2000%2Fsvg%22%20viewBox%3D%220%200%2096%2096%22%3E%3C%2Fsvg%3E\" data-src=\"https:\/\/www.europesays.com\/be-fr\/wp-content\/uploads\/2026\/09\/dfab3210da7ad2a7c096793da684146674bc12a68d187ecfe3581e9a830640b2.jpeg\" data- class=\"avatar avatar-96 photo lazy\" height=\"96\" width=\"96\"\/><\/a><br \/>\nA propos de l\u2019auteur<br \/>\n<a href=\"https:\/\/www.welovetennis.fr\/author\/antoine38\" data-wpel-link=\"internal\" rel=\"nofollow noopener\" target=\"_blank\">Antoine Touchard<\/a><\/p>\n<p class=\"wlt-author-bio\">Journaliste \/ R\u00e9dacteur chez We Love Tennis.<\/p>\n","protected":false},"excerpt":{"rendered":"Carlos Alcaraz a parfai\u00adte\u00adment r\u00e9ussi son retour \u00e0 la comp\u00e9\u00adti\u00adtion avec une victoire nette et sans bavure en&hellip;\n","protected":false},"author":2,"featured_media":235427,"comment_status":"","ping_status":"","sticky":false,"template":"","format":"standard","meta":{"footnotes":"","_share_on_mastodon":"0"},"categories":[81],"tags":[2210,12,13,18,17,2211,84],"class_list":["post-235426","post","type-post","status-publish","format-standard","has-post-thumbnail","category-sports","tag-alcaraz","tag-be","tag-be-fr","tag-belgique","tag-belgium","tag-djokovic","tag-sports"],"share_on_mastodon":{"url":"https:\/\/pubeurope.com\/@be_fr\/117199228355695284","error":""},"_links":{"self":[{"href":"https:\/\/www.europesays.com\/be-fr\/wp-json\/wp\/v2\/posts\/235426","targetHints":{"allow":["GET"]}}],"collection":[{"href":"https:\/\/www.europesays.com\/be-fr\/wp-json\/wp\/v2\/posts"}],"about":[{"href":"https:\/\/www.europesays.com\/be-fr\/wp-json\/wp\/v2\/types\/post"}],"author":[{"embeddable":true,"href":"https:\/\/www.europesays.com\/be-fr\/wp-json\/wp\/v2\/users\/2"}],"replies":[{"embeddable":true,"href":"https:\/\/www.europesays.com\/be-fr\/wp-json\/wp\/v2\/comments?post=235426"}],"version-history":[{"count":0,"href":"https:\/\/www.europesays.com\/be-fr\/wp-json\/wp\/v2\/posts\/235426\/revisions"}],"wp:featuredmedia":[{"embeddable":true,"href":"https:\/\/www.europesays.com\/be-fr\/wp-json\/wp\/v2\/media\/235427"}],"wp:attachment":[{"href":"https:\/\/www.europesays.com\/be-fr\/wp-json\/wp\/v2\/media?parent=235426"}],"wp:term":[{"taxonomy":"category","embeddable":true,"href":"https:\/\/www.europesays.com\/be-fr\/wp-json\/wp\/v2\/categories?post=235426"},{"taxonomy":"post_tag","embeddable":true,"href":"https:\/\/www.europesays.com\/be-fr\/wp-json\/wp\/v2\/tags?post=235426"}],"curies":[{"name":"wp","href":"https:\/\/api.w.org\/{rel}","templated":true}]}}