{"id":235506,"date":"2026-09-02T05:33:16","date_gmt":"2026-09-02T05:33:16","guid":{"rendered":"https:\/\/www.europesays.com\/be-fr\/235506\/"},"modified":"2026-09-02T05:33:16","modified_gmt":"2026-09-02T05:33:16","slug":"lunion-ne-pourra-pas-accueillir-lhapoel-beer-sheva-a-louvain-en-europa-league-trois-questions-pour-comprendre-ce-qui-bloque","status":"publish","type":"post","link":"https:\/\/www.europesays.com\/be-fr\/235506\/","title":{"rendered":"L&rsquo;Union ne pourra pas accueillir l&rsquo;Hapo\u00ebl Beer Sheva \u00e0 Louvain en Europa League\u00a0: trois questions pour comprendre ce qui bloque"},"content":{"rendered":"<p>guillement<\/p>\n<p class=\"ap-StoryQuote-text\">Pour des raisons de s\u00e9curit\u00e9 publique, j&rsquo;ai fait savoir que ce match ne pouvait pas non plus avoir lieu \u00e0 Louvain, m\u00eame \u00e0 huis clos. <\/p>\n<p class=\"ap-StoryElement ap-StoryElement--mb ap-StoryText\">Le bourgmestre de Louvain, Mohamed Ridouani (Vooruit), a en effet d\u00e9cid\u00e9 d&rsquo;interdire la tenue de cette rencontre sur le territoire de sa ville. \u00ab\u00a0L&rsquo;Union est la bienvenue ici, mais dans ce cas pr\u00e9cis, il s&rsquo;agit d&rsquo;une \u00e9quipe isra\u00e9lienne et je suis coh\u00e9rent \u00e0 ce sujet, a-t-il expliqu\u00e9 lors d&rsquo;un conseil communal. Par le pass\u00e9, j&rsquo;ai refus\u00e9 que les Red Flames jouent ici contre Isra\u00ebl et les Diables rouges avaient eux aussi d\u00fb se d\u00e9placer. Pour des raisons de s\u00e9curit\u00e9 publique, j&rsquo;ai donc fait savoir que ce match ne pouvait pas non plus avoir lieu \u00e0 Louvain, m\u00eame \u00e0 huis clos. En effet, on risque malgr\u00e9 tout de voir des gens se rendre au stade.\u00a0\u00bb<\/p>\n<p>Quelle est la r\u00e9action de l&rsquo;Union ?<\/p>\n<p class=\"ap-StoryElement ap-StoryElement--mb ap-StoryText\"><a href=\"https:\/\/www.dhnet.be\/sports\/football\/division-1a\/union-saint-gilloise\/2026\/09\/01\/avec-deux-clean-sheets-la-defense-de-lunion-tente-de-faire-oublier-les-departs-nous-sommes-a-la-recherche-dun-nouvel-equilibre-defensif-WV7LPFAJYFG7FCMH73LICEKYJI\/\" target=\"_self\" rel=\"nofollow noopener\">L&rsquo;Union a \u00e9t\u00e9 inform\u00e9e de la d\u00e9cision<\/a> par l&rsquo;interm\u00e9diaire d&rsquo;OHL, qui lui loue son stade. Contact\u00e9 par nos soins, le club bruxellois a pris acte de cette interdiction. \u00ab\u00a0Nous avons pris connaissance de la d\u00e9cision de la ville de Louvain d&rsquo;interdire notre match contre Hapoel Beer Sheva en Ligue Europa. Nous sommes en discussion avec toutes les instances concern\u00e9es afin de trouver une solution. D\u00e8s qu&rsquo;il y aura du nouveau, nous en informerons directement nos supporters.\u00a0\u00bb<\/p>\n<p class=\"ap-StoryElement ap-StoryElement--mb ap-StoryText\">Reste donc d\u00e9sormais une question : o\u00f9 l&rsquo;Union accueillera-t-elle le club isra\u00e9lien ? En ao\u00fbt dernier, lors du troisi\u00e8me tour pr\u00e9liminaire de la Champions League, les Saint-Gillois avaient re\u00e7u Bodo\/Glimt \u00e0 Ostende. Mais rien ne dit, \u00e0 ce stade, que l&rsquo;Hapo\u00ebl Beer Sheva prendra \u00e0 son tour la direction de la c\u00f4te belge.<\/p>\n<p>Quels sont les ant\u00e9c\u00e9dents en Belgique ?<\/p>\n<p class=\"ap-StoryElement ap-StoryElement--mb ap-StoryText\">Ce n&rsquo;est pas la premi\u00e8re fois, depuis les attaques du 7 octobre 2023, qu&rsquo;un \u00e9v\u00e9nement sportif organis\u00e9 en Belgique avec une \u00e9quipe isra\u00e9lienne se retrouve confront\u00e9 \u00e0 ce type de situation.<\/p>\n<p class=\"ap-StoryElement ap-StoryElement--mb ap-StoryText\">Le 21 f\u00e9vrier 2024, La Gantoise accueillait le Maccabi Ha\u00effa en barrage de la Conference League. La rencontre avait finalement d\u00fb se jouer \u00e0 huis clos.<\/p>\n<p class=\"ap-StoryElement ap-StoryElement--mb ap-StoryText\">Quelques mois plus tard, le 6 septembre 2024, les Diables rouges n&rsquo;avaient pas pu recevoir Isra\u00ebl au stade Roi Baudouin, dans le cadre de la Ligue des Nations. Le match avait \u00e9t\u00e9 d\u00e9localis\u00e9 \u00e0 Debrecen, en Hongrie.<\/p>\n<p class=\"ap-StoryElement ap-StoryElement--mb ap-StoryText\">C&rsquo;est \u00e9galement en Hongrie que les Red Flames ont \u00ab\u00a0re\u00e7u\u00a0\u00bb Isra\u00ebl en mars 2026, lors des qualifications pour la Coupe du monde f\u00e9minine 2027.<\/p>\n<p class=\"ap-StoryElement ap-StoryElement--mb ap-StoryText\">Autre pr\u00e9c\u00e9dent, dans une discipline diff\u00e9rente : durant l&rsquo;\u00e9t\u00e9 2024, un tournoi international de frisbee organis\u00e9 \u00e0 Gand avait lui aussi \u00e9t\u00e9 perturb\u00e9 par la pr\u00e9sence de la d\u00e9l\u00e9gation isra\u00e9lienne. Pour des raisons de s\u00e9curit\u00e9, les rencontres impliquant Isra\u00ebl avaient d&rsquo;abord \u00e9t\u00e9 d\u00e9plac\u00e9es \u00e0 De Pinte. La commune avait ensuite interdit la venue de l&rsquo;\u00e9quipe isra\u00e9lienne, qui avait finalement \u00e9t\u00e9 exclue du tournoi.<\/p>\n","protected":false},"excerpt":{"rendered":"guillement Pour des raisons de s\u00e9curit\u00e9 publique, j&rsquo;ai fait savoir que ce match ne pouvait pas non plus&hellip;\n","protected":false},"author":2,"featured_media":235507,"comment_status":"","ping_status":"","sticky":false,"template":"","format":"standard","meta":{"footnotes":"","_share_on_mastodon":"0"},"categories":[8],"tags":[10,12,13,18,17,3028,1441,11,13169,13992,9374],"class_list":["post-235506","post","type-post","status-publish","format-standard","has-post-thumbnail","category-actualites","tag-actualites","tag-be","tag-be-fr","tag-belgique","tag-belgium","tag-diables-rouges","tag-gand","tag-news","tag-ostende","tag-red-flames","tag-union-saint-gilloise"],"share_on_mastodon":{"url":"https:\/\/pubeurope.com\/@be_fr\/117199818227446100","error":""},"_links":{"self":[{"href":"https:\/\/www.europesays.com\/be-fr\/wp-json\/wp\/v2\/posts\/235506","targetHints":{"allow":["GET"]}}],"collection":[{"href":"https:\/\/www.europesays.com\/be-fr\/wp-json\/wp\/v2\/posts"}],"about":[{"href":"https:\/\/www.europesays.com\/be-fr\/wp-json\/wp\/v2\/types\/post"}],"author":[{"embeddable":true,"href":"https:\/\/www.europesays.com\/be-fr\/wp-json\/wp\/v2\/users\/2"}],"replies":[{"embeddable":true,"href":"https:\/\/www.europesays.com\/be-fr\/wp-json\/wp\/v2\/comments?post=235506"}],"version-history":[{"count":0,"href":"https:\/\/www.europesays.com\/be-fr\/wp-json\/wp\/v2\/posts\/235506\/revisions"}],"wp:featuredmedia":[{"embeddable":true,"href":"https:\/\/www.europesays.com\/be-fr\/wp-json\/wp\/v2\/media\/235507"}],"wp:attachment":[{"href":"https:\/\/www.europesays.com\/be-fr\/wp-json\/wp\/v2\/media?parent=235506"}],"wp:term":[{"taxonomy":"category","embeddable":true,"href":"https:\/\/www.europesays.com\/be-fr\/wp-json\/wp\/v2\/categories?post=235506"},{"taxonomy":"post_tag","embeddable":true,"href":"https:\/\/www.europesays.com\/be-fr\/wp-json\/wp\/v2\/tags?post=235506"}],"curies":[{"name":"wp","href":"https:\/\/api.w.org\/{rel}","templated":true}]}}