{"id":235520,"date":"2026-09-02T05:58:20","date_gmt":"2026-09-02T05:58:20","guid":{"rendered":"https:\/\/www.europesays.com\/be-fr\/235520\/"},"modified":"2026-09-02T05:58:20","modified_gmt":"2026-09-02T05:58:20","slug":"novak-djokovic-apres-son-elimination-a-lus-open-tout-mon-corps-commence-a-seffondrer","status":"publish","type":"post","link":"https:\/\/www.europesays.com\/be-fr\/235520\/","title":{"rendered":"Novak Djokovic apr\u00e8s son \u00e9limination \u00e0 l&rsquo;US Open: \u00ab\u00a0Tout mon corps commence \u00e0 s&rsquo;effondrer\u00a0\u00bb"},"content":{"rendered":"<p class=\"ap-StoryElement ap-StoryElement--mb ap-StoryText\">\u00ab\u00a0J&rsquo;ai \u00e9prouv\u00e9 une sensation horrible, expliqua Nole qui sortira du top 10 apr\u00e8s l&rsquo;US Open. C&rsquo;est quelque chose que je tra\u00eene sur pratiquement chaque match cette ann\u00e9e. Vous savez, des vomissements, des haut-le-c\u0153ur, un vrai probl\u00e8me \u00e0 ce niveau. Et puis tout mon corps commence \u00e0 s&rsquo;effondrer, avec des crampes et des douleurs partout. \u00c0 la fin, le dos a l\u00e2ch\u00e9, tout comme l&rsquo;\u00e9paule, et je n&rsquo;ai pas pu conclure le match. J&rsquo;avais un break d&rsquo;avance dans le quatri\u00e8me set, mais j&rsquo;ai lutt\u00e9 pendant toute la rencontre depuis le quatri\u00e8me jeu. Je ne veux rien enlever \u00e0 sa victoire. F\u00e9licitations \u00e0 lui. Mais bon, je ne me suis vraiment pas amus\u00e9.\u00a0\u00bb<\/p>\n<p class=\"ap-StoryElement ap-StoryElement--mb ap-StoryText\">Le seul point positif dans cette histoire aura \u00e9t\u00e9 pour le Djoker le soutien ind\u00e9fectible du public. \u00ab\u00a0Ils ont \u00e9t\u00e9 formidables. Je suis tellement reconnaissant de vivre cela. C&rsquo;\u00e9tait incroyable. Ils ont essay\u00e9 de me rebooster dans les moments importants, et je suis d\u00e9sol\u00e9 de ne pas avoir jou\u00e9 aussi bien que j&rsquo;aurais d\u00fb, pu ou voulu le faire pour eux. Mais l&rsquo;amour et la reconnaissance qu&rsquo;ils m&rsquo;ont t\u00e9moign\u00e9s \u00e0 la fin m&rsquo;ont vraiment touch\u00e9 au c\u0153ur.\u00a0\u00bb<\/p>\n<p>guillement<\/p>\n<p class=\"ap-StoryQuote-text\">\u00ab\u00a0Mon cerveau me dit qu&rsquo;il en a assez&#8230;\u00a0\u00bb<\/p>\n<p class=\"ap-StoryElement ap-StoryElement--mb ap-StoryText\">La question qui arrive maintenant sur la table, c&rsquo;est de savoir pourquoi le GOAT s&rsquo;accroche encore \u00e0 son m\u00e9tier, \u00e0 sa passion. Il n&rsquo;a plus rien \u00e0 prouver \u00e0 personne. La r\u00e9ponse vient de la bouche d&rsquo;Andr\u00e9 Agassi : \u00ab\u00a0Il est celui qui a besoin de faire ce qui est impossible \u00e0 accomplir.\u00a0\u00bb<\/p>\n<p><img decoding=\"async\" src=\"https:\/\/www.europesays.com\/be-fr\/wp-content\/uploads\/2026\/09\/1788328700_989_hqdefault.webp\" alt=\"Mariano Navone vs. Novak Djokovic Highlights | 2026 US Open Round 1 - YouTube thumbnail\" class=\"lty-thumbnail\" loading=\"lazy\"\/>Watch<\/p>\n<p class=\"ap-StoryElement ap-StoryElement--mb ap-StoryText\">N\u00e9anmoins, si des exp\u00e9riences comme celle v\u00e9cue \u00e0 Flushing Meadows se reproduisent, son image en prendra un coup. Mais cela, le natif de Belgrade s&rsquo;en tape comme de sa premi\u00e8re raquette. Il a toujours \u00e9t\u00e9 un homme de d\u00e9fis. Il est celui qui dans son parcours a secou\u00e9, sublim\u00e9 les deux g\u00e9ants du tennis moderne, Rafael Nadal et Roger Federer. Et dans un coin de sa t\u00eate, il lui reste deux objectifs. Remporter un dernier Majeur et s&rsquo;offrir une derni\u00e8re sortie sur les Jeux olympiques de Los Angeles \u00e0 41 ans. Possible ou pas ? Pour la belle histoire que cela repr\u00e9senterait, on aimerait dire oui. En restant les pieds sur terre, on va dire non. Ces derni\u00e8res ann\u00e9es, en plus de l&rsquo;\u00e9mergence de Sinner et Alcaraz, le Djoker a accumul\u00e9 les p\u00e9pins : d\u00e9chirure au m\u00e9nisque, blessure musculaire \u00e0 une cuisse, \u00e9paule en souffrance, op\u00e9ration au genou et maintenant probl\u00e8me de condition physique. D&rsquo;ailleurs, en janvier 2025, Djokovic se posait d\u00e9j\u00e0 des questions : \u00ab\u00a0Mon cerveau me dit qu&rsquo;il en a assez, ce n&rsquo;est plus ma vie. Combien de temps je vais devoir faire subir \u00e7a \u00e0 ma famille ?\u00a0\u00bb Un petit coup de blues tr\u00e8s vite annihil\u00e9 par une ambition hors du commun\u2026<\/p>\n","protected":false},"excerpt":{"rendered":"\u00ab\u00a0J&rsquo;ai \u00e9prouv\u00e9 une sensation horrible, expliqua Nole qui sortira du top 10 apr\u00e8s l&rsquo;US Open. C&rsquo;est quelque chose&hellip;\n","protected":false},"author":2,"featured_media":235521,"comment_status":"","ping_status":"","sticky":false,"template":"","format":"standard","meta":{"footnotes":"","_share_on_mastodon":"0"},"categories":[81],"tags":[27025,145,15344,12,13,28357,18,17,77,43,17592,915,50948,59956,2162,7183,34534,59958,926,16458,27940,927,852,2164,2432,7016,29727,945,84,14334,19110,12626,16468,16469,952],"class_list":["post-235520","post","type-post","status-publish","format-standard","has-post-thumbnail","category-sports","tag-advisor","tag-architecture","tag-banking","tag-be","tag-be-fr","tag-bel-20","tag-belgique","tag-belgium","tag-bourse","tag-brussels","tag-built","tag-capital","tag-certificate","tag-cities","tag-cityscape","tag-currency","tag-destinations","tag-euronext","tag-europe","tag-exchange","tag-exterior","tag-famous","tag-finance","tag-financial","tag-lion","tag-market","tag-monetary","tag-place","tag-sports","tag-statue","tag-stock","tag-structure","tag-trader","tag-trading","tag-travel"],"share_on_mastodon":{"url":"https:\/\/pubeurope.com\/@be_fr\/117199916722042649","error":""},"_links":{"self":[{"href":"https:\/\/www.europesays.com\/be-fr\/wp-json\/wp\/v2\/posts\/235520","targetHints":{"allow":["GET"]}}],"collection":[{"href":"https:\/\/www.europesays.com\/be-fr\/wp-json\/wp\/v2\/posts"}],"about":[{"href":"https:\/\/www.europesays.com\/be-fr\/wp-json\/wp\/v2\/types\/post"}],"author":[{"embeddable":true,"href":"https:\/\/www.europesays.com\/be-fr\/wp-json\/wp\/v2\/users\/2"}],"replies":[{"embeddable":true,"href":"https:\/\/www.europesays.com\/be-fr\/wp-json\/wp\/v2\/comments?post=235520"}],"version-history":[{"count":0,"href":"https:\/\/www.europesays.com\/be-fr\/wp-json\/wp\/v2\/posts\/235520\/revisions"}],"wp:featuredmedia":[{"embeddable":true,"href":"https:\/\/www.europesays.com\/be-fr\/wp-json\/wp\/v2\/media\/235521"}],"wp:attachment":[{"href":"https:\/\/www.europesays.com\/be-fr\/wp-json\/wp\/v2\/media?parent=235520"}],"wp:term":[{"taxonomy":"category","embeddable":true,"href":"https:\/\/www.europesays.com\/be-fr\/wp-json\/wp\/v2\/categories?post=235520"},{"taxonomy":"post_tag","embeddable":true,"href":"https:\/\/www.europesays.com\/be-fr\/wp-json\/wp\/v2\/tags?post=235520"}],"curies":[{"name":"wp","href":"https:\/\/api.w.org\/{rel}","templated":true}]}}