{"id":235548,"date":"2026-09-02T06:29:26","date_gmt":"2026-09-02T06:29:26","guid":{"rendered":"https:\/\/www.europesays.com\/be-fr\/235548\/"},"modified":"2026-09-02T06:29:26","modified_gmt":"2026-09-02T06:29:26","slug":"mars-attacks-relance-la-mobilisation-contre-les-reformes-a-liege","status":"publish","type":"post","link":"https:\/\/www.europesays.com\/be-fr\/235548\/","title":{"rendered":"Mars Attacks relance la mobilisation contre les r\u00e9formes \u00e0 Li\u00e8ge"},"content":{"rendered":"<p>  <img decoding=\"async\" class=\"r-img lazyloaded\" src=\"https:\/\/www.europesays.com\/be-fr\/wp-content\/uploads\/2026\/09\/1788330565_260_yasmine2.jpg\" alt=\"Yasmine Meziani\"\/><\/p>\n<p>Par <a href=\"https:\/\/www.rtl.be\/384772\/dpi-authors\/yasmine-meziani\" rel=\"nofollow noopener\" target=\"_blank\">Yasmine Meziani<\/a><\/p>\n<p>\tPubli\u00e9 le 01 septembre \u00e0 20h05\n<\/p>\n<p>  <a href=\"https:\/\/www.google.com\/preferences\/source?q=rtl%20info\" class=\"r-link--google-favorites\" role=\"button\">Ajoutez-nous \u00e0 vos favoris Google<\/a><br \/>\n\tFace \u00e0 l\u2019application de mesures contest\u00e9es dans l\u2019enseignement, le collectif Mars Attacks s\u2019est r\u00e9uni \u00e0 Li\u00e8ge ce mardi soir. Explications avec Mathieu Langer.<\/p>\n<p>&#13;<br \/>\n&#13;<\/p>\n<p>Le collectif Mars Attacks, qui r\u00e9unit parents et professeurs, a tenu une assembl\u00e9e g\u00e9n\u00e9rale ce mardi soir \u00e0 Li\u00e8ge. L\u2019objectif\u00a0: d\u00e9cider de la suite du mouvement et relancer la mobilisation contre les r\u00e9formes du gouvernement de la F\u00e9d\u00e9ration Wallonie-Bruxelles.<\/p>\n<p>Des revendications remises \u00e0 jour<\/p>\n<p>Plusieurs mesures contest\u00e9es entrent d\u00e9sormais en application. Les enseignants remettent donc \u00e0 jour leurs revendications. Ils d\u00e9noncent les d\u00e9crets programmes, certaines modalit\u00e9s du tronc commun, l\u2019augmentation de la charge de travail, ainsi que des mesures touchant au statut des enseignants.<\/p>\n<p>&#13;<br \/>\n&#13;<\/p>\n<p>&#13;<br \/>\n&#13;<\/p>\n<p>\n  &#13;<br \/>\n  \u00c0 lire aussi&#13;<br \/>\n  &#13;<\/p>\n<p>  <img decoding=\"async\" class=\"r-img\"  typeof=\"foaf:Image\" src=\"https:\/\/www.europesays.com\/be-fr\/wp-content\/uploads\/2026\/09\/1788330566_946_98870278.jpeg\" alt=\"AnsAlleur.jpg\"\/><br \/>\n        <a class=\"r-stories--link\" href=\"https:\/\/www.rtl.be\/actu\/belgique\/societe\/un-enfant-sur-cinq-risque-de-ne-pas-manger-pendant-la-journee-les-mesures-contre\/2026-08-28\/article\/798575\" rel=\"nofollow noopener\" target=\"_blank\">\u00ab\u00a0Un enfant sur cinq risque de ne pas manger pendant la journ\u00e9e\u00a0\u00bb\u00a0: les mesures contre lesquelles les enseignants de Li\u00e8ge font gr\u00e8ve commencent \u00e0 se faire sentir<\/a>&#13;<br \/>\n  &#13;<br \/>\n&#13;\n<\/p>\n<p>L\u2019enjeu de cette assembl\u00e9e est surtout op\u00e9rationnel, nous informe notre journaliste Mathieu Langer sur place. Une cinquantaine d\u2019enseignants, venus de Namur, Bruxelles, de la r\u00e9gion du Centre et de Charleroi, \u00e9taient pr\u00e9sents. Ils comptent \u00e9laborer un plan d\u2019action pour les semaines \u00e0 venir, avec la volont\u00e9 de travailler davantage avec les syndicats et de faire converger leurs mouvements.<\/p>\n<p>\u00ab\u00a0On vient \u00e0 Li\u00e8ge parce que Li\u00e8ge est d\u00e9j\u00e0 parti en gr\u00e8ve vendredi pass\u00e9\u00a0\u00bb, explique S\u00e9bastien Demarche, membre du collectif et professeur de fran\u00e7ais. \u00ab\u00a0Il est fort probable que cette semaine il y ait des \u00e9coles qui seront de nouveau ferm\u00e9es. On va parler avec nos amis li\u00e9geois, avec nos coll\u00e8gues li\u00e9geois, voir comment ils s\u2019organisent et voir comment on va faire\u00a0\u00bb.<\/p>\n<p>Deux objectifs principaux ont \u00e9t\u00e9 fix\u00e9s pour cette r\u00e9union. D\u2019abord, clarifier l\u2019organisation du collectif, jusqu\u2019ici construite \u00ab\u00a0en fonction des \u00e9v\u00e9nements\u00a0\u00bb l\u2019ann\u00e9e pass\u00e9e. Ensuite, d\u00e9finir le programme des actions pour les semaines \u00e0 venir.<\/p>\n<p>&#13;<br \/>\n&#13;<\/p>\n<p>&#13;<br \/>\n&#13;<\/p>\n<p><a class=\"r-btn r-btn--tag\" href=\"https:\/\/www.rtl.be\/1739\/free-tags\/enseignement\" title=\"enseignement\" rel=\"nofollow noopener\" target=\"_blank\">enseignement<\/a><br \/>\n<a class=\"r-btn r-btn--tag\" href=\"https:\/\/www.rtl.be\/333745\/locations\/liege-prov-de-liege\" title=\"Li\u00e8ge (prov. de Li\u00e8ge)\" rel=\"nofollow noopener\" target=\"_blank\">Li\u00e8ge (prov. de Li\u00e8ge)<\/a><\/p>\n","protected":false},"excerpt":{"rendered":"Par Yasmine Meziani Publi\u00e9 le 01 septembre \u00e0 20h05 Ajoutez-nous \u00e0 vos favoris Google Face \u00e0 l\u2019application de&hellip;\n","protected":false},"author":2,"featured_media":235549,"comment_status":"","ping_status":"","sticky":false,"template":"","format":"standard","meta":{"footnotes":"","_share_on_mastodon":"0"},"categories":[8],"tags":[10,12,13,18,17,72843,26523,70393,26,72841,72842,11,69081,70399,427,72844],"class_list":["post-235548","post","type-post","status-publish","format-standard","has-post-thumbnail","category-actualites","tag-actualites","tag-be","tag-be-fr","tag-belgique","tag-belgium","tag-decrets-programmes","tag-federation-wallonie-bruxelles","tag-greve-ecoles","tag-liege","tag-mars-attacks","tag-mobilisation-enseignants","tag-news","tag-parents-deleves","tag-reforme-enseignement","tag-syndicats","tag-tronc-commun"],"share_on_mastodon":{"url":"https:\/\/pubeurope.com\/@be_fr\/117200038555252076","error":""},"_links":{"self":[{"href":"https:\/\/www.europesays.com\/be-fr\/wp-json\/wp\/v2\/posts\/235548","targetHints":{"allow":["GET"]}}],"collection":[{"href":"https:\/\/www.europesays.com\/be-fr\/wp-json\/wp\/v2\/posts"}],"about":[{"href":"https:\/\/www.europesays.com\/be-fr\/wp-json\/wp\/v2\/types\/post"}],"author":[{"embeddable":true,"href":"https:\/\/www.europesays.com\/be-fr\/wp-json\/wp\/v2\/users\/2"}],"replies":[{"embeddable":true,"href":"https:\/\/www.europesays.com\/be-fr\/wp-json\/wp\/v2\/comments?post=235548"}],"version-history":[{"count":0,"href":"https:\/\/www.europesays.com\/be-fr\/wp-json\/wp\/v2\/posts\/235548\/revisions"}],"wp:featuredmedia":[{"embeddable":true,"href":"https:\/\/www.europesays.com\/be-fr\/wp-json\/wp\/v2\/media\/235549"}],"wp:attachment":[{"href":"https:\/\/www.europesays.com\/be-fr\/wp-json\/wp\/v2\/media?parent=235548"}],"wp:term":[{"taxonomy":"category","embeddable":true,"href":"https:\/\/www.europesays.com\/be-fr\/wp-json\/wp\/v2\/categories?post=235548"},{"taxonomy":"post_tag","embeddable":true,"href":"https:\/\/www.europesays.com\/be-fr\/wp-json\/wp\/v2\/tags?post=235548"}],"curies":[{"name":"wp","href":"https:\/\/api.w.org\/{rel}","templated":true}]}}