{"id":235550,"date":"2026-09-02T06:32:28","date_gmt":"2026-09-02T06:32:28","guid":{"rendered":"https:\/\/www.europesays.com\/be-fr\/235550\/"},"modified":"2026-09-02T06:32:28","modified_gmt":"2026-09-02T06:32:28","slug":"audiences-cnews-est-redevenue-hier-large-leader-des-chaines-info-apres-sa-rentree-devant-bfmtv-et-lci-franceinfo-debute-sa-nouvelle-saison-a-1","status":"publish","type":"post","link":"https:\/\/www.europesays.com\/be-fr\/235550\/","title":{"rendered":"Audiences: CNews est redevenue hier large leader des chaines info apr\u00e8s sa rentr\u00e9e devant BFMTV et LCI &#8211; Franceinfo d\u00e9bute sa nouvelle saison \u00e0 1%"},"content":{"rendered":"<p>Hier, pour le premier jour de la semaine, CNews est redevenue large leader des cha\u00eenes info en France. Avec 186.000 t\u00e9l\u00e9spectateurs (3,1% de part de march\u00e9) en moyenne sur la journ\u00e9e, la cha\u00eene est devant ses concurrentes.<\/p>\n<p>Derri\u00e8re, on retrouve BFMTV avec en moyenne 164.000 personnes (2,7%) sur la journ\u00e9e et LCI qui affiche une moyenne de 149.000 t\u00e9l\u00e9spectateurs (2,5%).<\/p>\n<p>Franceinfo lan\u00e7ait hier sa nouvelle saison avec des nouveaux pr\u00e9sentateurs et un tout nouveau plateau qui accueille toutes les \u00e9missions de la cha\u00eene info de France T\u00e9l\u00e9visions. Une rentr\u00e9e qui a \u00e9t\u00e9 suivie, en moyenne, par 58.000 t\u00e9l\u00e9spectateurs et 1%.<\/p>\n<p>        Moyenne sur la journ\u00e9e<br \/>\n        3.1 % de PDA\n        <\/p>\n<p>        186 000<\/p>\n<p>        Moyenne sur la journ\u00e9e<br \/>\n        2.7 % de PDA\n        <\/p>\n<p>        164 000<\/p>\n<p>        Moyenne sur la journ\u00e9e<br \/>\n        2.5 % de PDA\n        <\/p>\n<p>        149 000<\/p>\n<p>        Moyenne sur la journ\u00e9e<br \/>\n        1 % de PDA\n        <\/p>\n<p>        58 000<\/p>\n<p>  Le Top des parts de march\u00e9<\/p>\n","protected":false},"excerpt":{"rendered":"Hier, pour le premier jour de la semaine, CNews est redevenue large leader des cha\u00eenes info en France.&hellip;\n","protected":false},"author":2,"featured_media":235551,"comment_status":"","ping_status":"","sticky":false,"template":"","format":"standard","meta":{"footnotes":"","_share_on_mastodon":"0"},"categories":[99],"tags":[2369,12,13,18,17,7031,120,96,95,21653,14210,112],"class_list":["post-235550","post","type-post","status-publish","format-standard","has-post-thumbnail","category-television","tag-audiences","tag-be","tag-be-fr","tag-belgique","tag-belgium","tag-bfmtv","tag-cnews","tag-divertissement","tag-entertainment","tag-franceinfo","tag-lci","tag-television"],"share_on_mastodon":{"url":"https:\/\/pubeurope.com\/@be_fr\/117200050436796615","error":""},"_links":{"self":[{"href":"https:\/\/www.europesays.com\/be-fr\/wp-json\/wp\/v2\/posts\/235550","targetHints":{"allow":["GET"]}}],"collection":[{"href":"https:\/\/www.europesays.com\/be-fr\/wp-json\/wp\/v2\/posts"}],"about":[{"href":"https:\/\/www.europesays.com\/be-fr\/wp-json\/wp\/v2\/types\/post"}],"author":[{"embeddable":true,"href":"https:\/\/www.europesays.com\/be-fr\/wp-json\/wp\/v2\/users\/2"}],"replies":[{"embeddable":true,"href":"https:\/\/www.europesays.com\/be-fr\/wp-json\/wp\/v2\/comments?post=235550"}],"version-history":[{"count":0,"href":"https:\/\/www.europesays.com\/be-fr\/wp-json\/wp\/v2\/posts\/235550\/revisions"}],"wp:featuredmedia":[{"embeddable":true,"href":"https:\/\/www.europesays.com\/be-fr\/wp-json\/wp\/v2\/media\/235551"}],"wp:attachment":[{"href":"https:\/\/www.europesays.com\/be-fr\/wp-json\/wp\/v2\/media?parent=235550"}],"wp:term":[{"taxonomy":"category","embeddable":true,"href":"https:\/\/www.europesays.com\/be-fr\/wp-json\/wp\/v2\/categories?post=235550"},{"taxonomy":"post_tag","embeddable":true,"href":"https:\/\/www.europesays.com\/be-fr\/wp-json\/wp\/v2\/tags?post=235550"}],"curies":[{"name":"wp","href":"https:\/\/api.w.org\/{rel}","templated":true}]}}