{"id":235560,"date":"2026-09-02T06:38:10","date_gmt":"2026-09-02T06:38:10","guid":{"rendered":"https:\/\/www.europesays.com\/be-fr\/235560\/"},"modified":"2026-09-02T06:38:10","modified_gmt":"2026-09-02T06:38:10","slug":"les-5-meilleurs-ordinateurs-portables-pour-les-etudiants-en-2026","status":"publish","type":"post","link":"https:\/\/www.europesays.com\/be-fr\/235560\/","title":{"rendered":"Les 5 meilleurs ordinateurs portables pour les \u00e9tudiants en 2026"},"content":{"rendered":"<p>    Pensez \u00e0 la puissance de la carte graphique<\/p>\n<p>Lorsqu\u2019il s\u2019agit de graphisme, de montage vid\u00e9o ou de mod\u00e9lisation 3D, la carte graphique devient un \u00e9l\u00e9ment cl\u00e9. Plus la charge de travail est lourde (retouche et export de vid\u00e9os, rendus 3D, animation), plus il vous faudra une puissance de traitement graphique \u00e9lev\u00e9e.\u00a0<\/p>\n<p>Un simple chipset graphique int\u00e9gr\u00e9 ne suffira pas dans ces situations : pr\u00e9f\u00e9rez un ordinateur \u00e9quip\u00e9 d\u2019une carte graphique d\u00e9di\u00e9e (dite \u00ab discr\u00e8te \u00bb). Que vous optiez pour un MacBook ou un mod\u00e8le sous Windows, c\u2019est indispensable pour un travail fluide et rapide sur les logiciels cr\u00e9atifs.<\/p>\n<p>MacBook ou ordinateur Windows ?<\/p>\n<p>Avant de faire votre choix, renseignez-vous sur les programmes que vous utiliserez pendant vos \u00e9tudes : certains outils professionnels sont optimis\u00e9s (ou exclusivement compatibles) pour macOS, d\u2019autres pour Windows.\u00a0<\/p>\n<p>Faites attention \u00e0 la m\u00e9moire RAM<\/p>\n<p>La m\u00e9moire RAM permet \u00e0 l\u2019ordinateur de travailler efficacement lorsque plusieurs programmes ou fichiers sont ouverts.<\/p>\n<p>Sur les MacBook, la m\u00e9moire est partag\u00e9e entre plusieurs composants de l\u2019ordinateur, notamment le processeur (CPU) et le processeur graphique (GPU). Si vous pr\u00e9voyez d\u2019effectuer des t\u00e2ches graphiques importantes, il est donc conseill\u00e9 de choisir au moins 16 Go de RAM, voire davantage pour les projets les plus exigeants.<\/p>\n<p>Soyez prudent avec les ordinateurs Windows \u00e9quip\u00e9s d&rsquo;une puce ARM<\/p>\n<p>Si vous pr\u00e9voyez de faire du graphisme ou du montage intensif, il peut \u00eatre pr\u00e9f\u00e9rable d\u2019attendre avant de choisir un ordinateur Windows \u00e9quip\u00e9 d\u2019une puce ARM (type de processeur), comme certaines puces Qualcomm.<\/p>\n<p>En effet, certains logiciels professionnels ne sont pas encore enti\u00e8rement compatibles avec Windows sur ARM. Dans certains cas, vos programmes pourraient ne pas fonctionner correctement ou \u00eatre moins performants.<\/p>\n<p>Ne n\u00e9gligez pas la qualit\u00e9 de l\u2019\u00e9cran<\/p>\n<p>Pour le graphisme, un bon \u00e9cran est tr\u00e8s important. Choisissez un \u00e9cran capable d\u2019afficher les couleurs de mani\u00e8re fid\u00e8le et pr\u00e9cise, surtout si vous travaillez avec des photos, des illustrations ou des vid\u00e9os.<\/p>\n<p>Pensez au confort d\u2019utilisation<\/p>\n<p>Certains \u00e9l\u00e9ments peuvent rendre votre travail plus agr\u00e9able au quotidien. Par exemple, si vous utilisez souvent des chiffres ou certains raccourcis, un ordinateur \u00e9quip\u00e9 d\u2019un pav\u00e9 num\u00e9rique peut \u00eatre pratique.<\/p>\n<p>Pr\u00e9voyez suffisamment d\u2019espace de stockage<\/p>\n<p>Les fichiers vid\u00e9o, les photos en haute r\u00e9solution et les projets graphiques peuvent rapidement occuper beaucoup d\u2019espace de stockage.<br \/>Vous avez donc deux possibilit\u00e9s :<\/p>\n<p>    Choisir un ordinateur \u00e9quip\u00e9 d\u2019un grand espace de stockage interne ;<br \/>\n    Utiliser un disque dur ou un <a href=\"https:\/\/www.test-achats.be\/hightech\/disques-durs-ssd-externes\/news\/top-10-meilleurs-disques-durs-externes-ssd-de-1-tb\" rel=\"nofollow noopener\" target=\"_blank\">SSD externe<\/a> pour stocker vos fichiers.<\/p>\n<p>Dans ce deuxi\u00e8me cas, v\u00e9rifiez que l\u2019ordinateur poss\u00e8de un port suffisamment rapide pour transf\u00e9rer facilement de gros fichiers. Un port USB-C compatible avec Thunderbolt ou USB4 peut \u00eatre particuli\u00e8rement utile.<\/p>\n<p>Certains ordinateurs, notamment certains mod\u00e8les destin\u00e9s au gaming, permettent \u00e9galement d\u2019ajouter un deuxi\u00e8me SSD interne afin d\u2019augmenter leur capacit\u00e9 de stockage.<\/p>\n<p>Enfin, si vous faites r\u00e9guli\u00e8rement de la photographie, un lecteur de cartes SD peut \u00eatre tr\u00e8s pratique. Il vous permettra de transf\u00e9rer plus facilement les photos de votre appareil vers votre ordinateur.<\/p>\n<p>        <a href=\"#table-of-content\" class=\"block margin--bottom-medium align-right\" data-plugin=\"scrollToTarget\">&#13;<br \/>\n            Vers le haut de la page&#13;<br \/>\n            &#13;<br \/>\n        <\/a><\/p>\n","protected":false},"excerpt":{"rendered":"Pensez \u00e0 la puissance de la carte graphique Lorsqu\u2019il s\u2019agit de graphisme, de montage vid\u00e9o ou de mod\u00e9lisation&hellip;\n","protected":false},"author":2,"featured_media":235561,"comment_status":"","ping_status":"","sticky":false,"template":"","format":"standard","meta":{"footnotes":"","_share_on_mastodon":"0"},"categories":[70],"tags":[1769,6832,12,13,18,17,72847,3113,8152,72845,9452,2911,1104,1111,7133,1893,23895,11552,2614,3441,7793,73,71,75,72,76,74,1288,72846,1403,973],"class_list":["post-235560","post","type-post","status-publish","format-standard","has-post-thumbnail","category-sciences-et-technologies","tag-air","tag-asus","tag-be","tag-be-fr","tag-belgique","tag-belgium","tag-chromebook","tag-dell","tag-etudiant","tag-inspiron","tag-laptop","tag-lenovo","tag-mac","tag-macbook","tag-meilleur","tag-microsoft","tag-neuf","tag-ordinateur","tag-pc","tag-pro","tag-reconditionne","tag-science","tag-science-and-technology","tag-sciences","tag-sciences-et-technologies","tag-technologies","tag-technology","tag-test","tag-vivobook","tag-windows","tag-yoga"],"share_on_mastodon":{"url":"https:\/\/pubeurope.com\/@be_fr\/117200074046262409","error":""},"_links":{"self":[{"href":"https:\/\/www.europesays.com\/be-fr\/wp-json\/wp\/v2\/posts\/235560","targetHints":{"allow":["GET"]}}],"collection":[{"href":"https:\/\/www.europesays.com\/be-fr\/wp-json\/wp\/v2\/posts"}],"about":[{"href":"https:\/\/www.europesays.com\/be-fr\/wp-json\/wp\/v2\/types\/post"}],"author":[{"embeddable":true,"href":"https:\/\/www.europesays.com\/be-fr\/wp-json\/wp\/v2\/users\/2"}],"replies":[{"embeddable":true,"href":"https:\/\/www.europesays.com\/be-fr\/wp-json\/wp\/v2\/comments?post=235560"}],"version-history":[{"count":0,"href":"https:\/\/www.europesays.com\/be-fr\/wp-json\/wp\/v2\/posts\/235560\/revisions"}],"wp:featuredmedia":[{"embeddable":true,"href":"https:\/\/www.europesays.com\/be-fr\/wp-json\/wp\/v2\/media\/235561"}],"wp:attachment":[{"href":"https:\/\/www.europesays.com\/be-fr\/wp-json\/wp\/v2\/media?parent=235560"}],"wp:term":[{"taxonomy":"category","embeddable":true,"href":"https:\/\/www.europesays.com\/be-fr\/wp-json\/wp\/v2\/categories?post=235560"},{"taxonomy":"post_tag","embeddable":true,"href":"https:\/\/www.europesays.com\/be-fr\/wp-json\/wp\/v2\/tags?post=235560"}],"curies":[{"name":"wp","href":"https:\/\/api.w.org\/{rel}","templated":true}]}}