{"id":235570,"date":"2026-09-02T06:45:36","date_gmt":"2026-09-02T06:45:36","guid":{"rendered":"https:\/\/www.europesays.com\/be-fr\/235570\/"},"modified":"2026-09-02T06:45:36","modified_gmt":"2026-09-02T06:45:36","slug":"a-la-derniere-note-je-me-suis-mise-a-trembler-leonie-9-ans-seduit-les-coachs-de-the-voice-kids-le-republicain-lorrain","status":"publish","type":"post","link":"https:\/\/www.europesays.com\/be-fr\/235570\/","title":{"rendered":"\u00ab \u00c0 la derni\u00e8re note, je me suis mise \u00e0 trembler \u00bb : L\u00e9onie, 9 ans, s\u00e9duit les coachs de The Voice Kids &#8211; Le Republicain-Lorrain"},"content":{"rendered":"<p><a href=\"https:\/\/news.google.com\/rss\/articles\/CBMi4gFBVV95cUxNbUFPZVdJMTVTbmVRX2lhN1VNQlI2bmh3R24zNGFZS21nQ3l5RlJKb3NBdDk1TXRXSDl5QVk1Y05Xa0JaUkF3S3dwUF80cWRfMVJVdTZ2SlZkQmhpcXloU0tXMWE3V2pTTDA4VmZqWktfSzZ0d1pkOTRHNlBiZTBfemVDNVpYcW5Zam9CUlhZQ2xkM2xBY3o0XzRiWDFVT1hRSnhUeTh5WE1OVmN2WnpocElLZURkUWxKXzBMY191aHcyM2N0ZUdtS05VaFZGUUM0b2N5cmpWRU5YcmFqS241VWdR?oc=5\" target=\"_blank\" rel=\"nofollow noopener\">\u00ab \u00c0 la derni\u00e8re note, je me suis mise \u00e0 trembler \u00bb : L\u00e9onie, 9 ans, s\u00e9duit les coachs de The Voice Kids<\/a>&nbsp;&nbsp;Le Republicain-Lorrain<a href=\"https:\/\/news.google.com\/rss\/articles\/CBMi2gFBVV95cUxNRVhYU0wxb2hTV1VKVElRVHVVR0JOZl8zMWxiczE5eEI0TkVBSUM1UTFnc0JtdkxSSVJjN2JRZ2JRR1RwU0VjVVl1SlM0YzFPQUxXSWFGaXppY1hMNlZ2bE5yWHRzZFJPbUJycExOcElfaUFQRDFFTDZsUTFoeFp5VnZTSHYtWFpaZFZIOWRLUGFmNkg5aVZiRmE5NkJwU3pKbUFMOS1uajFaY2FkMUV0VmQ2SG1uZXR4NXE5SU5LUHRSWjg4cHdId1VxTHhTWHh6WVdfOEd5X1E1QQ?oc=5\" target=\"_blank\" rel=\"nofollow noopener\">\u00ab J\u2019ai le c\u0153ur qui tremble encore \u00bb : une jeune candidate \u00e9meut les quatre coachs de \u00ab The Voice Kids \u00bb<\/a>&nbsp;&nbsp;lavoixdunord.fr<a href=\"https:\/\/news.google.com\/rss\/articles\/CBMi6AFBVV95cUxNUTVNdkhPNlc0R2VoNWNGRkgzbkdXdWE5ajlfZ3dwVUU1d3VtdVR2SF9YUFhPRHRQdDM0U1ZCZm5JdXM5YTdhTEVURnJDUW1nby1PNnlZREdrSW9tUVNVY0NsaXB4a3Mtc1I3eUtReHYzMmxLdDNxeXBMNV9rNHpZSGx6OHV6d1UwbGdWcldPdW4yOGh1ZU1oMHo2Vk5fSjliZGRQRUpFQWRuUmNRYnFZR2xRNDM4RUREckNxQUtwcWxXaUp1UlUyMmxKV0FnQ2p6cFBVZDBxem5GY1ZzUEltbmRQUkxNLV9q?oc=5\" target=\"_blank\" rel=\"nofollow noopener\">The Voice kids 2026 : la Bellegardaise Lola S&rsquo;ing s\u00e9duit le coach Matt Pokora par son interpr\u00e9tation et continue l&rsquo;aventure<\/a>&nbsp;&nbsp;Midi Libre<a href=\"https:\/\/news.google.com\/rss\/articles\/CBMiqgFBVV95cUxOOXhtTFhjMkpZOG5CUlJfendkUi04eEw3QVFDb0lhNDQ0cjZocmVId3lkWFdJNXZuTldWRTY0dlhNdFlnSjBJaGtybXBVQzdUQUgxc3dYNzlMTFM5TzlmaFlrS3NFWnNoTmpmN2lEUkhvMmZNdUF0dkJIVnN2X2I2bjN5ZzVjRGRCZV9TbmRRSGpNenRsamhBbDR3WU9XZE45V1BTWEk2eFhQdw?oc=5\" target=\"_blank\" rel=\"nofollow noopener\">L\u00e9onie, 9 ans, r\u00e9ussit les auditions \u00e0 l\u2019aveugle de The Voice Kids<\/a>&nbsp;&nbsp;Radio M\u00e9lodie<a href=\"https:\/\/news.google.com\/rss\/articles\/CBMi6gFBVV95cUxQa2N6cUhQTV85bDVsM21aczVzZWpuYjdrUk1Od2EzRlZwS3U1YWJxcXZ6WTB2QXB4QVotWXhRUGhLWDhuQzNmMFdfdXN5UnlZNU5SU24wMTZtTmNobUs5MzBuODRvTXdUUHo4ejJ1M0V1WnI1R2pTVWJ4Z2Z6alBWNDZYYVNvNV9JcklwR1VUQ3RRb0xHY1g3YUJxdXIwTVR1QTBDMDlhYVNRTE5EamZMVEgwWFRVS0tpOVdVMjVPRG15VU5MWnAwWE9qZ2dNOThOVnNVTHhJb2NRMHppSVFRWDhXZ1JueVYyblE?oc=5\" target=\"_blank\" rel=\"nofollow noopener\">[Vid\u00e9os] The Voice Kids : la R\u00e9unionnaise Joy fait se retourner tous les coachs sur \u00ab\u00a0La rivi\u00e8re de notre enfance\u00a0\u00bb de Michel Sardou<\/a>&nbsp;&nbsp;Imaz Press<\/p>\n","protected":false},"excerpt":{"rendered":"\u00ab \u00c0 la derni\u00e8re note, je me suis mise \u00e0 trembler \u00bb : L\u00e9onie, 9 ans, s\u00e9duit les&hellip;\n","protected":false},"author":2,"featured_media":235571,"comment_status":"","ping_status":"","sticky":false,"template":"","format":"standard","meta":{"footnotes":"","_share_on_mastodon":"0"},"categories":[99],"tags":[12,13,18,17,23808,71402,96,23809,95,288,738,476,112,1484],"class_list":["post-235570","post","type-post","status-publish","format-standard","has-post-thumbnail","category-television","tag-be","tag-be-fr","tag-belgique","tag-belgium","tag-cc-du-saulnois-57c","tag-delme","tag-divertissement","tag-edition-sarrebourg-chateau-salins","tag-entertainment","tag-fil-info","tag-selection-abonne","tag-societe","tag-television","tag-television-medias"],"share_on_mastodon":{"url":"https:\/\/pubeurope.com\/@be_fr\/117200101453014893","error":""},"_links":{"self":[{"href":"https:\/\/www.europesays.com\/be-fr\/wp-json\/wp\/v2\/posts\/235570","targetHints":{"allow":["GET"]}}],"collection":[{"href":"https:\/\/www.europesays.com\/be-fr\/wp-json\/wp\/v2\/posts"}],"about":[{"href":"https:\/\/www.europesays.com\/be-fr\/wp-json\/wp\/v2\/types\/post"}],"author":[{"embeddable":true,"href":"https:\/\/www.europesays.com\/be-fr\/wp-json\/wp\/v2\/users\/2"}],"replies":[{"embeddable":true,"href":"https:\/\/www.europesays.com\/be-fr\/wp-json\/wp\/v2\/comments?post=235570"}],"version-history":[{"count":0,"href":"https:\/\/www.europesays.com\/be-fr\/wp-json\/wp\/v2\/posts\/235570\/revisions"}],"wp:featuredmedia":[{"embeddable":true,"href":"https:\/\/www.europesays.com\/be-fr\/wp-json\/wp\/v2\/media\/235571"}],"wp:attachment":[{"href":"https:\/\/www.europesays.com\/be-fr\/wp-json\/wp\/v2\/media?parent=235570"}],"wp:term":[{"taxonomy":"category","embeddable":true,"href":"https:\/\/www.europesays.com\/be-fr\/wp-json\/wp\/v2\/categories?post=235570"},{"taxonomy":"post_tag","embeddable":true,"href":"https:\/\/www.europesays.com\/be-fr\/wp-json\/wp\/v2\/tags?post=235570"}],"curies":[{"name":"wp","href":"https:\/\/api.w.org\/{rel}","templated":true}]}}