{"id":235622,"date":"2026-09-02T07:33:11","date_gmt":"2026-09-02T07:33:11","guid":{"rendered":"https:\/\/www.europesays.com\/be-fr\/235622\/"},"modified":"2026-09-02T07:33:11","modified_gmt":"2026-09-02T07:33:11","slug":"les-prestataires-de-soins-attaquent-la-reforme-de-frank-vandenbroucke-en-justice-cela-fait-un-an-quon-nous-mene-en-bateau","status":"publish","type":"post","link":"https:\/\/www.europesays.com\/be-fr\/235622\/","title":{"rendered":"Les prestataires de soins attaquent la r\u00e9forme de Frank Vandenbroucke en justice\u00a0: \u00ab\u00a0Cela fait un an qu&rsquo;on nous m\u00e8ne en bateau\u00a0!\u00a0\u00bb"},"content":{"rendered":"<p><a href=\"https:\/\/www.lavenir.net\/actu\/belgique\/2026\/06\/16\/malades-de-longue-duree-les-nouvelles-mesures-du-ministre-frank-vandenbroucke-pour-favoriser-le-retour-au-travail-EALDAZLEQJDLJNJEEV4DTM6BCM\/\" target=\"_self\" class=\"ap-StoryInterstitialLink ap-StoryElement ap-StoryElement--mb js-paywall-target\" rel=\"nofollow noopener\">Malades de longue dur\u00e9e : les nouvelles mesures du ministre Frank Vandenbroucke pour favoriser le retour au travail<\/a><\/p>\n<p class=\"ap-StoryElement ap-StoryElement--mb ap-StoryText\">Notre interlocuteur r\u00e9fute \u00e9galement l&rsquo;argument du plafonnement dans le but d&rsquo;am\u00e9liorer l&rsquo;accessibilit\u00e9 des soins. \u00ab\u00a0Il faut rappeler que l&rsquo;accessibilit\u00e9 est satisfaisante aujourd&rsquo;hui. Je pense notamment au statut BIM : actuellement, m\u00eame un praticien d\u00e9conventionn\u00e9 a l&rsquo;obligation d&rsquo;appliquer les tarifs BIM. [\u2026] En revanche, ce qui risque d&rsquo;arriver si le plafonnement devient trop strict, c&rsquo;est de voir le d\u00e9sert m\u00e9dical s&rsquo;accentuer. \u00c0 Arlon, o\u00f9 je travaille, il ne serait pas \u00e9tonnant que de plus en plus de praticiens passent la fronti\u00e8re avec un tel syst\u00e8me.\u00a0\u00bb<\/p>\n<p>Suspension du num\u00e9ro INAMI dans le viseur<\/p>\n<p class=\"ap-StoryElement ap-StoryElement--mb ap-StoryText\">L&rsquo;UBPS conteste \u00e9galement la disposition permettant de suspendre temporairement le num\u00e9ro INAMI en cas de fraude grave. Olivier Otte juge les conditions pr\u00e9vues par la loi \u00ab\u00a0insuffisamment pr\u00e9cises\u00a0\u00bb. Selon lui, le texte ne balise pas assez clairement les situations pouvant conduire \u00e0 une sanction qui emp\u00eacherait un professionnel d&rsquo;exercer.<\/p>\n<p class=\"ap-StoryElement ap-StoryElement--mb ap-StoryText\">Ce volet s&rsquo;inscrit, aux yeux de l&rsquo;UBPS, dans une tendance plus large \u00e0 l&rsquo;alourdissement des contraintes administratives : davantage de justificatifs, de contr\u00f4les et d&rsquo;obligations pour les prestataires. \u00ab\u00a0On est dans une restriction progressive de l&rsquo;autonomie th\u00e9rapeutique, poursuit Olivier Otte. Notre crainte, c&rsquo;est finalement aussi que les d\u00e9cisions m\u00e9dicales soient de plus en plus guid\u00e9es par les contraintes budg\u00e9taires que par la science.\u00a0\u00bb<\/p>\n<p class=\"ap-StoryElement ap-StoryElement--mb ap-StoryText\">L&rsquo;organisation redoute des cons\u00e9quences tr\u00e8s concr\u00e8tes pour les patients : d\u00e9lais d&rsquo;attente plus longs, p\u00e9nurie accrue de soignants, soins plus \u00e9loign\u00e9s et libert\u00e9 de choix r\u00e9duite. \u00ab\u00a0Ce n&rsquo;est donc pas qu&rsquo;une question d&rsquo;honoraires, mais de mod\u00e8le de soins que l&rsquo;on veut pour demain\u00a0\u00bb.<\/p>\n<p><a href=\"https:\/\/www.lavenir.net\/actu\/belgique\/politique\/2026\/05\/20\/reforme-des-mutuelles-il-faut-passer-au-crible-les-depenses-publiques-2WR6B7Z7NFEDXNSWRKZNSEQQEQ\/\" target=\"_self\" class=\"ap-StoryInterstitialLink ap-StoryElement ap-StoryElement--mb\" rel=\"nofollow noopener\">R\u00e9forme des mutuelles: \u00ab\u00a0Il faut passer au crible les d\u00e9penses publiques\u00a0\u00bb<\/a>\u00ab\u00a0On est arriv\u00e9 \u00e0 un stade critique\u00a0\u00bb<\/p>\n<p class=\"ap-StoryElement ap-StoryElement--mb ap-StoryText\">Le recours en justice, qui doit \u00eatre formalis\u00e9 en octobre, est \u00e9galement le reflet d&rsquo;une relation devenue tr\u00e8s tendue avec le ministre de la Sant\u00e9, Frank Vandenbroucke (Vooruit). \u00ab\u00a0La r\u00e9forme a \u00e9t\u00e9 mal embarqu\u00e9e d\u00e8s le d\u00e9part. Il n&rsquo;y a pas eu de concertation. Le ministre a voulu tout passer en bloc, et c&rsquo;est d&rsquo;ailleurs pour cela qu&rsquo;il y a eu des gr\u00e8ves\u00a0\u00bb, estime le pr\u00e9sident de l&rsquo;UBPS. Ce recours pourrait-il casser la loi-cadre ? \u00ab\u00a0C&rsquo;est en tout cas ce que nous esp\u00e9rons !\u00a0\u00bb<\/p>\n<p>guillement<\/p>\n<p class=\"ap-StoryQuote-text\">A un moment donn\u00e9, on doit prendre ses responsabilit\u00e9s et \u00e9couter le terrain<\/p>\n<p class=\"ap-StoryElement ap-StoryElement--mb ap-StoryText\">En d&rsquo;autres termes, la concertation semble aujourd&rsquo;hui difficile \u00e0 renouer. L&rsquo;UBPS affirme avoir r\u00e9cemment sond\u00e9 un millier de soignants, essentiellement des m\u00e9decins et des dentistes. Seuls 4 % souhaiteraient encore privil\u00e9gier la concertation. \u00ab\u00a0Il faut dire que cela fait un an qu&rsquo;on nous m\u00e8ne en bateau. La confiance est rompue. [\u2026] On est arriv\u00e9 \u00e0 un stade critique.\u00a0\u00bb<\/p>\n<p class=\"ap-StoryElement ap-StoryElement--mb ap-StoryText\">Selon cette enqu\u00eate, 76 % des r\u00e9pondants seraient favorables \u00e0 une mobilisation forte ou \u00e0 une gr\u00e8ve nationale. De nouveaux mouvements ne sont donc pas exclus dans les prochaines semaines, notamment en fonction des discussions budg\u00e9taires. \u00ab\u00a0Si on se trouve face \u00e0 une nouvelle accentuation de la pression sur le syst\u00e8me de sant\u00e9, un mouvement pourrait se d\u00e9velopper. \u00c0 un moment donn\u00e9, on doit prendre ses responsabilit\u00e9s et \u00e9couter le terrain\u00a0\u00bb, conclut Olivier Otte.<\/p>\n","protected":false},"excerpt":{"rendered":"Malades de longue dur\u00e9e : les nouvelles mesures du ministre Frank Vandenbroucke pour favoriser le retour au travail&hellip;\n","protected":false},"author":2,"featured_media":235623,"comment_status":"","ping_status":"","sticky":false,"template":"","format":"standard","meta":{"footnotes":"","_share_on_mastodon":"0"},"categories":[2],"tags":[799,12,13,18,17,392],"class_list":["post-235622","post","type-post","status-publish","format-standard","has-post-thumbnail","category-belgique","tag-arlon","tag-be","tag-be-fr","tag-belgique","tag-belgium","tag-frank-vandenbroucke"],"share_on_mastodon":{"url":"https:\/\/pubeurope.com\/@be_fr\/117200289979027302","error":""},"_links":{"self":[{"href":"https:\/\/www.europesays.com\/be-fr\/wp-json\/wp\/v2\/posts\/235622","targetHints":{"allow":["GET"]}}],"collection":[{"href":"https:\/\/www.europesays.com\/be-fr\/wp-json\/wp\/v2\/posts"}],"about":[{"href":"https:\/\/www.europesays.com\/be-fr\/wp-json\/wp\/v2\/types\/post"}],"author":[{"embeddable":true,"href":"https:\/\/www.europesays.com\/be-fr\/wp-json\/wp\/v2\/users\/2"}],"replies":[{"embeddable":true,"href":"https:\/\/www.europesays.com\/be-fr\/wp-json\/wp\/v2\/comments?post=235622"}],"version-history":[{"count":0,"href":"https:\/\/www.europesays.com\/be-fr\/wp-json\/wp\/v2\/posts\/235622\/revisions"}],"wp:featuredmedia":[{"embeddable":true,"href":"https:\/\/www.europesays.com\/be-fr\/wp-json\/wp\/v2\/media\/235623"}],"wp:attachment":[{"href":"https:\/\/www.europesays.com\/be-fr\/wp-json\/wp\/v2\/media?parent=235622"}],"wp:term":[{"taxonomy":"category","embeddable":true,"href":"https:\/\/www.europesays.com\/be-fr\/wp-json\/wp\/v2\/categories?post=235622"},{"taxonomy":"post_tag","embeddable":true,"href":"https:\/\/www.europesays.com\/be-fr\/wp-json\/wp\/v2\/tags?post=235622"}],"curies":[{"name":"wp","href":"https:\/\/api.w.org\/{rel}","templated":true}]}}