{"id":235690,"date":"2026-09-02T08:27:12","date_gmt":"2026-09-02T08:27:12","guid":{"rendered":"https:\/\/www.europesays.com\/be-fr\/235690\/"},"modified":"2026-09-02T08:27:12","modified_gmt":"2026-09-02T08:27:12","slug":"que-sest-il-passe-dans-le-metro-bruxellois-la-circulation-sur-les-lignes-1-et-5-brievement-interrompue","status":"publish","type":"post","link":"https:\/\/www.europesays.com\/be-fr\/235690\/","title":{"rendered":"Que s&rsquo;est-il pass\u00e9 dans le m\u00e9tro bruxellois ? La circulation sur les lignes 1 et 5 bri\u00e8vement interrompue"},"content":{"rendered":"<p class=\"ap-StoryElement ap-StoryElement--mb ap-StoryText\">Les lignes de m\u00e9tro 1 et 5 ont \u00e9t\u00e9 interrompues mercredi matin \u00e0 Bruxelles en raison d&rsquo;une traverse qui se consummait dans un tunnel. La station de m\u00e9tro \u00c9tangs Noirs a \u00e9galement \u00e9t\u00e9 \u00e9vacu\u00e9e, ont indiqu\u00e9 les pompiers de Bruxelles et la Stib. Aucun bless\u00e9 n&rsquo;est \u00e0 d\u00e9plorer. Le trafic a depuis lors repris.<\/p>\n<p class=\"ap-StoryElement ap-StoryElement--mb ap-StoryText\">\u00ab\u00a0Un d\u00e9gagement de fum\u00e9e a \u00e9t\u00e9 provoqu\u00e9 par une traverse qui se consumait dans le tunnel de la station de m\u00e9tro \u00c9tangs Noirs\u00a0\u00bb, a indiqu\u00e9 le porte-parole des pompiers de Bruxelles, Walter Derieuw. \u00ab\u00a0La station a \u00e9t\u00e9 \u00e9vacu\u00e9e et, entre-temps, nos \u00e9quipes ont \u00e9teint la traverse.\u00a0\u00bb<\/p>\n","protected":false},"excerpt":{"rendered":"Les lignes de m\u00e9tro 1 et 5 ont \u00e9t\u00e9 interrompues mercredi matin \u00e0 Bruxelles en raison d&rsquo;une traverse&hellip;\n","protected":false},"author":2,"featured_media":235691,"comment_status":"","ping_status":"","sticky":false,"template":"","format":"standard","meta":{"footnotes":"","_share_on_mastodon":"0"},"categories":[8],"tags":[10,12,13,18,17,19,4438,235,11],"class_list":["post-235690","post","type-post","status-publish","format-standard","has-post-thumbnail","category-actualites","tag-actualites","tag-be","tag-be-fr","tag-belgique","tag-belgium","tag-bxlcap","tag-circulation","tag-mobilite","tag-news"],"share_on_mastodon":{"url":"https:\/\/pubeurope.com\/@be_fr\/117200502283036098","error":""},"_links":{"self":[{"href":"https:\/\/www.europesays.com\/be-fr\/wp-json\/wp\/v2\/posts\/235690","targetHints":{"allow":["GET"]}}],"collection":[{"href":"https:\/\/www.europesays.com\/be-fr\/wp-json\/wp\/v2\/posts"}],"about":[{"href":"https:\/\/www.europesays.com\/be-fr\/wp-json\/wp\/v2\/types\/post"}],"author":[{"embeddable":true,"href":"https:\/\/www.europesays.com\/be-fr\/wp-json\/wp\/v2\/users\/2"}],"replies":[{"embeddable":true,"href":"https:\/\/www.europesays.com\/be-fr\/wp-json\/wp\/v2\/comments?post=235690"}],"version-history":[{"count":0,"href":"https:\/\/www.europesays.com\/be-fr\/wp-json\/wp\/v2\/posts\/235690\/revisions"}],"wp:featuredmedia":[{"embeddable":true,"href":"https:\/\/www.europesays.com\/be-fr\/wp-json\/wp\/v2\/media\/235691"}],"wp:attachment":[{"href":"https:\/\/www.europesays.com\/be-fr\/wp-json\/wp\/v2\/media?parent=235690"}],"wp:term":[{"taxonomy":"category","embeddable":true,"href":"https:\/\/www.europesays.com\/be-fr\/wp-json\/wp\/v2\/categories?post=235690"},{"taxonomy":"post_tag","embeddable":true,"href":"https:\/\/www.europesays.com\/be-fr\/wp-json\/wp\/v2\/tags?post=235690"}],"curies":[{"name":"wp","href":"https:\/\/api.w.org\/{rel}","templated":true}]}}