{"id":235700,"date":"2026-09-02T08:35:21","date_gmt":"2026-09-02T08:35:21","guid":{"rendered":"https:\/\/www.europesays.com\/be-fr\/235700\/"},"modified":"2026-09-02T08:35:21","modified_gmt":"2026-09-02T08:35:21","slug":"us-open-ca-passe-pour-rybakina-et-gauff-monfils-reporte-ses-adieux-zverev-et-cobolli-dans-la-douleur","status":"publish","type":"post","link":"https:\/\/www.europesays.com\/be-fr\/235700\/","title":{"rendered":"US Open: \u00e7a passe pour Rybakina et Gauff, Monfils reporte ses adieux, Zverev et Cobolli dans la douleur"},"content":{"rendered":"<p class=\"ap-StoryElement ap-StoryElement--mb ap-StoryText\">Contrainte \u00e0 l&rsquo;abandon en quarts de finale du r\u00e9cent WTA 1000 de Cincinnati en raison de douleurs au pied gauche, la gagnante du dernier Open d&rsquo;Australie n&rsquo;a gu\u00e8re sembl\u00e9 g\u00ean\u00e9e physiquement contre Frodin, malgr\u00e9 un large pansement remontant jusqu&rsquo;\u00e0 son mollet gauche.<\/p>\n<p class=\"ap-StoryElement ap-StoryElement--mb ap-StoryText\">\u00ab\u00a0J&rsquo;ai d\u00fb faire une assez longue pause, je ne jouais plus et je ne faisais pas grand-chose physiquement. Donc pour moi maintenant, c&rsquo;est un match \u00e0 la fois\u00a0\u00bb, a expliqu\u00e9 Rybakina lors de son interview d&rsquo;apr\u00e8s-match.<\/p>\n<p class=\"ap-StoryElement ap-StoryElement--mb ap-StoryText\">Si elle atteint les demi-finales \u00e0 New York, Rybakina s&rsquo;installera \u00e0 27 ans et pour la premi\u00e8re fois de sa carri\u00e8re au sommet du classement WTA.<\/p>\n<p class=\"ap-StoryElement ap-StoryElement--mb ap-StoryText\">\u00ab\u00a0Je suis clairement motiv\u00e9e, j&rsquo;ai d\u00e9j\u00e0 eu des opportunit\u00e9s et \u00e7a ne s&rsquo;est pas pass\u00e9 comme je voulais. Bien s\u00fbr, ce serait une r\u00e9ussite incroyable, mais c&rsquo;est encore trop loin\u00a0\u00bb, a-t-elle insist\u00e9.<\/p>\n<p class=\"ap-StoryElement ap-StoryElement--mb ap-StoryText\">En cas de d\u00e9faite pr\u00e9matur\u00e9e, trois autres pr\u00e9tendantes peuvent s&rsquo;installer sur le tr\u00f4ne.<\/p>\n<p><a href=\"https:\/\/www.dhnet.be\/sports\/tennis\/2026\/09\/02\/us-open-elise-mertens-accede-au-2e-tour-du-simple-il-fallait-que-je-trouve-mon-rythme-T2FSZ234UBDQBLDIBWWXIFGNDU\/\" target=\"_self\" class=\"ap-StoryInterstitialLink ap-StoryElement ap-StoryElement--mb\" rel=\"nofollow noopener\">US Open &#8211; Elise Mertens acc\u00e8de au 2e tour du simple : \u00ab\u00a0Il fallait que je trouve mon rythme\u00a0\u00bb<\/a>Gauff sereine<\/p>\n<p class=\"ap-StoryElement ap-StoryElement--mb ap-StoryText\">L&rsquo;une d&rsquo;entre elles, Coco Gauff, a dispos\u00e9 mardi de la Turque Zeynep Sonmez (53e) sans frayeur, 6-3, 6-4.<\/p>\n<p class=\"ap-StoryElement ap-StoryElement--mb ap-StoryText\">L&rsquo;Am\u00e9ricaine est arriv\u00e9e \u00e0 l&rsquo;US Open en pleine confiance, forte d&rsquo;un titre \u00e0 Cincinnati et d&rsquo;une demi-finale accroch\u00e9e contre Rybakina \u00e0 Toronto.<\/p>\n<p class=\"ap-StoryElement ap-StoryElement--mb ap-StoryText\">Elle a pris d&rsquo;entr\u00e9e les r\u00eanes de sa rencontre du premier tour, face \u00e0 une Sonmez pourtant volontaire, qui a jou\u00e9 long pour l&#8217;emp\u00eacher d&rsquo;imprimer son rythme, s&rsquo;aventurant aussi r\u00e9guli\u00e8rement au filet pour forcer le point.<\/p>\n<p class=\"ap-StoryElement ap-StoryElement--mb ap-StoryText\">Mais l&rsquo;Am\u00e9ricaine, camp\u00e9e sur sa ligne de fond, a laiss\u00e9 le jeu venir \u00e0 elle, acceptant les longs \u00e9changes et poussant souvent son adversaire \u00e0 la faute.<\/p>\n<p class=\"ap-StoryElement ap-StoryElement--mb ap-StoryText\">\u00ab\u00a0J&rsquo;ai juste essay\u00e9 de ne pas paniquer\u00a0\u00bb, a-t-elle expliqu\u00e9 apr\u00e8s coup. \u00ab\u00a0Et j&rsquo;ai r\u00e9ussi \u00e0 rester pos\u00e9e.\u00a0\u00bb<\/p>\n<p class=\"ap-StoryElement ap-StoryElement--mb ap-StoryText\">Plus t\u00f4t, la tenante de Roland-Garros, Mirra Andreeva (5e), avait \u00e9galement travers\u00e9 son premier tour avec maestria, face \u00e0 l&rsquo;Indon\u00e9sienne Janice Tjen (36e), 6-2, 6-2.<\/p>\n<p class=\"ap-StoryElement ap-StoryElement--mb ap-StoryText\">La Russe a fait parler sa couverture de terrain et encha\u00een\u00e9 les passings avec sang-froid pour contrer une Tjen entreprenante.<\/p>\n<p class=\"ap-StoryElement ap-StoryElement--mb ap-StoryText\">\u00ab\u00a0Pour me mettre en confiance sur le court, j&rsquo;ai juste essay\u00e9 d&rsquo;\u00eatre agressive, de trouver mes coups\u00a0\u00bb, a-t-elle comment\u00e9.<\/p>\n<p><a href=\"https:\/\/www.dhnet.be\/sports\/tennis\/2026\/09\/01\/erreur-de-preparation-confiance-en-berne-jeu-desordonne-et-changements-pour-2027-raphael-collignon-doit-se-reprendre-je-touche-un-peu-le-fond-IYJN6MFAUFGKBFPQ5JCPTAK4PE\/\" target=\"_self\" class=\"ap-StoryInterstitialLink ap-StoryElement ap-StoryElement--mb\" rel=\"nofollow noopener\">Erreur de pr\u00e9paration, confiance en berne, jeu d\u00e9sordonn\u00e9 et changements pour 2027, Rapha\u00ebl Collignon doit se reprendre : \u00ab\u00a0Je touche un peu le fond\u00a0\u00bb<\/a>Cobolli accul\u00e9 mais vainqueur<\/p>\n<p class=\"ap-StoryElement ap-StoryElement--mb ap-StoryText\">Auparavant, chez les hommes, l&rsquo;Italien Flavio Cobolli avait fait durer le plaisir sur le court Louis-Armstrong, couvert par un toit, o\u00f9 il est venu \u00e0 bout de l&rsquo;Argentin Francisco Comesana (119e) en cinq sets et plus de 4h10 de combat.<\/p>\n<p class=\"ap-StoryElement ap-StoryElement--mb ap-StoryText\">Le finaliste de la derni\u00e8re \u00e9dition de Roland-Garros s&rsquo;est impos\u00e9 3-6, 2-6, 6-3, 6-4, 6-4, s&rsquo;agenouillant aussit\u00f4t sur le court les bras lev\u00e9s. Impuissant dans les deux premi\u00e8res manches, l&rsquo;Italien de 24 ans a eu un secret bien \u00e0 lui pour renverser la vapeur.<\/p>\n<p class=\"ap-StoryElement ap-StoryElement--mb ap-StoryText\">\u00ab\u00a0Entre les deux sets, je suis all\u00e9 aux toilettes et j&rsquo;ai chang\u00e9 tous les v\u00eatements avec lesquels j&rsquo;avais commenc\u00e9 le match, ils \u00e9taient peut-\u00eatre maudits. Et \u00e7a a march\u00e9\u00a0\u00bb, a plaisant\u00e9 le Florentin apr\u00e8s le match.<\/p>\n<p class=\"ap-StoryElement ap-StoryElement--mb ap-StoryText\">Revenu \u00e0 2 sets partout, Cobolli a port\u00e9 l&rsquo;estocade en arrachant le service de son adversaire \u00e0 4-4, gr\u00e2ce \u00e0 un coup droit supersonique sur une deuxi\u00e8me balle timide de Comesana, qui a pouss\u00e9 l&rsquo;Argentin \u00e0 la faute.<\/p>\n<p class=\"ap-StoryElement ap-StoryElement--mb ap-StoryText\">Autre r\u00e9sultat notable: la victoire facile de l&rsquo;Am\u00e9ricain Taylor Fritz (10e), qui a surclass\u00e9 son compatriote Darwin Blanch (245e) 6-3, 6-2, 6-4.<\/p>\n<p class=\"ap-StoryElement ap-StoryElement--mb ap-StoryText\">Par ailleurs, les adieux en Grand Chelem de Ga\u00ebl Monfils attendront: le Fran\u00e7ais, qui f\u00eatait mardi ses 40 ans, s&rsquo;est qualifi\u00e9 pour le deuxi\u00e8me tour en battant le Paraguayen Adolfo Daniel Vallejo (60e), de 18 ans son cadet.<\/p>\n<p>Zverev passe le premier tour dans la douleur<\/p>\n<p class=\"ap-StoryElement ap-StoryElement--mb ap-StoryText\">Le N.2 mondial Alexander Zverev a \u00e9t\u00e9 s\u00e9rieusement bouscul\u00e9 au premier tour de l&rsquo;US Open de tennis, mardi. L&rsquo;Allemand a fr\u00f4l\u00e9 la d\u00e9faite contre l&rsquo;Italien Lorenzo Sonego (ATP 89), qui a \u00e9t\u00e9 \u00e0 deux points de remporter la rencontre dans la quatri\u00e8me manche et de renverser le vainqueur de Roland-Garros. Zverev s&rsquo;est finalement impos\u00e9 apr\u00e8s un peu moins de cinq heures de bataille dans le stade Arthur-Ashe: 6-3, 3-6, 6-7 (7\/9), 7-5, 6-4.<\/p>\n<p class=\"ap-StoryElement ap-StoryElement--mb ap-StoryText\">Le Grand Chelem am\u00e9ricain a d\u00e9j\u00e0 expos\u00e9 les limites physiques de nombreux joueurs au bout de la saison tennistique. Le Fran\u00e7ais Arthur Fils (ATP 11\/N.10) tout comme la l\u00e9gende serbe Novak Djokovic (ATP 5) en ont notamment fait les frais et sont sortis d\u00e8s le premier tour. Alexander Zverev a \u00e9chapp\u00e9 \u00e0 une \u00e9limination pr\u00e9coce, mais il devra d\u00e9sormais se ressaisir contre le Fran\u00e7ais Quentin Halys (ATP 52), au deuxi\u00e8me tour.<\/p>\n<p><\/p>\n","protected":false},"excerpt":{"rendered":"Contrainte \u00e0 l&rsquo;abandon en quarts de finale du r\u00e9cent WTA 1000 de Cincinnati en raison de douleurs au&hellip;\n","protected":false},"author":2,"featured_media":235701,"comment_status":"","ping_status":"","sticky":false,"template":"","format":"standard","meta":{"footnotes":"","_share_on_mastodon":"0"},"categories":[81],"tags":[41,72874,29494,12,13,18,17,42757,21268,69775,72873,69776,72870,30230,72871,18629,84,72872,443,72868,72869],"class_list":["post-235700","post","type-post","status-publish","format-standard","has-post-thumbnail","category-sports","tag-41","tag-adolfo-daniel-vallejo","tag-alexander-zverev","tag-be","tag-be-fr","tag-belgique","tag-belgium","tag-cori-gauff","tag-elena-rybakina","tag-flavio-cobolli","tag-francisco-comesana","tag-gael-monfils","tag-janice-tjen","tag-jannik-sinner","tag-louis-armstrong","tag-mirra-andreeva","tag-sports","tag-taylor-fritz","tag-tennis","tag-usopen","tag-zeynep-sonmez"],"share_on_mastodon":{"url":"https:\/\/pubeurope.com\/@be_fr\/117200533825978872","error":""},"_links":{"self":[{"href":"https:\/\/www.europesays.com\/be-fr\/wp-json\/wp\/v2\/posts\/235700","targetHints":{"allow":["GET"]}}],"collection":[{"href":"https:\/\/www.europesays.com\/be-fr\/wp-json\/wp\/v2\/posts"}],"about":[{"href":"https:\/\/www.europesays.com\/be-fr\/wp-json\/wp\/v2\/types\/post"}],"author":[{"embeddable":true,"href":"https:\/\/www.europesays.com\/be-fr\/wp-json\/wp\/v2\/users\/2"}],"replies":[{"embeddable":true,"href":"https:\/\/www.europesays.com\/be-fr\/wp-json\/wp\/v2\/comments?post=235700"}],"version-history":[{"count":0,"href":"https:\/\/www.europesays.com\/be-fr\/wp-json\/wp\/v2\/posts\/235700\/revisions"}],"wp:featuredmedia":[{"embeddable":true,"href":"https:\/\/www.europesays.com\/be-fr\/wp-json\/wp\/v2\/media\/235701"}],"wp:attachment":[{"href":"https:\/\/www.europesays.com\/be-fr\/wp-json\/wp\/v2\/media?parent=235700"}],"wp:term":[{"taxonomy":"category","embeddable":true,"href":"https:\/\/www.europesays.com\/be-fr\/wp-json\/wp\/v2\/categories?post=235700"},{"taxonomy":"post_tag","embeddable":true,"href":"https:\/\/www.europesays.com\/be-fr\/wp-json\/wp\/v2\/tags?post=235700"}],"curies":[{"name":"wp","href":"https:\/\/api.w.org\/{rel}","templated":true}]}}