{"id":235708,"date":"2026-09-02T08:43:17","date_gmt":"2026-09-02T08:43:17","guid":{"rendered":"https:\/\/www.europesays.com\/be-fr\/235708\/"},"modified":"2026-09-02T08:43:17","modified_gmt":"2026-09-02T08:43:17","slug":"netflix-confirme-une-saison-2-pour-lune-de-ses-series-coreennes-les-plus-populaires-mais-une-star-sera-absente","status":"publish","type":"post","link":"https:\/\/www.europesays.com\/be-fr\/235708\/","title":{"rendered":"Netflix confirme une saison 2 pour l\u2019une de ses s\u00e9ries cor\u00e9ennes les plus populaires mais une star sera absente"},"content":{"rendered":"<p>Chaque mois, <a href=\"https:\/\/www.programme-tv.net\/news\/series-tv\/407138-nouveautes-netflix-septembre-2026-le-retour-dune-des-series-les-plus-choquantes\/\" data-api-deeplink=\"teleloisirs:\/\/news\/407138\" rel=\"nofollow noopener\" target=\"_blank\">Netflix propose \u00e0 ses abonn\u00e9s de nouvelles s\u00e9ries in\u00e9dites<\/a> qui ne manquent pas de les divertir. Si certaines sont rapidement renouvel\u00e9es pour des suites, toutes n\u2019ont pas cette chance, notamment les s\u00e9ries cor\u00e9ennes.<\/p>\n<p><a href=\"https:\/\/www.programme-tv.net\/news\/series-tv\/405073-exclu-pourquoi-les-series-coreennes-de-netflix-ont-rarement-droit-a-une-saison-2\/\" data-api-deeplink=\"teleloisirs:\/\/news\/405073\" rel=\"nofollow noopener\" target=\"_blank\">Les fictions venues de Cor\u00e9e du Sud sont rarement renouvel\u00e9es pour des saisons 2<\/a>, une chose sur laquelle le vice-pr\u00e9sident de Netlfix Cor\u00e9e s\u2019\u00e9tait expliqu\u00e9 dans une interview donn\u00e9e \u00e0 T\u00e9l\u00e9-Loisirs.<\/p>\n<p>S\u2019il arrive que certains K-dramas aient des suites (comme Squid Game, La Traque dans le sang ou bien prochainement <a href=\"https:\/\/www.programme-tv.net\/news\/series-tv\/396955-4-ans-apres-sa-sortie-sur-netflix-mais-ou-en-est-la-saison-2-dall-of-us-are-dead\/\" data-api-deeplink=\"teleloisirs:\/\/news\/396955\" rel=\"nofollow noopener\" target=\"_blank\">All of Us Are Dead<\/a>), la plateforme laisse souvent planer le doute. Et cela peut durer longtemps.<\/p>\n<p>The Trauma Code : flou autour du renouvellement pour une saison 2 sur Netflix<\/p>\n<p>Il y a quelques mois, la presse sud-cor\u00e9enne se faisait l\u2019\u00e9cho de rumeurs autour d\u2019une suite de la s\u00e9rie <a href=\"https:\/\/www.programme-tv.net\/news\/series-tv\/369764-the-trauma-code-netflix-cest-quoi-cette-nouvelle-serie-coreenne-aux-airs-de-greys-anatomy\/\" data-api-deeplink=\"teleloisirs:\/\/news\/369764\" rel=\"nofollow noopener\" target=\"_blank\">The Trauma Code<\/a>, fiction m\u00e9dicale qui avait attir\u00e9 les abonn\u00e9s d\u00e9but 2025. Cette s\u00e9rie suivait un chirurgien sp\u00e9cialis\u00e9 en traumatologie qui arrivait dans un h\u00f4pital universitaire et bousculait l\u2019\u00e9quipe m\u00e9dicale avec ses m\u00e9thodes.<\/p>\n<p>\u00c0 l\u2019\u00e9poque, la presse cor\u00e9enne expliquait que Netflix travaillait sur des saisons 2 et 3 de la s\u00e9rie, ce \u00e0 quoi la plateforme avait r\u00e9pondu que des discussions \u00e9taient bien en cours, mais que \u00ab\u00a0rien n\u2019avait \u00e9t\u00e9 confirm\u00e9\u00a0\u00bb.<\/p>\n<p>Fin ao\u00fbt, c\u2019est l\u2019auteur du webtoon ayant inspir\u00e9 la s\u00e9rie qui remettait une pi\u00e8ce dans la machine. Lee Nak-jun confirmait dans une \u00e9mission sur Youtube que The Trauma Code aurait bien une suite et que le tournage devrait d\u00e9buter en octobre.<\/p>\n<p>20 mois apr\u00e8s sa sortie, Netflix confirme la suite de The Trauma Code d\u2019une fa\u00e7on surprenante<\/p>\n<p>Ce mardi 1er septembre, Netflix a enfin confirm\u00e9 la suite de The Trauma Code, mais d\u2019une fa\u00e7on plut\u00f4t surprenante. Car, au lieu de simplement annoncer la commande d\u2019une saison 2, la plateforme a confirm\u00e9 le retour de la s\u00e9rie\u2026 en annon\u00e7ant le d\u00e9part de l\u2019une de ses stars.<\/p>\n<p>Ahn Ha-young, vue en ao\u00fbt dans <a href=\"https:\/\/www.programme-tv.net\/news\/series-tv\/406388-our-sticky-love-netflix-cest-quoi-cette-nouvelle-serie-coreenne-romantique-disponible-en-integralite\/\" data-api-deeplink=\"teleloisirs:\/\/news\/406388\" rel=\"nofollow noopener\" target=\"_blank\">Our Sticky Love<\/a>, qui incarnait Jang-mi, une infirmi\u00e8re qui rejoignait le service de traumatologie, ne sera plus pr\u00e9sente dans la suite. Netflix Cor\u00e9e a annonc\u00e9 ce d\u00e9part &#8211; et le renouvellement de la s\u00e9rie par la m\u00eame occasion &#8211; aupr\u00e8s de plusieurs m\u00e9dias cor\u00e9ens dont The Korea Herald.<\/p>\n<p>    <img decoding=\"async\" src=\"https:\/\/www.europesays.com\/be-fr\/wp-content\/uploads\/2026\/09\/1788338597_629_thumbnail.jpg\" alt=\"\"\/><\/p>\n<p>        \u00a9Han Se-jun\/Netflix<\/p>\n<p>\u00ab\u00a0Par respect pour son choix, Ahn Ha-young n\u2019appara\u00eetra pas dans la suite de The Trauma Code\u00a0\u00bb a fait savoir la plateforme.<\/p>\n<p>                        The Trauma Code : les raisons du d\u00e9part d\u2019Ahn Ha-young<\/p>\n<p>Mais pourquoi l\u2019actrice a-t-elle d\u00e9cid\u00e9 de quitter la fiction ? En ao\u00fbt, celle qui a aussi jou\u00e9 dans Boyfriend on Demand et <a href=\"https:\/\/www.programme-tv.net\/news\/series-tv\/403493-pourquoi-la-serie-coreenne-que-ca-vous-serve-de-lecon-arrivee-aujourdhui-sur-netflix-fait-polemique-depuis-des-annees\/\" data-api-deeplink=\"teleloisirs:\/\/news\/403493\" rel=\"nofollow noopener\" target=\"_blank\">Que \u00e7a vous serve de le\u00e7on<\/a> s\u2019est retrouv\u00e9e au c\u0153ur d\u2019une pol\u00e9mique li\u00e9e \u00e0 sa famille.<\/p>\n<p>Alors qu\u2019elle \u00e9voquait les liens de sa famille avec l\u2019univers m\u00e9dical, l\u2019actrice a notamment r\u00e9v\u00e9l\u00e9 que son arri\u00e8re-grand-p\u00e8re avait \u00e9t\u00e9 form\u00e9 au Japon durant la p\u00e9riode coloniale, \u00e9poque s&rsquo;\u00e9tendant de 1910 \u00e0 1945, lors de laquelle la Cor\u00e9e a \u00e9t\u00e9 annex\u00e9e par le Japon.<\/p>\n<p>Une d\u00e9claration qui a soulev\u00e9 des soup\u00e7ons avant que les internautes ne d\u00e9couvrent que l\u2019anc\u00eatre de l\u2019actrice, le m\u00e9decin Ahn Sang-ho, \u00e9tait li\u00e9 \u00e0 une association pro-japonaise. Une information qui a finalement \u00e9t\u00e9 confirm\u00e9e par l\u2019agence de la star.<\/p>\n<p>Suite aux nombreuses critiques concernant l\u2019\u00e9loge de Ahn Ha-young au sujet de son a\u00efeul, cette derni\u00e8re a pr\u00e9sent\u00e9 des excuses dans un message post\u00e9 sur les r\u00e9seaux sociaux le 12 ao\u00fbt dernier.<\/p>\n<p>\u00ab\u00a0Je ne connaissais la vie de mon arri\u00e8re-grand-p\u00e8re que de mani\u00e8re parcellaire, \u00e0 travers les histoires transmises par ma famille. C&rsquo;est avec honte que j&rsquo;avoue avoir \u00e9voqu\u00e9 l&rsquo;histoire de mon arri\u00e8re-grand-p\u00e8re \u00e0 plusieurs reprises comme une fiert\u00e9 familiale, en toute ignorance\u00a0\u00bb. a-t-elle notamment \u00e9crit.<\/p>\n<p>L&rsquo;actrice a donc d\u00e9cid\u00e9 de se retirer de The Trauma Code suite \u00e0 cette controverse. Alors qu&rsquo;elle tourne actuellement la s\u00e9rie The Long Shot Trial, dont la sortie est pr\u00e9vue en f\u00e9vrier 2027, des internautes ont \u00e9galement critiqu\u00e9 le choix de la cha\u00eene SBS de diffuser la fiction suite \u00e0 cette affaire.<\/p>\n","protected":false},"excerpt":{"rendered":"Chaque mois, Netflix propose \u00e0 ses abonn\u00e9s de nouvelles s\u00e9ries in\u00e9dites qui ne manquent pas de les divertir.&hellip;\n","protected":false},"author":2,"featured_media":235709,"comment_status":"","ping_status":"","sticky":false,"template":"","format":"standard","meta":{"footnotes":"","_share_on_mastodon":"0"},"categories":[99],"tags":[12,13,18,17,118,96,95,560,2573,2572,2438,112,72875],"class_list":["post-235708","post","type-post","status-publish","format-standard","has-post-thumbnail","category-television","tag-be","tag-be-fr","tag-belgique","tag-belgium","tag-commentaire","tag-divertissement","tag-entertainment","tag-netflix","tag-pub-streaming-netflix","tag-su00e9rie-netflix","tag-svod","tag-television","tag-the-trauma-code-appel-u00e0-lhu00e9rou00efsme"],"share_on_mastodon":{"url":"https:\/\/pubeurope.com\/@be_fr\/117200565849387796","error":""},"_links":{"self":[{"href":"https:\/\/www.europesays.com\/be-fr\/wp-json\/wp\/v2\/posts\/235708","targetHints":{"allow":["GET"]}}],"collection":[{"href":"https:\/\/www.europesays.com\/be-fr\/wp-json\/wp\/v2\/posts"}],"about":[{"href":"https:\/\/www.europesays.com\/be-fr\/wp-json\/wp\/v2\/types\/post"}],"author":[{"embeddable":true,"href":"https:\/\/www.europesays.com\/be-fr\/wp-json\/wp\/v2\/users\/2"}],"replies":[{"embeddable":true,"href":"https:\/\/www.europesays.com\/be-fr\/wp-json\/wp\/v2\/comments?post=235708"}],"version-history":[{"count":0,"href":"https:\/\/www.europesays.com\/be-fr\/wp-json\/wp\/v2\/posts\/235708\/revisions"}],"wp:featuredmedia":[{"embeddable":true,"href":"https:\/\/www.europesays.com\/be-fr\/wp-json\/wp\/v2\/media\/235709"}],"wp:attachment":[{"href":"https:\/\/www.europesays.com\/be-fr\/wp-json\/wp\/v2\/media?parent=235708"}],"wp:term":[{"taxonomy":"category","embeddable":true,"href":"https:\/\/www.europesays.com\/be-fr\/wp-json\/wp\/v2\/categories?post=235708"},{"taxonomy":"post_tag","embeddable":true,"href":"https:\/\/www.europesays.com\/be-fr\/wp-json\/wp\/v2\/tags?post=235708"}],"curies":[{"name":"wp","href":"https:\/\/api.w.org\/{rel}","templated":true}]}}