{"id":235740,"date":"2026-09-02T09:07:27","date_gmt":"2026-09-02T09:07:27","guid":{"rendered":"https:\/\/www.europesays.com\/be-fr\/235740\/"},"modified":"2026-09-02T09:07:27","modified_gmt":"2026-09-02T09:07:27","slug":"le-roi-philippe-et-la-reine-mathilde-au-sommet-du-tyrol-avec-les-chefs-detat-des-pays-germanophones","status":"publish","type":"post","link":"https:\/\/www.europesays.com\/be-fr\/235740\/","title":{"rendered":"Le roi Philippe et la reine Mathilde au sommet du Tyrol avec les chefs d&rsquo;\u00c9tat des pays germanophones"},"content":{"rendered":"<p class=\"wp-block-paragraph\">Le roi Philippe et la reine Mathilde de Belgique se sont rendus dans les Alpes autrichiennes pour participer \u00e0 la 22e r\u00e9union informelle des chefs d\u2019\u00c9tat des pays germanophones. Au cours de cette journ\u00e9e dans le Tyrol, les souverains belges ont gravi le glacier Stubai avec les pr\u00e9sidents de Suisse, d\u2019Allemagne et d\u2019Autriche, St\u00e9phanie de Luxembourg et Alois et Sophie de Liechtenstein. <\/p>\n<p class=\"wp-block-paragraph\">Lire aussi : <a href=\"https:\/\/histoiresroyales.fr\/grand-duc-guillaume-rejoint-premiere-fois-groupe-six-chefs-detat-des-pays-germanophones\/\" rel=\"nofollow noopener\" target=\"_blank\">Le grand-duc Guillaume rejoint pour la premi\u00e8re fois le groupe des six chefs d\u2019\u00c9tat des pays germanophones au c\u00f4t\u00e9 du roi Philippe<\/a><\/p>\n<p>Visite au sommet du Tyrol entre chefs d\u2019\u00c9tat des pays germanophones<\/p>\n<p class=\"wp-block-paragraph\">Les 1er et 2 septembre 2026, les chefs d\u2019\u00c9tat des pays germanophones se sont retrouv\u00e9s pour leur traditionnelle r\u00e9union informelle annuelle. Ces retrouvailles, dans un cadre moins protocolaire que lors de visites officielles, permettent d\u2019\u00e9changer de fa\u00e7on informelle sur diverses questions d\u2019actualit\u00e9. Des s\u00e9ances de travail sont organis\u00e9es tout au long de ces deux journ\u00e9es qui servent aussi \u00e0 nouer des liens entre les chefs d\u2019\u00c9tat dont l\u2019allemand est l\u2019une des langues nationales de leur pays. <\/p>\n<p><img fetchpriority=\"high\" decoding=\"async\" width=\"934\" height=\"1400\" src=\"https:\/\/www.europesays.com\/be-fr\/wp-content\/uploads\/2026\/09\/randonnee-stubai-glacier-934x1400.jpg\" alt=\"\" class=\"wp-image-258142 lazyload\" data-  \/>Les chefs d\u2019\u00c9tat des pays germanophones gravissent l\u2019un des sommets les plus hauts du Tyrol du Nord (Photo : Peter Lechner\/HBF\/ Bundespr\u00e4sident)<\/p>\n<p class=\"wp-block-paragraph\">Lire aussi : <a href=\"https:\/\/histoiresroyales.fr\/grand-duc-guillaume-grande-duchesse-stephanie-joyeuse-entree-troisvierges\/\" rel=\"nofollow noopener\" target=\"_blank\">Le grand-duc Guillaume et la grande-duchesse St\u00e9phanie font leur joyeuse entr\u00e9e \u00e0 Troisvierges<\/a><\/p>\n<p class=\"wp-block-paragraph\">Un des six pays organise cette rencontre \u00e0 tour de r\u00f4le depuis 2004, \u00e0 l\u2019exception de 2020. Cette ann\u00e9e, c\u2019est le pr\u00e9sident autrichien Alexander Van der Bellen, 82 ans, qui accueillait ses homologues chez lui, accompagn\u00e9 de son \u00e9pouse, Doris Schmidauer. Le pr\u00e9sident autrichien souhaitait inviter les pr\u00e9sidents et monarques germanophones \u00e0 Innsbruck, afin de leur faire d\u00e9couvrir le Tyrol. Entre deux r\u00e9unions et un d\u00e9jeuner de travail, les chefs d\u2019\u00c9tat ont aussi gravi le glacier de Stubai. <\/p>\n<p><img loading=\"lazy\" decoding=\"async\" width=\"934\" height=\"1400\" src=\"https:\/\/www.europesays.com\/be-fr\/wp-content\/uploads\/2026\/09\/presidents-sommet-tyrol-934x1400.jpg\" alt=\"\" class=\"wp-image-258143 lazyload\" data-  \/>Le pr\u00e9sident de la Conf\u00e9d\u00e9ration suisse, Guy Parmelin, et le pr\u00e9sident de la R\u00e9publique autrichienne, Alexander Van der Bellen, immortalisent la vue au sommet du Stubai (Photo : Peter Lechner\/HBF\/ Bundespr\u00e4sident)<\/p>\n<p><img loading=\"lazy\" decoding=\"async\" width=\"1400\" height=\"934\" src=\"https:\/\/www.europesays.com\/be-fr\/wp-content\/uploads\/2026\/09\/roi-philippe-reine-mathilde-sommet-stubai-alpes-autrichiennes.jpg\" alt=\"\" class=\"wp-image-258144 lazyload\" data-  \/>Le roi Philippe et la reine Mathilde admirent le point de vue, entour\u00e9s du pr\u00e9sident Alexander Van der Bellen et du pr\u00e9sident Frank-Walter Steinmeier (Photo : Peter Lechner\/HBF\/ Bundespr\u00e4sident)<\/p>\n<p class=\"wp-block-paragraph\">Lire aussi : <a href=\"https:\/\/histoiresroyales.fr\/prince-georg-de-liechtenstein-annonce-ses-fiancailles\/\" rel=\"nofollow noopener\" target=\"_blank\">Le prince Georg de Liechtenstein annonce ses fian\u00e7ailles avec la princesse Maria-Nives<\/a><\/p>\n<p class=\"wp-block-paragraph\">Le roi Philippe, 66 ans, repr\u00e9sentait la Belgique avec la reine Mathilde. La Belgique poss\u00e8de trois langues nationales. Le n\u00e9erlandais et le fran\u00e7ais sont les deux langues les plus parl\u00e9es tandis que l\u2019allemand est la langue officielle de la Communaut\u00e9 germanophone, situ\u00e9e \u00e0 l\u2019est du pays et o\u00f9 vivent environ 80 000 personnes. Le grand-duc Guillaume, 45 ans, participait pour la premi\u00e8re fois \u00e0 cette r\u00e9union informelle avec son \u00e9pouse, la grande-duchesse St\u00e9phanie, 42 ans. Le grand-duc Guillaume approche des onze mois de r\u00e8gne, apr\u00e8s l\u2019abdication de son p\u00e8re en octobre 2025, et il rejoignait donc ce club de chefs d\u2019\u00c9tat cette ann\u00e9e. Le troisi\u00e8me repr\u00e9sentant d\u2019une monarchie est le prince h\u00e9r\u00e9ditaire Alois de Liechtenstein, 58 ans, qui assure la r\u00e9gence de la principaut\u00e9 depuis 2004 et agit de facto comme le chef de l\u2019\u00c9tat depuis lors. Le prince h\u00e9r\u00e9ditaire Alois est accompagn\u00e9 de son \u00e9pouse, la princesse h\u00e9r\u00e9ditaire Sophie, 57 ans.<\/p>\n<p><img loading=\"lazy\" decoding=\"async\" width=\"1300\" height=\"867\" src=\"https:\/\/www.europesays.com\/be-fr\/wp-content\/uploads\/2026\/09\/sommets-presidents-monarques-gemanophones-alpes-tyrol-autriche.jpg\" alt=\"\" class=\"wp-image-258145 lazyload\" data-  \/>Le couple pr\u00e9sidentiel allemand et le couple pr\u00e9sidentiel autrichien au sommet du Tyrol ce 1er ao\u00fbt 2026 (Photo : Peter Lechner\/HBF\/ Bundespr\u00e4sident)<\/p>\n<p><img loading=\"lazy\" decoding=\"async\" width=\"1300\" height=\"867\" src=\"https:\/\/www.europesays.com\/be-fr\/wp-content\/uploads\/2026\/09\/sophie-de-liechtenstein-sommet-stubai.jpg\" alt=\"\" class=\"wp-image-258146 lazyload\" data-  \/>La princesse h\u00e9r\u00e9ditaire Sophie de Liechtenstein re\u00e7oit des explications de la guide (Photo : Peter Lechner\/HBF\/ Bundespr\u00e4sident)<\/p>\n<p class=\"wp-block-paragraph\">Lire aussi : <a href=\"https:\/\/histoiresroyales.fr\/premiere-garden-party-fete-nationale-grand-duc-guillaume-grande-duchesse-stephanie\/\" rel=\"nofollow noopener\" target=\"_blank\">La premi\u00e8re garden-party du grand-duc Guillaume et de la grande-duchesse St\u00e9phanie au ch\u00e2teau de Berg<\/a><\/p>\n<p>Philippe et Mathilde de Belgique, Alois et Sophie de Liechtenstein au sommet des Alpes de Stubai avec St\u00e9phanie de Luxembourg<\/p>\n<p class=\"wp-block-paragraph\">Parmi ces chefs d\u2019\u00c9tat, on retrouve trois pr\u00e9sidents. Le pr\u00e9sident allemand Frank-Walter Steinmeier, 70 ans, est accompagn\u00e9 de son \u00e9pouse, Elke B\u00fcdenbender. Il s\u2019agit de sa derni\u00e8re participation au sommet, \u00e9tant sur le point de terminer son deuxi\u00e8me mandat. Le pr\u00e9sident autrichien Alexander Van der Bellen, qui organise la r\u00e9union cette ann\u00e9e, accompagn\u00e9 de son \u00e9pouse, Doris Schmidauer. Enfin, le pr\u00e9sident de la Conf\u00e9d\u00e9ration suisse est Guy Parmelin. Il est accompagn\u00e9 de son \u00e9pouse Caroline Merotto. La pr\u00e9sidence suisse est assur\u00e9e durant un an par un conseiller f\u00e9d\u00e9ral diff\u00e9rent, et la coutume veut que l\u2019on suive un principe d\u2019anciennet\u00e9.<\/p>\n<p><img loading=\"lazy\" decoding=\"async\" width=\"934\" height=\"1400\" src=\"https:\/\/www.europesays.com\/be-fr\/wp-content\/uploads\/2026\/09\/schmidauer-roi-philippe-reine-mathilde-stubai-934x1400.jpg\" alt=\"\" class=\"wp-image-258149 lazyload\" data-  \/>Le prince h\u00e9r\u00e9ditaire Alois et la princesse h\u00e9r\u00e9ditaire Sophie, de dos, avec le couple pr\u00e9sidentiel allemand et le couple pr\u00e9sidentiel autrichien (Photo : Peter Lechner\/HBF\/ Bundespr\u00e4sident)<\/p>\n<p><img loading=\"lazy\" decoding=\"async\" width=\"1400\" height=\"934\" src=\"https:\/\/www.europesays.com\/be-fr\/wp-content\/uploads\/2026\/09\/groupe-presidents-sommet-tyrol-stubai-germanophones.jpg\" alt=\"\" class=\"wp-image-258147 lazyload\" data-  \/>De gauche \u00e0 droite : la grande-duchesse St\u00e9phanie de Luxembourg, la princesse h\u00e9r\u00e9ditaire Sophie de Liechtenstein, Caroline Merotto, Guy Parmelin, Doris Schmidauer, Alexander Van der Bellen, le roi Philippe de Belgique, la reine Mathilde de Belgique, Frank-Walter Steinmeier, Elke B\u00fcdenbender et le prince h\u00e9r\u00e9ditaire Alois de Liechtenstein (Photo : Peter Lechner\/HBF\/ Bundespr\u00e4sident)<\/p>\n<p class=\"wp-block-paragraph\">Lire aussi : <a href=\"https:\/\/histoiresroyales.fr\/prince-hereditaire-alois-recoit-ministres-des-finances-germanophones-liechtenstein\/\" rel=\"nofollow noopener\" target=\"_blank\">Le prince h\u00e9r\u00e9ditaire Alois re\u00e7oit les ministres des Finances des pays germanophones au Liechtenstein<\/a><\/p>\n<p class=\"wp-block-paragraph\">Pour effectuer cette promenade jusqu\u2019au sommet du Stubai, le roi Philippe \u00e9tait \u00e9quip\u00e9 d\u2019une veste Jott et la reine Mathilde avait ressorti sa doudoune qu\u2019elle avait port\u00e9e lors de sa visite dans le d\u00e9sert d\u2019Atacama, au Chili, en juin 2025. Sur les photos de groupe, partag\u00e9es par la pr\u00e9sidence autrichienne, la grande-duchesse St\u00e9phanie appara\u00eet sans son \u00e9poux. Le grand-duc Guillaume semble \u00eatre le seul du groupe \u00e0 avoir fait l\u2019impasse sur la visite. Le point d\u2019observation au sommet du glacier est situ\u00e9 \u00e0 plus de 3 200 m\u00e8tres. Il s\u2019agit du point de vue le plus haut auquel on puisse acc\u00e9der. Le v\u00e9ritable point culminant du Tyrol du Nord est situ\u00e9 \u00e0 quelques kilom\u00e8tres, au sommet du Wildspitze, \u00e0 une altitude de 3 768 m\u00e8tres. <\/p>\n<p><img loading=\"lazy\" decoding=\"async\" width=\"1400\" height=\"934\" src=\"https:\/\/www.europesays.com\/be-fr\/wp-content\/uploads\/2026\/09\/groupe-photos-sommet-tyrol.jpg\" alt=\"\" class=\"wp-image-258148 lazyload\" data-  \/>Photo de groupe avec les accompagnants et les guides (Photo : Peter Lechner\/HBF\/ Bundespr\u00e4sident)<\/p>\n<p>\t\t\t\t<img loading=\"lazy\" alt=\"Avatar photo\" src=\"https:\/\/www.europesays.com\/be-fr\/wp-content\/uploads\/2026\/09\/1788340047_337_cropped-nicolasfontaine-1-164x164.jpg\"  class=\"avatar avatar-164 photo lazyload\" height=\"164\" width=\"164\" decoding=\"async\"\/><br \/>\n\t\t<a href=\"https:\/\/histoiresroyales.fr\/author\/royaliste123\/\" rel=\"nofollow noopener\" target=\"_blank\">Nicolas Fontaine<\/a><br \/>\n\t\t\t\t\tR\u00e9dacteur en chef<\/p>\n<p>Nicolas Fontaine est un journaliste sp\u00e9cialis\u00e9 dans les familles royales et l&rsquo;histoire des monarchies europ\u00e9ennes et mondiales. Nicolas Fontaine a fond\u00e9 Histoires Royales, le premier m\u00e9dia en ligne d\u00e9di\u00e9 \u00e0 l&rsquo;actualit\u00e9 des t\u00eates couronn\u00e9es en 2019.&#13;<br \/>\nnicolas@histoiresroyales.fr<\/p>\n<p>\t\t\t\t\t\t\t<a href=\"https:\/\/twitter.com\/ActusRoyales\" class=\"boxed-icon fill twitter\" target=\"_blank\" rel=\"nofollow noopener\"><\/a><br \/>\n\t\t\t\t\t\t\t\t\t<a href=\"https:\/\/www.instagram.com\/histoiresroyales.fr\/\" class=\"boxed-icon fill instagram\" target=\"_blank\" rel=\"nofollow noopener\"><\/a><\/p>\n<p>\t\t\t\t\t\t\t\t\t\t\t\t\t<script async src=\"https:\/\/platform.twitter.com\/widgets.js\" charset=\"utf-8\"><\/script><script async src=\"\/\/www.instagram.com\/embed.js\"><\/script><\/p>\n","protected":false},"excerpt":{"rendered":"Le roi Philippe et la reine Mathilde de Belgique se sont rendus dans les Alpes autrichiennes pour participer&hellip;\n","protected":false},"author":2,"featured_media":235741,"comment_status":"","ping_status":"","sticky":false,"template":"","format":"standard","meta":{"footnotes":"","_share_on_mastodon":"0"},"categories":[8],"tags":[10,69395,7534,12,13,18,17,72884,3152,1700,11,3153,35712,12319],"class_list":["post-235740","post","type-post","status-publish","format-standard","has-post-thumbnail","category-actualites","tag-actualites","tag-alois-de-liechtenstein","tag-alpes","tag-be","tag-be-fr","tag-belgique","tag-belgium","tag-innsbruck","tag-mathilde-de-belgique","tag-montagne","tag-news","tag-roi-philippe-de-belgique","tag-sophie-de-liechtenstein","tag-stu00e9phanie-de-luxembourg"],"share_on_mastodon":{"url":"https:\/\/pubeurope.com\/@be_fr\/117200660115129429","error":""},"_links":{"self":[{"href":"https:\/\/www.europesays.com\/be-fr\/wp-json\/wp\/v2\/posts\/235740","targetHints":{"allow":["GET"]}}],"collection":[{"href":"https:\/\/www.europesays.com\/be-fr\/wp-json\/wp\/v2\/posts"}],"about":[{"href":"https:\/\/www.europesays.com\/be-fr\/wp-json\/wp\/v2\/types\/post"}],"author":[{"embeddable":true,"href":"https:\/\/www.europesays.com\/be-fr\/wp-json\/wp\/v2\/users\/2"}],"replies":[{"embeddable":true,"href":"https:\/\/www.europesays.com\/be-fr\/wp-json\/wp\/v2\/comments?post=235740"}],"version-history":[{"count":0,"href":"https:\/\/www.europesays.com\/be-fr\/wp-json\/wp\/v2\/posts\/235740\/revisions"}],"wp:featuredmedia":[{"embeddable":true,"href":"https:\/\/www.europesays.com\/be-fr\/wp-json\/wp\/v2\/media\/235741"}],"wp:attachment":[{"href":"https:\/\/www.europesays.com\/be-fr\/wp-json\/wp\/v2\/media?parent=235740"}],"wp:term":[{"taxonomy":"category","embeddable":true,"href":"https:\/\/www.europesays.com\/be-fr\/wp-json\/wp\/v2\/categories?post=235740"},{"taxonomy":"post_tag","embeddable":true,"href":"https:\/\/www.europesays.com\/be-fr\/wp-json\/wp\/v2\/tags?post=235740"}],"curies":[{"name":"wp","href":"https:\/\/api.w.org\/{rel}","templated":true}]}}