{"id":235774,"date":"2026-09-02T09:34:11","date_gmt":"2026-09-02T09:34:11","guid":{"rendered":"https:\/\/www.europesays.com\/be-fr\/235774\/"},"modified":"2026-09-02T09:34:11","modified_gmt":"2026-09-02T09:34:11","slug":"il-voulait-me-payer-pour-passer-une-journee-avec-lui-alors-que-javais-13-ans-loredanna-se-fait-suivre-par-le-meme-inconnu-depuis-plusieurs-annees-a-liege-el","status":"publish","type":"post","link":"https:\/\/www.europesays.com\/be-fr\/235774\/","title":{"rendered":"\u00ab\u00a0Il voulait me payer pour passer une journ\u00e9e avec lui&#8230; alors que j\u2019avais 13 ans\u00a0\u00bb\u00a0: Loredanna se fait suivre par le m\u00eame inconnu depuis plusieurs ann\u00e9es \u00e0 Li\u00e8ge, elle t\u00e9moigne (vid\u00e9o)"},"content":{"rendered":"<p>Elle avait 13 ans lorsque les faits auraient commenc\u00e9. \u00c0 l\u2019\u00e9poque, Loredanna se prom\u00e8ne dans le centre de Li\u00e8ge avec une amie lorsqu\u2019elle remarque un homme qui marche derri\u00e8re elle. Elle dit l\u2019avoir vu acc\u00e9l\u00e9rer pour arriver \u00e0 sa hauteur. Inqui\u00e8te, elle d\u00e9cide de s\u2019arr\u00eater et de lui demander ce qu\u2019il lui veut. \u00ab\u00a0Il m\u2019a dit que j\u2019\u00e9tais tr\u00e8s jolie\u00a0\u00bb, raconte-t-elle. Selon elle, l\u2019homme aurait plus de 50 ans.<\/p>\n<p>  \t\u00ab\u00a0On est conscient que beaucoup de personnes ne portent pas plainte\u00a0\u00bb<\/p>\n<p>Par N.B.<\/p>\n<p>Beno\u00eet Ferri\u00e8re, porte-parole de la police de Li\u00e8ge, rappelle que le ph\u00e9nom\u00e8ne reste difficile \u00e0 quantifier. \u00ab\u00a0On sait que ce sont des faits tr\u00e8s peu signal\u00e9s. S\u2019il y avait davantage de plaintes d\u00e9pos\u00e9es, on aurait une meilleure vision du ph\u00e9nom\u00e8ne\u00a0\u00bb, explique Beno\u00eet Ferri\u00e8re.<\/p>\n<p>En 2025, cinq plaintes pour harc\u00e8lement de rue ont \u00e9t\u00e9 enregistr\u00e9es par la police de Li\u00e8ge. En 2026, trois plaintes ont d\u00e9j\u00e0 \u00e9t\u00e9 d\u00e9pos\u00e9es. Le porte-parole appelle donc les victimes \u00e0 ne pas s\u2019en tenir aux t\u00e9moignages publi\u00e9s sur les r\u00e9seaux sociaux\u00a0: \u00ab\u00a0Si on compte sur les r\u00e9seaux sociaux, il faut le doubler d\u2019un d\u00e9p\u00f4t de plainte.\u00a0\u00bb <\/p>\n","protected":false},"excerpt":{"rendered":"Elle avait 13 ans lorsque les faits auraient commenc\u00e9. \u00c0 l\u2019\u00e9poque, Loredanna se prom\u00e8ne dans le centre de&hellip;\n","protected":false},"author":2,"featured_media":235775,"comment_status":"","ping_status":"","sticky":false,"template":"","format":"standard","meta":{"footnotes":"","_share_on_mastodon":"0"},"categories":[8],"tags":[4568,19442,10,20975,12437,4851,12,13,18,17,1375,62783,12775,26,72892,11727,11,2598,5627,5024,24318,15294,139,8390],"class_list":["post-235774","post","type-post","status-publish","format-standard","has-post-thumbnail","category-actualites","tag-il","tag-javais","tag-actualites","tag-alors","tag-annees","tag-ans","tag-be","tag-be-fr","tag-belgique","tag-belgium","tag-depuis","tag-inconnu","tag-journee","tag-liege","tag-loredanna","tag-meme","tag-news","tag-passer","tag-payer","tag-plusieurs","tag-suivre","tag-temoigne","tag-video","tag-voulait"],"share_on_mastodon":{"url":"https:\/\/pubeurope.com\/@be_fr\/117200765840782477","error":""},"_links":{"self":[{"href":"https:\/\/www.europesays.com\/be-fr\/wp-json\/wp\/v2\/posts\/235774","targetHints":{"allow":["GET"]}}],"collection":[{"href":"https:\/\/www.europesays.com\/be-fr\/wp-json\/wp\/v2\/posts"}],"about":[{"href":"https:\/\/www.europesays.com\/be-fr\/wp-json\/wp\/v2\/types\/post"}],"author":[{"embeddable":true,"href":"https:\/\/www.europesays.com\/be-fr\/wp-json\/wp\/v2\/users\/2"}],"replies":[{"embeddable":true,"href":"https:\/\/www.europesays.com\/be-fr\/wp-json\/wp\/v2\/comments?post=235774"}],"version-history":[{"count":0,"href":"https:\/\/www.europesays.com\/be-fr\/wp-json\/wp\/v2\/posts\/235774\/revisions"}],"wp:featuredmedia":[{"embeddable":true,"href":"https:\/\/www.europesays.com\/be-fr\/wp-json\/wp\/v2\/media\/235775"}],"wp:attachment":[{"href":"https:\/\/www.europesays.com\/be-fr\/wp-json\/wp\/v2\/media?parent=235774"}],"wp:term":[{"taxonomy":"category","embeddable":true,"href":"https:\/\/www.europesays.com\/be-fr\/wp-json\/wp\/v2\/categories?post=235774"},{"taxonomy":"post_tag","embeddable":true,"href":"https:\/\/www.europesays.com\/be-fr\/wp-json\/wp\/v2\/tags?post=235774"}],"curies":[{"name":"wp","href":"https:\/\/api.w.org\/{rel}","templated":true}]}}