{"id":235782,"date":"2026-09-02T09:42:32","date_gmt":"2026-09-02T09:42:32","guid":{"rendered":"https:\/\/www.europesays.com\/be-fr\/235782\/"},"modified":"2026-09-02T09:42:32","modified_gmt":"2026-09-02T09:42:32","slug":"contraint-de-quitter-son-club-de-coeur-un-joueur-espagnol-fond-en-larmes-a-sa-sortie-du-centre-dentrainement-video","status":"publish","type":"post","link":"https:\/\/www.europesays.com\/be-fr\/235782\/","title":{"rendered":"Contraint de quitter son club de c\u0153ur, un joueur espagnol fond en larmes \u00e0 sa sortie du centre d&rsquo;entra\u00eenement (VID\u00c9O)"},"content":{"rendered":"<p><a href=\"https:\/\/www.dhnet.be\/sports\/football\/mercato\/2026\/09\/02\/un-scenario-plus-fou-qua-hollywood-le-recit-de-la-journee-delirante-de-malick-fofana-qui-a-change-le-destin-de-dodi-lukebakio-5MCO3OL43BHSBM2H7UBUTXHYN4\/\" target=\"_self\" class=\"ap-StoryInterstitialLink ap-StoryElement ap-StoryElement--mb\" rel=\"nofollow noopener\">Un sc\u00e9nario plus fou qu&rsquo;\u00e0 Hollywood : le r\u00e9cit de la journ\u00e9e d\u00e9lirante de Malick Fofana\u2026 qui a chang\u00e9 le destin de Dodi Lukebakio<\/a><\/p>\n<p class=\"ap-StoryElement ap-StoryElement--mb ap-StoryText\">\u00c0 sa sortie du centre d&rsquo;entra\u00eenement du Betis, Garcia semblait an\u00e9anti. Apr\u00e8s avoir \u00e9t\u00e9 inform\u00e9 de son d\u00e9part du club, le joueur de 20 ans a vid\u00e9 son casier avant de repartir en voiture. \u00ab\u00a0Nous avons appris son transfert tr\u00e8s tard\u00a0\u00bb, a affirm\u00e9 le p\u00e8re du joueur \u00e0 l&rsquo;\u00e9mission El Partidazo sur la radio Cope, \u00ab\u00a0c&rsquo;est arriv\u00e9 sur la table dans l&rsquo;apr\u00e8s-midi (de mardi, NdlR) et nous avons attendu que tout soit finalis\u00e9, jusqu&rsquo;\u00e0 une heure assez tardive.\u00a0\u00bb<\/p>\n<p class=\"ap-StoryElement ap-StoryElement--mb ap-StoryText\">Les supporters et journalistes qui attendaient devant l&rsquo;entr\u00e9e du centre d&rsquo;entra\u00eenement ont vu un joueur en larmes, incapable de r\u00e9pondre aux questions des journalistes.<\/p>\n<p class=\"ap-StoryElement ap-StoryElement--mb ap-StoryText\">Il faut dire que Pablo Garcia est un v\u00e9ritable enfant du Real Betis. Il y est arriv\u00e9 tr\u00e8s jeune et y a effectu\u00e9 toute sa formation jusqu&rsquo;\u00e0 son ascension vers l&rsquo;\u00e9quipe premi\u00e8re. Malgr\u00e9 tout, la saison derni\u00e8re, il avait d\u00fb se contenter de quelques miettes en Liga et ne semblait pas faire partie des plans du club andalou \u00e0 long terme.<\/p>\n<p class=\"ap-StoryElement ap-StoryElement--mb ap-StoryText\">Cette saison, le Betis disputera la phase de ligue de la C1 et affrontera notamment Arsenal, le Bayern ou encore le Borussia Dortmund.<\/p>\n<p><a href=\"https:\/\/www.dhnet.be\/sports\/football\/division-1a\/2026\/09\/01\/lun-des-transferts-les-plus-fous-du-mercato-liverpool-soffre-un-jeune-gardien-de-genk-lucca-brughmans-MOQQYPSIE5EJNIESDIRBQVHFYI\/\" target=\"_self\" class=\"ap-StoryInterstitialLink ap-StoryElement ap-StoryElement--mb\" rel=\"nofollow noopener\">L&rsquo;un des transferts les plus fous du mercato  en Belgique: Liverpool s&rsquo;offre Lucca Brughmans, le futur Thibaut Courtois<\/a><\/p>\n","protected":false},"excerpt":{"rendered":"Un sc\u00e9nario plus fou qu&rsquo;\u00e0 Hollywood : le r\u00e9cit de la journ\u00e9e d\u00e9lirante de Malick Fofana\u2026 qui a&hellip;\n","protected":false},"author":2,"featured_media":235783,"comment_status":"","ping_status":"","sticky":false,"template":"","format":"standard","meta":{"footnotes":"","_share_on_mastodon":"0"},"categories":[81],"tags":[961,3847,2198,8726,12,13,18,17,13245,9854,3026,3851,14327,5621,64545,3853,962,3855,691,969,1430,901,5266,84,3858,9857,5267,16073,1439],"class_list":["post-235782","post","type-post","status-publish","format-standard","has-post-thumbnail","category-sports","tag-adult","tag-athlete","tag-athletisme","tag-atletiek","tag-be","tag-be-fr","tag-belgique","tag-belgium","tag-challenge","tag-championnats-deurope","tag-clothing","tag-competition","tag-determination","tag-euro","tag-europesekampioenschap","tag-exercising","tag-front-view","tag-lifestyles","tag-motion","tag-one-person","tag-person","tag-player","tag-running","tag-sports","tag-sports-clothing","tag-sprinting","tag-track-and-field-event","tag-vitality","tag-young-adult"],"share_on_mastodon":{"url":"https:\/\/pubeurope.com\/@be_fr\/117200797631748777","error":""},"_links":{"self":[{"href":"https:\/\/www.europesays.com\/be-fr\/wp-json\/wp\/v2\/posts\/235782","targetHints":{"allow":["GET"]}}],"collection":[{"href":"https:\/\/www.europesays.com\/be-fr\/wp-json\/wp\/v2\/posts"}],"about":[{"href":"https:\/\/www.europesays.com\/be-fr\/wp-json\/wp\/v2\/types\/post"}],"author":[{"embeddable":true,"href":"https:\/\/www.europesays.com\/be-fr\/wp-json\/wp\/v2\/users\/2"}],"replies":[{"embeddable":true,"href":"https:\/\/www.europesays.com\/be-fr\/wp-json\/wp\/v2\/comments?post=235782"}],"version-history":[{"count":0,"href":"https:\/\/www.europesays.com\/be-fr\/wp-json\/wp\/v2\/posts\/235782\/revisions"}],"wp:featuredmedia":[{"embeddable":true,"href":"https:\/\/www.europesays.com\/be-fr\/wp-json\/wp\/v2\/media\/235783"}],"wp:attachment":[{"href":"https:\/\/www.europesays.com\/be-fr\/wp-json\/wp\/v2\/media?parent=235782"}],"wp:term":[{"taxonomy":"category","embeddable":true,"href":"https:\/\/www.europesays.com\/be-fr\/wp-json\/wp\/v2\/categories?post=235782"},{"taxonomy":"post_tag","embeddable":true,"href":"https:\/\/www.europesays.com\/be-fr\/wp-json\/wp\/v2\/tags?post=235782"}],"curies":[{"name":"wp","href":"https:\/\/api.w.org\/{rel}","templated":true}]}}