{"id":235808,"date":"2026-09-02T10:00:19","date_gmt":"2026-09-02T10:00:19","guid":{"rendered":"https:\/\/www.europesays.com\/be-fr\/235808\/"},"modified":"2026-09-02T10:00:19","modified_gmt":"2026-09-02T10:00:19","slug":"lessence-navait-plus-ete-aussi-chere-depuis-juillet-2022","status":"publish","type":"post","link":"https:\/\/www.europesays.com\/be-fr\/235808\/","title":{"rendered":"L&rsquo;essence n&rsquo;avait plus \u00e9t\u00e9 aussi ch\u00e8re depuis juillet 2022"},"content":{"rendered":"<p>Le p\u00e9trole continue de grimper<\/p>\n<p class=\"ap-StoryElement ap-StoryElement--mb ap-StoryText\">Les Etats-Unis ont d\u00e9clench\u00e9 des frappes contre l&rsquo;Iran pour la seconde fois en quelques jours, une op\u00e9ration d\u00e9crite par Donald Trump comme \u00e9tant \u00ab\u00a0de grande ampleur et puissante\u00a0\u00bb.<\/p>\n<p class=\"ap-StoryElement ap-StoryElement--mb ap-StoryText\">Le pr\u00e9sident am\u00e9ricain a aussi mis en garde T\u00e9h\u00e9ran contre toute vell\u00e9it\u00e9 de riposte, auquel cas le pays serait \u00ab\u00a0de nouveau frapp\u00e9, bien plus durement et plus fort\u00a0\u00bb.<\/p>\n<p class=\"ap-StoryElement ap-StoryElement--mb ap-StoryText\">Le prix du baril de WTI pour livraison en octobre<a href=\"https:\/\/www.lalibre.be\/economie\/conjoncture\/2026\/09\/01\/guerre-au-moyen-orient-le-petrole-bondit-le-gaz-europeen-au-plus-haut-depuis-2023-apres-les-nouvelles-frappes-5TWUAY6Y5VCFPCDA3ZXW24OZOM\/\" target=\"_self\" rel=\"nofollow noopener\"> a ainsi gagn\u00e9 ce mardi soir 5,20% \u00e0 90,22 dollars, <\/a>repassant le seuil des 90 dollars pour la premi\u00e8re fois depuis fin juillet.<\/p>\n<p class=\"ap-StoryElement ap-StoryElement--mb ap-StoryText\">Son \u00e9quivalent europ\u00e9en, le baril de Brent de la mer du Nord pour livraison en novembre, a lui avanc\u00e9 de 4,60% \u00e0 94,65 dollars, mardi soir.<\/p>\n","protected":false},"excerpt":{"rendered":"Le p\u00e9trole continue de grimper Les Etats-Unis ont d\u00e9clench\u00e9 des frappes contre l&rsquo;Iran pour la seconde fois en&hellip;\n","protected":false},"author":2,"featured_media":235809,"comment_status":"","ping_status":"","sticky":false,"template":"","format":"standard","meta":{"footnotes":"","_share_on_mastodon":"0"},"categories":[8],"tags":[39549,41,10,12,13,18,17,22051,22052,22053,43,48,2235,15648,15649,5621,39550,22056,22057,22058,3291,11,39551,11779,22060,4935,10112,22061,69,11682],"class_list":["post-235808","post","type-post","status-publish","format-standard","has-post-thumbnail","category-actualites","tag-didelebrun-illus","tag-41","tag-actualites","tag-be","tag-be-fr","tag-belgique","tag-belgium","tag-benzine","tag-benzinestation","tag-brandstof","tag-brussels","tag-carburant","tag-didier-lebrun","tag-diesel","tag-essence","tag-euro","tag-ihausse-des-prix","tag-illustraties","tag-illustrations","tag-inflatie","tag-inflation","tag-news","tag-olie-petrole","tag-prijs","tag-prijsverhooging","tag-prix","tag-station-service","tag-tankstation","tag-voiture","tag-wagen"],"share_on_mastodon":{"url":"https:\/\/pubeurope.com\/@be_fr\/117200868273512031","error":""},"_links":{"self":[{"href":"https:\/\/www.europesays.com\/be-fr\/wp-json\/wp\/v2\/posts\/235808","targetHints":{"allow":["GET"]}}],"collection":[{"href":"https:\/\/www.europesays.com\/be-fr\/wp-json\/wp\/v2\/posts"}],"about":[{"href":"https:\/\/www.europesays.com\/be-fr\/wp-json\/wp\/v2\/types\/post"}],"author":[{"embeddable":true,"href":"https:\/\/www.europesays.com\/be-fr\/wp-json\/wp\/v2\/users\/2"}],"replies":[{"embeddable":true,"href":"https:\/\/www.europesays.com\/be-fr\/wp-json\/wp\/v2\/comments?post=235808"}],"version-history":[{"count":0,"href":"https:\/\/www.europesays.com\/be-fr\/wp-json\/wp\/v2\/posts\/235808\/revisions"}],"wp:featuredmedia":[{"embeddable":true,"href":"https:\/\/www.europesays.com\/be-fr\/wp-json\/wp\/v2\/media\/235809"}],"wp:attachment":[{"href":"https:\/\/www.europesays.com\/be-fr\/wp-json\/wp\/v2\/media?parent=235808"}],"wp:term":[{"taxonomy":"category","embeddable":true,"href":"https:\/\/www.europesays.com\/be-fr\/wp-json\/wp\/v2\/categories?post=235808"},{"taxonomy":"post_tag","embeddable":true,"href":"https:\/\/www.europesays.com\/be-fr\/wp-json\/wp\/v2\/tags?post=235808"}],"curies":[{"name":"wp","href":"https:\/\/api.w.org\/{rel}","templated":true}]}}