{"id":235814,"date":"2026-09-02T10:03:13","date_gmt":"2026-09-02T10:03:13","guid":{"rendered":"https:\/\/www.europesays.com\/be-fr\/235814\/"},"modified":"2026-09-02T10:03:13","modified_gmt":"2026-09-02T10:03:13","slug":"prix-dans-les-rayons-sur-tf1-michel-edouard-leclerc-assure-quil-ny-aura-pas-une-grosse-inflation","status":"publish","type":"post","link":"https:\/\/www.europesays.com\/be-fr\/235814\/","title":{"rendered":"Prix dans les rayons : sur TF1, Michel-\u00c9douard Leclerc assure qu&rsquo;il n&rsquo;y aura \u00ab\u00a0pas une grosse inflation\u00a0\u00bb"},"content":{"rendered":"<p>\u00c0 quoi faut-il s&rsquo;attendre dans les rayons des supermarch\u00e9s pour la rentr\u00e9e, apr\u00e8s un \u00e9t\u00e9 2026 particulier ?Invit\u00e9 sur TF1, mercredi 2 septembre, Michel-\u00c9douard Leclerc a estim\u00e9 que l&rsquo;inflation sera pr\u00e9sente sans \u00eatre trop importante.<\/p>\n<p id=\"body-_R_17v7tm_-block-6\" data-module=\"article-paragraph\" class=\"jsx-2921227388 Paragraph\">Canicules \u00e0 r\u00e9p\u00e9tition, <a href=\"https:\/\/www.tf1info.fr\/economie\/agriculture-canicule-secheresse-incendie-voici-le-premier-bilan-des-degats-de-l-ete-2461042.html\" rel=\"nofollow noopener\" target=\"_blank\">s\u00e9cheresse exceptionnelle<\/a> et incendies d&rsquo;ampleur : l&rsquo;\u00e9t\u00e9 2026 a laiss\u00e9 des traces, notamment dans les exploitations agricoles. \u00c0 l&rsquo;heure de la rentr\u00e9e, ces difficult\u00e9s pourraient d\u00e9sormais se faire sentir dans les supermarch\u00e9s.<\/p>\n<p data-module=\"article-paragraph\" class=\"jsx-2921227388 Paragraph\">Interrog\u00e9 sur TF1, mercredi 2 septembre, <a href=\"https:\/\/www.tf1info.fr\/conso\/c-est-enorme-700-000-ventilateurs-et-rafraichisseurs-vendus-pendant-la-canicule-annonce-michel-edouard-leclerc-sur-tf1-2450753.html\" rel=\"nofollow noopener\" target=\"_blank\">Michel-\u00c9douard Leclerc<\/a> a livr\u00e9 son analyse sur l&rsquo;\u00e9volution des prix dans les rayons. S&rsquo;il s&rsquo;attend \u00e0 une hausse, le patron des centres E.Leclerc a aussi voulu rassurer les consommateurs. \u00ab\u00a0Je pense qu\u2019il va y avoir forc\u00e9ment un co\u00fbt\u00a0\u00bb, a-t-il reconnu, tout en estimant que les grandes surfaces peuvent en limiter l&rsquo;impact.<\/p>\n<p data-module=\"article-paragraph\" class=\"jsx-2921227388 Paragraph Paragraph__End\">\u00ab\u00a0Je pense qu&rsquo;il n&rsquo;y aura pas une grosse inflation. Par contre, la question va \u00eatre de la disponibilit\u00e9 des produits\u00a0\u00bb, assure Michel-\u00c9douard Leclerc, dans la s\u00e9quence \u00e0 d\u00e9couvrir en t\u00eate de cet article. Il pr\u00e9cise qu&rsquo;\u00e0 ce stade il y a eu des ruptures mais aucune p\u00e9nurie pour plusieurs produits, comme l&rsquo;eau ou les \u0153ufs.\u00a0<\/p>\n<p><a href=\"https:\/\/www.tf1info.fr\/economie\/tiree-par-les-prix-de-l-energie-l-inflation-repasse-la-barre-des-2-en-france-juillet2026-2456085.html\" rel=\"nofollow noopener\" class=\"jsx-958316424 Link flex\" target=\"_blank\"><img decoding=\"async\" src=\"https:\/\/www.europesays.com\/be-fr\/wp-content\/uploads\/2026\/09\/prix-du-gaz-illus-06056b-0@1x.jpeg\" alt=\"PRIX DU GAZ ILLUS\" loading=\"lazy\" importance=\"low\" fetchpriority=\"low\" class=\"\" copyright=\"iStock\" aria-hidden=\"true\"\/><\/p>\n<p class=\"jsx-4054529586 ReadMoreArticle__Title\">Lire aussi<\/p>\n<p class=\"jsx-4054529586\">Tir\u00e9e par les prix de l&rsquo;\u00e9nergie, l&rsquo;inflation repasse la barre des 2% en France<\/p>\n<p><\/a><\/p>\n<p id=\"body-_R_17v7tm_-block-9\" data-module=\"article-paragraph\" class=\"jsx-2921227388 Paragraph Paragraph__End\">La situation \u00e0 la pompe, elle, est toujours au centre des pr\u00e9occupations. \u00ab\u00a0On ne peut pas faire moins cher. N&rsquo;oubliez pas, on vend 60% de taxes\u00a0\u00bb, rappelle le pr\u00e9sident des centres E.Leclerc.\u00a0<\/p>\n","protected":false},"excerpt":{"rendered":"\u00c0 quoi faut-il s&rsquo;attendre dans les rayons des supermarch\u00e9s pour la rentr\u00e9e, apr\u00e8s un \u00e9t\u00e9 2026 particulier ?Invit\u00e9&hellip;\n","protected":false},"author":2,"featured_media":235815,"comment_status":"","ping_status":"","sticky":false,"template":"","format":"standard","meta":{"footnotes":"","_share_on_mastodon":"0"},"categories":[99],"tags":[141,10,138,12,13,18,17,57870,2353,96,95,151,140,47611,47610,17406,112,380,139,15726,72922],"class_list":["post-235814","post","type-post","status-publish","format-standard","has-post-thumbnail","category-television","tag-actu","tag-actualites","tag-article-video","tag-be","tag-be-fr","tag-belgique","tag-belgium","tag-biens-de-consommation-courante","tag-bonjour-la-matinale-tf1","tag-divertissement","tag-entertainment","tag-france","tag-info","tag-les-prix-des-carburants-et-du-gaz-senvolent","tag-moyen-orient-avec-la-guerre","tag-pouvoir-dachat","tag-television","tag-tf1","tag-video","tag-video-economie","tag-votre-pouvoir-dachat"],"share_on_mastodon":{"url":"https:\/\/pubeurope.com\/@be_fr\/117200880393318997","error":""},"_links":{"self":[{"href":"https:\/\/www.europesays.com\/be-fr\/wp-json\/wp\/v2\/posts\/235814","targetHints":{"allow":["GET"]}}],"collection":[{"href":"https:\/\/www.europesays.com\/be-fr\/wp-json\/wp\/v2\/posts"}],"about":[{"href":"https:\/\/www.europesays.com\/be-fr\/wp-json\/wp\/v2\/types\/post"}],"author":[{"embeddable":true,"href":"https:\/\/www.europesays.com\/be-fr\/wp-json\/wp\/v2\/users\/2"}],"replies":[{"embeddable":true,"href":"https:\/\/www.europesays.com\/be-fr\/wp-json\/wp\/v2\/comments?post=235814"}],"version-history":[{"count":0,"href":"https:\/\/www.europesays.com\/be-fr\/wp-json\/wp\/v2\/posts\/235814\/revisions"}],"wp:featuredmedia":[{"embeddable":true,"href":"https:\/\/www.europesays.com\/be-fr\/wp-json\/wp\/v2\/media\/235815"}],"wp:attachment":[{"href":"https:\/\/www.europesays.com\/be-fr\/wp-json\/wp\/v2\/media?parent=235814"}],"wp:term":[{"taxonomy":"category","embeddable":true,"href":"https:\/\/www.europesays.com\/be-fr\/wp-json\/wp\/v2\/categories?post=235814"},{"taxonomy":"post_tag","embeddable":true,"href":"https:\/\/www.europesays.com\/be-fr\/wp-json\/wp\/v2\/tags?post=235814"}],"curies":[{"name":"wp","href":"https:\/\/api.w.org\/{rel}","templated":true}]}}