{"id":235838,"date":"2026-09-02T10:19:36","date_gmt":"2026-09-02T10:19:36","guid":{"rendered":"https:\/\/www.europesays.com\/be-fr\/235838\/"},"modified":"2026-09-02T10:19:36","modified_gmt":"2026-09-02T10:19:36","slug":"magloire-a-perdu-62-kilos-il-revele-les-secrets-de-sa-metamorphose-jai-frole-les-200-kilos","status":"publish","type":"post","link":"https:\/\/www.europesays.com\/be-fr\/235838\/","title":{"rendered":"Magloire a perdu 62 kilos, il r\u00e9v\u00e8le les secrets de sa m\u00e9tamorphose\u00a0: \u00ab\u00a0J\u2019ai fr\u00f4l\u00e9 les 200 kilos\u00a0!\u00a0\u00bb"},"content":{"rendered":"\n<p>Apr\u00e8s avoir fr\u00f4l\u00e9 les 200 kilos, Magloire affiche aujourd\u2019hui 62 kilos de moins. Dans une interview \u00e0 \u00ab\u00a0Gala\u00a0\u00bb, l\u2019ancien animateur de \u00ab\u00a0Pelle ou r\u00e2teau\u00a0\u00bb explique avoir durablement chang\u00e9 ses habitudes.<\/p>\n<p>\u00ab\u00a0Aujourd\u2019hui, je suis au r\u00e9gime. Je mod\u00e8re ma consommation de nourriture transform\u00e9e, grasse\u2026 et l\u2019alcool fait partie des soir\u00e9es festives, mais je n\u2019en consomme plus au quotidien. J\u2019essaie de dormir quand je ne suis pas victime de mes insomnies habituelles\u00a0\u00bb, a-t-il confi\u00e9. \u00c0 57 ans, l\u2019animateur reste \u00ab\u00a0extr\u00eamement suivi\u00a0\u00bb et reconna\u00eet conserver des s\u00e9quelles de son ancienne ob\u00e9sit\u00e9.<\/p>\n<p>&#13;<br \/>\n&#13;<\/p>\n<p>\u00ab\u00a0Il faut que je me surveille. C\u2019est le prix \u00e0 payer pour rester en forme.\u00a0\u00bb C\u00f4t\u00e9 c\u0153ur aussi, nouveau d\u00e9part\u00a0: apr\u00e8s dix-huit ans de c\u00e9libat, il partage d\u00e9sormais la vie d\u2019\u00ab\u00a0une personne formidable\u00a0\u00bb. On leur souhaite beaucoup de bonheur\u00a0!<\/p>\n<p>\n  <img decoding=\"async\" class=\"r-img\"  typeof=\"foaf:Image\" src=\"https:\/\/www.europesays.com\/be-fr\/wp-content\/uploads\/2026\/09\/99642198.jpeg\" alt=\"Magloire il y a quelques semaines.\"\/>Magloire il y a quelques semaines.\n<\/p>\n<p>\n  <img decoding=\"async\" data-copyright=\"Photo News\" class=\"r-img\"  typeof=\"foaf:Image\" src=\"https:\/\/www.europesays.com\/be-fr\/wp-content\/uploads\/2026\/09\/99642669.jpeg\" alt=\"Magloire en 2020.\"\/>Magloire en 2020. &#8211; Photo News<\/p>\n","protected":false},"excerpt":{"rendered":"Apr\u00e8s avoir fr\u00f4l\u00e9 les 200 kilos, Magloire affiche aujourd\u2019hui 62 kilos de moins. Dans une interview \u00e0 \u00ab\u00a0Gala\u00a0\u00bb,&hellip;\n","protected":false},"author":2,"featured_media":235839,"comment_status":"","ping_status":"","sticky":false,"template":"","format":"standard","meta":{"footnotes":"","_share_on_mastodon":"0"},"categories":[83],"tags":[1877,12,13,18,17,96,95,37767,12497,72936,15643,14601,4374,8043],"class_list":["post-235838","post","type-post","status-publish","format-standard","has-post-thumbnail","category-divertissement","tag-jai","tag-be","tag-be-fr","tag-belgique","tag-belgium","tag-divertissement","tag-entertainment","tag-frole","tag-kilos","tag-magloire","tag-metamorphose","tag-perdu","tag-revele","tag-secrets"],"share_on_mastodon":{"url":"https:\/\/pubeurope.com\/@be_fr\/117200943332225852","error":""},"_links":{"self":[{"href":"https:\/\/www.europesays.com\/be-fr\/wp-json\/wp\/v2\/posts\/235838","targetHints":{"allow":["GET"]}}],"collection":[{"href":"https:\/\/www.europesays.com\/be-fr\/wp-json\/wp\/v2\/posts"}],"about":[{"href":"https:\/\/www.europesays.com\/be-fr\/wp-json\/wp\/v2\/types\/post"}],"author":[{"embeddable":true,"href":"https:\/\/www.europesays.com\/be-fr\/wp-json\/wp\/v2\/users\/2"}],"replies":[{"embeddable":true,"href":"https:\/\/www.europesays.com\/be-fr\/wp-json\/wp\/v2\/comments?post=235838"}],"version-history":[{"count":0,"href":"https:\/\/www.europesays.com\/be-fr\/wp-json\/wp\/v2\/posts\/235838\/revisions"}],"wp:featuredmedia":[{"embeddable":true,"href":"https:\/\/www.europesays.com\/be-fr\/wp-json\/wp\/v2\/media\/235839"}],"wp:attachment":[{"href":"https:\/\/www.europesays.com\/be-fr\/wp-json\/wp\/v2\/media?parent=235838"}],"wp:term":[{"taxonomy":"category","embeddable":true,"href":"https:\/\/www.europesays.com\/be-fr\/wp-json\/wp\/v2\/categories?post=235838"},{"taxonomy":"post_tag","embeddable":true,"href":"https:\/\/www.europesays.com\/be-fr\/wp-json\/wp\/v2\/tags?post=235838"}],"curies":[{"name":"wp","href":"https:\/\/api.w.org\/{rel}","templated":true}]}}