{"id":235850,"date":"2026-09-02T10:27:16","date_gmt":"2026-09-02T10:27:16","guid":{"rendered":"https:\/\/www.europesays.com\/be-fr\/235850\/"},"modified":"2026-09-02T10:27:16","modified_gmt":"2026-09-02T10:27:16","slug":"cest-fini-ca-ne-passe-plus-la-comedienne-et-realisatrice-andrea-bescond-reagit-a-son-tour-a-lannonce-de-patrick-bruel","status":"publish","type":"post","link":"https:\/\/www.europesays.com\/be-fr\/235850\/","title":{"rendered":"\u00ab\u00a0C&rsquo;est fini. \u00c7a ne passe plus\u00a0\u00bb : la com\u00e9dienne et r\u00e9alisatrice Andr\u00e9a Bescond r\u00e9agit \u00e0 son tour \u00e0 l&rsquo;annonce de Patrick Bruel"},"content":{"rendered":"<p class=\"ap-StoryElement ap-StoryElement--mb ap-StoryText\">Figure de la lutte contre les violences sexuelles, Andr\u00e9a Bescond faisait partie des premi\u00e8res personnalit\u00e9s \u00e0 s&rsquo;\u00eatre exprim\u00e9es publiquement apr\u00e8s les plaintes visant le chanteur de 67 ans. Et depuis l&rsquo;annonce de l&rsquo;annulation de sa tourn\u00e9e anniversaire, nombreux sont les m\u00e9dias \u00e0 l&rsquo;avoir contact\u00e9e pour recueillir sa r\u00e9action.<\/p>\n<p class=\"ap-StoryElement ap-StoryElement--mb ap-StoryText\">Il faut dire que la com\u00e9dienne n&rsquo;avait pas m\u00e2ch\u00e9 ses mots lors de sa premi\u00e8re prise de parole. \u00c0 travers une publication sur son compte Instagram, elle avait notamment d\u00e9voil\u00e9 les coulisses d&rsquo;une soir\u00e9e qui se serait d\u00e9roul\u00e9e en 2022. \u00ab\u00a0En 2022, tu t&rsquo;\u00e9tais incrust\u00e9 \u00e0 une soir\u00e9e d&rsquo;un festival f\u00e9ministe dans lequel j&rsquo;\u00e9tais jury, tu avais fait le miskine parce que j&rsquo;avais refus\u00e9 de venir, je t&rsquo;avais boycott\u00e9 et c&rsquo;\u00e9tait parti en contre-soir\u00e9e dans ma chambre d&rsquo;h\u00f4tel\u00a0\u00bb, avait-elle \u00e9crit. Selon elle, si le chanteur \u00e9tait bel et bien rest\u00e9 \u00e0 la f\u00eate, il n&rsquo;aurait ensuite pas manqu\u00e9 de \u00ab\u00a0baver sur elle dans tout Paris\u00a0\u00bb.<\/p>\n","protected":false},"excerpt":{"rendered":"Figure de la lutte contre les violences sexuelles, Andr\u00e9a Bescond faisait partie des premi\u00e8res personnalit\u00e9s \u00e0 s&rsquo;\u00eatre exprim\u00e9es&hellip;\n","protected":false},"author":2,"featured_media":235851,"comment_status":"","ping_status":"","sticky":false,"template":"","format":"standard","meta":{"footnotes":"","_share_on_mastodon":"0"},"categories":[102],"tags":[72941,22646,72515,12,13,18,17,129,128,96,95,17745,58722,3214,109,660],"class_list":["post-235850","post","type-post","status-publish","format-standard","has-post-thumbnail","category-people","tag-alors-regarde","tag-andrea-bescond","tag-annulation-tournee","tag-be","tag-be-fr","tag-belgique","tag-belgium","tag-celebrities","tag-celebrity","tag-divertissement","tag-entertainment","tag-forest-national","tag-karine-viseur","tag-patrick-bruel","tag-people","tag-tournee"],"share_on_mastodon":{"url":"https:\/\/pubeurope.com\/@be_fr\/117200974438924690","error":""},"_links":{"self":[{"href":"https:\/\/www.europesays.com\/be-fr\/wp-json\/wp\/v2\/posts\/235850","targetHints":{"allow":["GET"]}}],"collection":[{"href":"https:\/\/www.europesays.com\/be-fr\/wp-json\/wp\/v2\/posts"}],"about":[{"href":"https:\/\/www.europesays.com\/be-fr\/wp-json\/wp\/v2\/types\/post"}],"author":[{"embeddable":true,"href":"https:\/\/www.europesays.com\/be-fr\/wp-json\/wp\/v2\/users\/2"}],"replies":[{"embeddable":true,"href":"https:\/\/www.europesays.com\/be-fr\/wp-json\/wp\/v2\/comments?post=235850"}],"version-history":[{"count":0,"href":"https:\/\/www.europesays.com\/be-fr\/wp-json\/wp\/v2\/posts\/235850\/revisions"}],"wp:featuredmedia":[{"embeddable":true,"href":"https:\/\/www.europesays.com\/be-fr\/wp-json\/wp\/v2\/media\/235851"}],"wp:attachment":[{"href":"https:\/\/www.europesays.com\/be-fr\/wp-json\/wp\/v2\/media?parent=235850"}],"wp:term":[{"taxonomy":"category","embeddable":true,"href":"https:\/\/www.europesays.com\/be-fr\/wp-json\/wp\/v2\/categories?post=235850"},{"taxonomy":"post_tag","embeddable":true,"href":"https:\/\/www.europesays.com\/be-fr\/wp-json\/wp\/v2\/tags?post=235850"}],"curies":[{"name":"wp","href":"https:\/\/api.w.org\/{rel}","templated":true}]}}