{"id":235870,"date":"2026-09-02T10:46:31","date_gmt":"2026-09-02T10:46:31","guid":{"rendered":"https:\/\/www.europesays.com\/be-fr\/235870\/"},"modified":"2026-09-02T10:46:31","modified_gmt":"2026-09-02T10:46:31","slug":"le-prince-philippos-et-la-princesse-nina-de-grece-accueillent-leur-premier-enfant-ne-grace-a-une-mere-porteuse","status":"publish","type":"post","link":"https:\/\/www.europesays.com\/be-fr\/235870\/","title":{"rendered":"Le prince Philippos et la princesse Nina de Gr\u00e8ce accueillent leur premier enfant n\u00e9 gr\u00e2ce \u00e0 une m\u00e8re porteuse"},"content":{"rendered":"<p class=\"wp-block-paragraph\">Heureuse nouvelle au sein de la famille royale de Gr\u00e8ce. Cinq ans apr\u00e8s leur mariage religieux en pr\u00e9sence du roi Constantin II, le prince Philippos et la princesse Nina de Gr\u00e8ce ont accueilli leur premier enfant, un gar\u00e7on n\u00e9 il y a un mois aux \u00c9tats-Unis, gr\u00e2ce \u00e0 une m\u00e8re porteuse.<\/p>\n<p class=\"wp-block-paragraph\">Lire aussi : <a href=\"https:\/\/histoiresroyales.fr\/reine-anne-marie-de-grece-exauce-reve-80-ans-soeurs\/\" rel=\"nofollow noopener\" target=\"_blank\">La reine Anne-Marie de Gr\u00e8ce exauce son r\u00eave pour ses 80 ans gr\u00e2ce \u00e0 ses s\u0153urs<\/a><\/p>\n<p>Naissance de Kimon de Gr\u00e8ce par GPA aux \u00c9tats-Unis<\/p>\n<p class=\"wp-block-paragraph\">En d\u00e9cembre 2020, le prince Philippos de Gr\u00e8ce et de Danemark, troisi\u00e8me gar\u00e7on et cinqui\u00e8me enfant du roi Constantin II et de la reine Anne-Marie de Gr\u00e8ce, \u00e9pousait civilement Nina Flohr, fille unique et h\u00e9riti\u00e8re du fondateur de la compagnie a\u00e9rienne VistaJet,\u00a0en Suisse. Le 23 octobre 2021, Philippos et Nina se disaient oui devant Dieu, au c\u0153ur d\u2019une c\u00e9r\u00e9monie c\u00e9l\u00e9br\u00e9e en grande pompe par Hi\u00e9ronyme II, archev\u00eaque d\u2019Ath\u00e8nes et de toute la Gr\u00e8ce. \u00e0 la cath\u00e9drale m\u00e9tropolite d\u2019Ath\u00e8nes, en pr\u00e9sence de royaut\u00e9s \u00e9trang\u00e8res. <\/p>\n<p><img fetchpriority=\"high\" decoding=\"async\" width=\"1300\" height=\"867\" src=\"https:\/\/www.europesays.com\/be-fr\/wp-content\/uploads\/2026\/09\/prince-philippos-nina-gpa-fils-kimon.jpg\" alt=\"\" class=\"wp-image-258126 lazyload\" data-  \/>Le prince Philippos et la princesse Nina de Gr\u00e8ce et de Danemark r\u00e9v\u00e8lent \u00eatre parents d\u2019un petit Kimon, n\u00e9 le 27 juillet 2026. Le couple photographi\u00e9 ici en 2022 lorsque Philippos assistait avec son \u00e9pouse au Jubil\u00e9 d\u2019or de sa tante maternelle, la reine Margrethe de Danemark (Photo : Shutterstock\/SIPA)<\/p>\n<p class=\"wp-block-paragraph\">Lire aussi : <a href=\"https:\/\/histoiresroyales.fr\/trois-reines-roi-reunis-palais-de-fredensborg-86-ans-reine-margrethe\/\" rel=\"nofollow noopener\" target=\"_blank\">Trois Reines et un Roi r\u00e9unis au palais de Fredensborg pour les 86 ans de la reine Margrethe<\/a><\/p>\n<p class=\"wp-block-paragraph\">Ce 1er septembre 2026, la Maison royale de Gr\u00e8ce a annonc\u00e9, via son secr\u00e9tariat, la naissance du premier enfant du couple. Le prince Philippos, 40 ans, et la princesse Nina, 39 ans, \u00ab sont ravis d\u2019annoncer la naissance de leur premier enfant, Kimon Thomas Konstantinos \u00bb. L\u2019enfant est n\u00e9 le 27 juillet 2026 aux \u00c9tats-Unis mais sa naissance avait \u00e9t\u00e9 gard\u00e9e secr\u00e8te. \u00ab Nina et Philippos ch\u00e9rissent ces premi\u00e8res pr\u00e9cieuses semaines pass\u00e9es avec Kimon et sont immens\u00e9ment heureux de commencer ce nouveau chapitre familial avec leur fils \u00bb, pr\u00e9cise <a href=\"https:\/\/www.greekroyalfamily.gr\/en\/press-releases\/177-philippos-de-grece-and-his-wife-nina-announce-the-birth-of-their-son-kimon-thomas-konstantinos.html\" target=\"_blank\" rel=\"noreferrer noopener nofollow\">le communiqu\u00e9<\/a>.<\/p>\n<p><img loading=\"lazy\" decoding=\"async\" width=\"933\" height=\"1400\" src=\"https:\/\/www.europesays.com\/be-fr\/wp-content\/uploads\/2026\/09\/philippos-nina-mariage-enfant-gpa-933x1400.jpg\" alt=\"\" class=\"wp-image-258127 lazyload\" data-  \/>Philippos de Gr\u00e8ce et Nina Flohr se sont mari\u00e9s religieusement en octobre 2021 \u00e0 Ath\u00e8nes. Cinq ans plus tard, ils accueillent le premier enfant (Photo : People Picture\/Willi Schneider\/S\/SIPA)<\/p>\n<p class=\"wp-block-paragraph\">Lire aussi : <a href=\"https:\/\/histoiresroyales.fr\/princesse-marie-de-danemark-prince-philippos-de-grece-bapteme-filleule-mafalda\/\" rel=\"nofollow noopener\" target=\"_blank\">La princesse Marie de Danemark et le prince Philippos de Gr\u00e8ce au bapt\u00eame de leur filleule Mafalda<\/a><\/p>\n<p>La reine Anne-Marie devient grand-m\u00e8re pour la dixi\u00e8me fois<\/p>\n<p class=\"wp-block-paragraph\">Kimon est n\u00e9 gr\u00e2ce \u00e0 une m\u00e8re porteuse. \u00ab\u00a0Nina et Philippos expriment leur profonde gratitude \u00e0 la m\u00e8re porteuse et \u00e0 sa famille pour leur soutien tout au long de cette aventure. Ils remercient \u00e9galement l\u2019\u00e9quipe m\u00e9dicale et les professionnels de sant\u00e9 qui les ont accompagn\u00e9s \u00bb, poursuit le communiqu\u00e9. Le pr\u00e9nom Kimon, francis\u00e9 Simon, est le deuxi\u00e8me pr\u00e9nom du prince Odysseas Kimon, un des fils du prince h\u00e9ritier Pavlos, le fr\u00e8re de Philippos. Le deuxi\u00e8me pr\u00e9nom, Thomas, est celui du p\u00e8re de Nina, Thomas Flohr. Le troisi\u00e8me pr\u00e9nom, Konstantinos, est celui du p\u00e8re de Philippos, le roi Constantin II. <\/p>\n<p><img loading=\"lazy\" decoding=\"async\" width=\"1300\" height=\"1123\" src=\"https:\/\/www.europesays.com\/be-fr\/wp-content\/uploads\/2026\/09\/philippos-reine-anne-marie-fils-kimon.jpg\" alt=\"\" class=\"wp-image-258130 lazyload\" data-  \/>Le prince Philippos, ici \u00e0 c\u00f4t\u00e9 de son fr\u00e8re, le prince Nikolaos, et derri\u00e8re leur m\u00e8re, la reine Anne-Marie de Gr\u00e8ce, derni\u00e8re reine des Hell\u00e8nes. La reine est entour\u00e9e de son fils a\u00een\u00e9, le prince h\u00e9ritier Pavlos, et de sa belle-fille, la princesse h\u00e9riti\u00e8re Marie-Chantal (Photo : Michael Varaklas\/AP\/SIPA)<\/p>\n<p class=\"wp-block-paragraph\">Kimon est le premier petit-fils posthume du dernier roi des Hell\u00e8nes. La reine Anne-Marie, veuve du roi Constantin II, est dor\u00e9navant grand-m\u00e8re de 10 petits-enfants. Il s\u2019agit d\u2019un deuxi\u00e8me cas de naissance par m\u00e8re porteuse au sein de la famille. Dans la famille danoise et maternelle de Philippos. Le prince Gustav de Sayn-Wittgenstein-Berleburg, cousin germain du prince Philippos, a aussi eu ses deux enfants gr\u00e2ce \u00e0 la GPA. La princesse Thedora, s\u0153ur de Philippos, est la marraine du premier enfant de Gustav. Tandis que <a href=\"https:\/\/histoiresroyales.fr\/princesse-marie-de-danemark-prince-philippos-de-grece-bapteme-filleule-mafalda\/\" rel=\"nofollow noopener\" target=\"_blank\">le prince Philippos est le parrain de la deuxi\u00e8me enfant<\/a>, la princesse Mafalda, n\u00e9e en 2024.<\/p>\n<p><img loading=\"lazy\" decoding=\"async\" width=\"1400\" height=\"1497\" src=\"https:\/\/www.europesays.com\/be-fr\/wp-content\/uploads\/2026\/09\/arbre-genealogique-philippos-de-grecepsd.jpg\" alt=\"\" class=\"wp-image-258128 lazyload\" data-  \/>Arbre g\u00e9n\u00e9alogique du prince Philippos et son lien avec le roi Frederik X de Danemark (Image : Histoires Royales)<\/p>\n<p class=\"wp-block-paragraph\">Le prince Philippos est le plus jeune fr\u00e8re du prince h\u00e9ritier Pavlos, actuel chef de la famille royale de Gr\u00e8ce depuis le d\u00e9c\u00e8s de leur p\u00e8re, le roi Constantin II, en 2023. Leur m\u00e8re, la reine Anne-Marie, est n\u00e9e princesse de Danemark et est la plus jeune s\u0153ur de l\u2019ancienne reine Margrethe, soit la tante de l\u2019actuel roi Frederik X de Danemark. R\u00e9cemment, le prince h\u00e9ritier Pavlos et d\u2019autres membres de la famille royale, dont Philippos, ont pu r\u00e9cup\u00e9rer leur nationalit\u00e9 grecque. Ils sont dor\u00e9navant inscrits \u00e0 l\u2019\u00e9tat civil sous le patronyme \u00ab\u00a0De Gres \u00bb, soit la version phon\u00e9tique de \u00ab\u00a0de Gr\u00e8ce \u00bb\u00a0en fran\u00e7ais.<\/p>\n<p>\t\t\t\t<img loading=\"lazy\" alt=\"Avatar photo\" src=\"https:\/\/www.europesays.com\/be-fr\/wp-content\/uploads\/2026\/09\/1788345991_191_cropped-nicolasfontaine-1-164x164.jpg\"  class=\"avatar avatar-164 photo lazyload\" height=\"164\" width=\"164\" decoding=\"async\"\/><br \/>\n\t\t<a href=\"https:\/\/histoiresroyales.fr\/author\/royaliste123\/\" rel=\"nofollow noopener\" target=\"_blank\">Nicolas Fontaine<\/a><br \/>\n\t\t\t\t\tR\u00e9dacteur en chef<\/p>\n<p>Nicolas Fontaine est un journaliste sp\u00e9cialis\u00e9 dans les familles royales et l&rsquo;histoire des monarchies europ\u00e9ennes et mondiales. Nicolas Fontaine a fond\u00e9 Histoires Royales, le premier m\u00e9dia en ligne d\u00e9di\u00e9 \u00e0 l&rsquo;actualit\u00e9 des t\u00eates couronn\u00e9es en 2019.&#13;<br \/>\nnicolas@histoiresroyales.fr<\/p>\n<p>\t\t\t\t\t\t\t<a href=\"https:\/\/twitter.com\/ActusRoyales\" class=\"boxed-icon fill twitter\" target=\"_blank\" rel=\"nofollow noopener\"><\/a><br \/>\n\t\t\t\t\t\t\t\t\t<a href=\"https:\/\/www.instagram.com\/histoiresroyales.fr\/\" class=\"boxed-icon fill instagram\" target=\"_blank\" rel=\"nofollow noopener\"><\/a><\/p>\n<p>\t\t\t\t\t\t\t\t\t\t\t\t\t<script async src=\"https:\/\/platform.twitter.com\/widgets.js\" charset=\"utf-8\"><\/script><script async src=\"\/\/www.instagram.com\/embed.js\"><\/script><\/p>\n","protected":false},"excerpt":{"rendered":"Heureuse nouvelle au sein de la famille royale de Gr\u00e8ce. Cinq ans apr\u00e8s leur mariage religieux en pr\u00e9sence&hellip;\n","protected":false},"author":2,"featured_media":235871,"comment_status":"","ping_status":"","sticky":false,"template":"","format":"standard","meta":{"footnotes":"","_share_on_mastodon":"0"},"categories":[83],"tags":[12,13,18,17,96,95,36635,72943,72944,1597,14731,14732],"class_list":["post-235870","post","type-post","status-publish","format-standard","has-post-thumbnail","category-divertissement","tag-be","tag-be-fr","tag-belgique","tag-belgium","tag-divertissement","tag-entertainment","tag-gpa","tag-kimon-de-gru00e8ce","tag-mu00e8re-porteuse","tag-naissance","tag-nina-flohr","tag-philippos-de-gru00e8ce"],"share_on_mastodon":{"url":"https:\/\/pubeurope.com\/@be_fr\/117201049945411583","error":""},"_links":{"self":[{"href":"https:\/\/www.europesays.com\/be-fr\/wp-json\/wp\/v2\/posts\/235870","targetHints":{"allow":["GET"]}}],"collection":[{"href":"https:\/\/www.europesays.com\/be-fr\/wp-json\/wp\/v2\/posts"}],"about":[{"href":"https:\/\/www.europesays.com\/be-fr\/wp-json\/wp\/v2\/types\/post"}],"author":[{"embeddable":true,"href":"https:\/\/www.europesays.com\/be-fr\/wp-json\/wp\/v2\/users\/2"}],"replies":[{"embeddable":true,"href":"https:\/\/www.europesays.com\/be-fr\/wp-json\/wp\/v2\/comments?post=235870"}],"version-history":[{"count":0,"href":"https:\/\/www.europesays.com\/be-fr\/wp-json\/wp\/v2\/posts\/235870\/revisions"}],"wp:featuredmedia":[{"embeddable":true,"href":"https:\/\/www.europesays.com\/be-fr\/wp-json\/wp\/v2\/media\/235871"}],"wp:attachment":[{"href":"https:\/\/www.europesays.com\/be-fr\/wp-json\/wp\/v2\/media?parent=235870"}],"wp:term":[{"taxonomy":"category","embeddable":true,"href":"https:\/\/www.europesays.com\/be-fr\/wp-json\/wp\/v2\/categories?post=235870"},{"taxonomy":"post_tag","embeddable":true,"href":"https:\/\/www.europesays.com\/be-fr\/wp-json\/wp\/v2\/tags?post=235870"}],"curies":[{"name":"wp","href":"https:\/\/api.w.org\/{rel}","templated":true}]}}