{"id":235874,"date":"2026-09-02T10:48:10","date_gmt":"2026-09-02T10:48:10","guid":{"rendered":"https:\/\/www.europesays.com\/be-fr\/235874\/"},"modified":"2026-09-02T10:48:10","modified_gmt":"2026-09-02T10:48:10","slug":"coup-de-fil-en-pleine-visite-medicale-joueur-qui-refuse-de-signer-comment-monaco-a-tout-perdu-lors-de-cette-derniere-journee-du-mercato","status":"publish","type":"post","link":"https:\/\/www.europesays.com\/be-fr\/235874\/","title":{"rendered":"Coup de fil en pleine visite m\u00e9dicale, joueur qui refuse de signer: comment Monaco a tout perdu lors de cette derni\u00e8re journ\u00e9e du mercato"},"content":{"rendered":"<p class=\"ap-StoryElement ap-StoryElement--mb ap-StoryText\">Dans cette optique, l&rsquo;attaquant Folarin Balogun \u2013 bien connu chez nous apr\u00e8s l&rsquo;annulation de sa carte rouge au Mondial \u2013 et le milieu Lamine Camara (qui a \u00e9galement affront\u00e9 les Diables avec le S\u00e9n\u00e9gal) constituaient les deux principales valeurs marchandes du noyau mon\u00e9gasque qui s&rsquo;\u00e9tait d\u00e9j\u00e0 d\u00e9lest\u00e9 de Maghnes Akliouche (50 millions \u20ac au PSG), Aladji Bamba (35,5 millions \u20ac \u00e0 Newcastle) ou Caio Henrique (10,5 millions \u20ac \u00e0 l&rsquo;Ajax).<\/p>\n<p>Balogun rate ses tests m\u00e9dicaux<\/p>\n<p class=\"ap-StoryElement ap-StoryElement--mb ap-StoryText\">\u00c0 la recherche de renfort offensif, les Anglais d&rsquo;Everton sont entr\u00e9s en contact avec la direction de Monaco pour Balogun dans les derni\u00e8res heures du mercato. Un accord est rapidement trouv\u00e9 entre les deux clubs autour d&rsquo;un montant de 50 millions \u20ac bonus compris.<\/p>\n<p class=\"ap-StoryElement ap-StoryElement--mb ap-StoryText\">Dans le m\u00eame temps, Chelsea toquait \u00e0 la porte de la direction mon\u00e9gasque pour Lamine Camara, consid\u00e9r\u00e9 comme le rempla\u00e7ant id\u00e9al d&rsquo;Enzo Fernandez sur le d\u00e9part vers Manchester City. Cependant, Monaco, qui \u00e9tait sur le point de vendre Balogun, n&rsquo;a pas voulu entrer en n\u00e9gociations avec les Blues, le club estimant qu&rsquo;il ne pouvait pas se permettre de se s\u00e9parer de ses deux cadres. Ainsi, les Mon\u00e9gasques pr\u00e9f\u00e9raient voir partir l&rsquo;international am\u00e9ricain plut\u00f4t que Camara, dont la valeur pouvait encore largement augmenter cette saison.<\/p>\n<p><a href=\"https:\/\/www.dhnet.be\/sports\/football\/mercato\/2026\/09\/02\/un-scenario-plus-fou-qua-hollywood-le-recit-de-la-journee-delirante-de-malick-fofana-qui-a-change-le-destin-de-dodi-lukebakio-5MCO3OL43BHSBM2H7UBUTXHYN4\/\" target=\"_self\" class=\"ap-StoryInterstitialLink ap-StoryElement ap-StoryElement--mb\" rel=\"nofollow noopener\">Un sc\u00e9nario plus fou qu&rsquo;\u00e0 Hollywood : le r\u00e9cit de la journ\u00e9e d\u00e9lirante de Malick Fofana\u2026 qui a chang\u00e9 le destin de Dodi Lukebakio<\/a><\/p>\n<p class=\"ap-StoryElement ap-StoryElement--mb ap-StoryText\">Mais un premier retournement de situation obligeait le club du rocher \u00e0 changer ses plans. Alors que tout semblait ficel\u00e9, Folarin Balogun ne r\u00e9ussissait pas sa visite m\u00e9dicale \u00e0 Everton. Le transfert \u00e9tait donc logiquement annul\u00e9 en derni\u00e8re minute.<\/p>\n<p>Un coup de t\u00e9l\u00e9phone en pleine visite m\u00e9dicale<\/p>\n<p class=\"ap-StoryElement ap-StoryElement--mb ap-StoryText\">Monaco, toujours oblig\u00e9 de vendre, rappelait donc Chelsea pour n\u00e9gocier le transfert de Camara. Un accord \u00e9tait rapidement trouv\u00e9 entre les clubs autour de 55 millions \u20ac et le joueur \u00e9tait rappel\u00e9 vers 22h pour effectuer sa visite m\u00e9dicale.<\/p>\n<p class=\"ap-StoryElement ap-StoryElement--mb ap-StoryText\">Mais un nouveau rebondissement a de nouveau tout chang\u00e9 dans cette saga. Alors que Camara effectuait sa visite m\u00e9dicale \u00e0 Chelsea, Everton rappelait Monaco et revenait \u00e0 la charge dans le dossier Balogun. Ne trouvant pas d&rsquo;alternative \u00e0 l&rsquo;attaquant am\u00e9ricain, les Toffees \u00e9taient finalement pr\u00eats \u00e0 r\u00e9aliser le transfert. Un nouvel accord \u00e9tait trouv\u00e9 autour d&rsquo;un montant r\u00e9duit (entre 40 et 45 millions \u20ac) mais avec des bonus revus \u00e0 la hausse.<\/p>\n<p><a href=\"https:\/\/www.dhnet.be\/sports\/football\/division-1a\/fc-bruges\/2026\/09\/02\/bruges-aurait-pu-atteindre-plus-de-100-millions-de-ventes-pourquoi-le-transfert-de-joel-ordonez-pour-30-millions-deuros-a-capote-4N5U7MALZZHA7OFREK4EWKGVDU\/\" target=\"_self\" class=\"ap-StoryInterstitialLink ap-StoryElement ap-StoryElement--mb\" rel=\"nofollow noopener\">Bruges aurait pu atteindre plus de 100 millions de ventes: pourquoi le transfert de Joel Ordo\u00f1ez pour 30 millions d&rsquo;euros a capot\u00e9<\/a><\/p>\n<p class=\"ap-StoryElement ap-StoryElement--mb ap-StoryText\">Privil\u00e9giant le d\u00e9part de Balogun \u00e0 Everton, la direction de Monaco annulait donc le transfert de Camara au tout dernier moment. Une volte-face qui a provoqu\u00e9 la col\u00e8re des Londoniens. Les Blues ont jug\u00e9 l&rsquo;attitude de la direction mon\u00e9gasque \u00ab\u00a0non-professionnelle\u00a0\u00bb selon Sky Sports. Quelques minutes plus tard, le transfert d&rsquo;Enzo Fernandez vers Manchester City contre 145 millions \u20ac \u00e9tait officialis\u00e9, laissant Chelsea sans possibilit\u00e9 de le remplacer.<\/p>\n<p>Balogun refuse de signer<\/p>\n<p class=\"ap-StoryElement ap-StoryElement--mb ap-StoryText\">Les Mon\u00e9gasques pensaient avoir eu ce qu&rsquo;ils voulaient : vendre Balogun et conserver Camara une saison suppl\u00e9mentaire. Sauf que \u2013 \u00e9ni\u00e8me coup de th\u00e9\u00e2tre dans cette folle saga \u2013 l&rsquo;attaquant refusait au tout dernier moment de signer avec Everton, apr\u00e8s des n\u00e9gociations infructueuses avec les Toffees. L&rsquo;Am\u00e9ricain est donc revenu dans la Principaut\u00e9 et ne jouera pas en Premier League.<\/p>\n<p><a href=\"https:\/\/www.dhnet.be\/sports\/football\/mercato\/2026\/09\/02\/nicolas-raskin-wout-faes-mandela-keita-ou-a-thur-vermeeren-les-grands-perdants-de-la-derniere-journee-du-mercato-DS6SOLUBYJHG5JQ4AZS5NKBWIQ\/\" target=\"_self\" class=\"ap-StoryInterstitialLink ap-StoryElement ap-StoryElement--mb\" rel=\"nofollow noopener\">Nicolas Raskin, Wout Faes, Mandela Keita ou Arthur Vermeeren : les grands perdants de la derni\u00e8re journ\u00e9e du mercato<\/a><\/p>\n<p class=\"ap-StoryElement ap-StoryElement--mb ap-StoryText\">Dans cette affaire, trois clubs ont donc (beaucoup) perdu. Everton qui devra donc attendre le mois de janvier avant de trouver un nouvel attaquant. Chelsea qui n&rsquo;a pas r\u00e9ussi \u00e0 trouver de rempla\u00e7ant \u00e0 Enzo Fernandez dans le milieu. Et enfin Monaco qui devait absolument vendre avant la fermeture du march\u00e9 des transferts. Il reste n\u00e9anmoins un (mince) espoir de voir l&rsquo;un des deux joueurs quitter le Rocher dans les prochains jours puisque le mercato est toujours ouvert en Turquie (jusqu&rsquo;\u00e0 vendredi) et en Arabie saoudite (jusqu&rsquo;\u00e0 dimanche).<\/p>\n","protected":false},"excerpt":{"rendered":"Dans cette optique, l&rsquo;attaquant Folarin Balogun \u2013 bien connu chez nous apr\u00e8s l&rsquo;annulation de sa carte rouge au&hellip;\n","protected":false},"author":2,"featured_media":235875,"comment_status":"","ping_status":"","sticky":false,"template":"","format":"standard","meta":{"footnotes":"","_share_on_mastodon":"0"},"categories":[81],"tags":[12,13,18,17,38877,365,39463,753,103,53583,38457,906,48664,369,84],"class_list":["post-235874","post","type-post","status-publish","format-standard","has-post-thumbnail","category-sports","tag-be","tag-be-fr","tag-belgique","tag-belgium","tag-city-of-los-angeles","tag-color-image","tag-fifa-world-cup","tag-gettyimagerank2","tag-horizontal","tag-inglewood","tag-international-team-soccer","tag-soccer","tag-sofi-stadium","tag-sport","tag-sports"],"share_on_mastodon":{"url":"https:\/\/pubeurope.com\/@be_fr\/117201057109003178","error":""},"_links":{"self":[{"href":"https:\/\/www.europesays.com\/be-fr\/wp-json\/wp\/v2\/posts\/235874","targetHints":{"allow":["GET"]}}],"collection":[{"href":"https:\/\/www.europesays.com\/be-fr\/wp-json\/wp\/v2\/posts"}],"about":[{"href":"https:\/\/www.europesays.com\/be-fr\/wp-json\/wp\/v2\/types\/post"}],"author":[{"embeddable":true,"href":"https:\/\/www.europesays.com\/be-fr\/wp-json\/wp\/v2\/users\/2"}],"replies":[{"embeddable":true,"href":"https:\/\/www.europesays.com\/be-fr\/wp-json\/wp\/v2\/comments?post=235874"}],"version-history":[{"count":0,"href":"https:\/\/www.europesays.com\/be-fr\/wp-json\/wp\/v2\/posts\/235874\/revisions"}],"wp:featuredmedia":[{"embeddable":true,"href":"https:\/\/www.europesays.com\/be-fr\/wp-json\/wp\/v2\/media\/235875"}],"wp:attachment":[{"href":"https:\/\/www.europesays.com\/be-fr\/wp-json\/wp\/v2\/media?parent=235874"}],"wp:term":[{"taxonomy":"category","embeddable":true,"href":"https:\/\/www.europesays.com\/be-fr\/wp-json\/wp\/v2\/categories?post=235874"},{"taxonomy":"post_tag","embeddable":true,"href":"https:\/\/www.europesays.com\/be-fr\/wp-json\/wp\/v2\/tags?post=235874"}],"curies":[{"name":"wp","href":"https:\/\/api.w.org\/{rel}","templated":true}]}}