{"id":235898,"date":"2026-09-02T11:07:17","date_gmt":"2026-09-02T11:07:17","guid":{"rendered":"https:\/\/www.europesays.com\/be-fr\/235898\/"},"modified":"2026-09-02T11:07:17","modified_gmt":"2026-09-02T11:07:17","slug":"lambiance-est-toxique-delphine-nkansa-tire-a-boulets-rouges-sur-les-belgian-rockets-et-les-divisions-internes-sur-fond-de-problemes-linguistiques","status":"publish","type":"post","link":"https:\/\/www.europesays.com\/be-fr\/235898\/","title":{"rendered":"\u00ab\u00a0L&rsquo;ambiance est toxique\u00a0\u00bb: Delphine Nkansa tire \u00e0 boulets rouges sur les Belgian Rockets et les divisions internes sur fond de probl\u00e8mes linguistiques"},"content":{"rendered":"<p class=\"ap-StoryElement ap-StoryElement--mb ap-StoryText\">Son parcours l&#8217;emm\u00e8ne entre le Portugal et la France. Le premier pays pour suivre son p\u00e8re et son travail. Le second pour entreprendre des \u00e9tudes de droit.<\/p>\n<p><a href=\"https:\/\/www.dhnet.be\/sports\/omnisports\/athletisme\/2026\/08\/21\/thiam-guisse-nkansa-segers-crestan-voici-les-noms-des-athletes-belges-qui-participeront-a-la-50e-edition-du-memorial-van-damme-HAU3Q5JTIFF3BJAEXQC446MM6I\/\" target=\"_self\" class=\"ap-StoryInterstitialLink ap-StoryElement ap-StoryElement--mb\" rel=\"nofollow noopener\">Thiam, Guisse, Nkansa, Segers, Crestan\u2026 : voici les noms des athl\u00e8tes belges qui participeront \u00e0 la 50e \u00e9dition du M\u00e9morial Van Damme<\/a><\/p>\n<p class=\"ap-StoryElement ap-StoryElement--mb ap-StoryText\">Au niveau du sport, elle s&rsquo;affilie \u00e0 un club belge afin d&rsquo;\u00eatre s\u00e9lectionnable \u00e0 l&rsquo;Euro 2022. Elle choisit l&rsquo;Excelsior, club bien connu de la capitale, sur les recommandations de Mariam Oular\u00e9. \u00ab\u00a0Elle m&rsquo;a dit : &lsquo;Bon, c&rsquo;est la guerre entre les Flamands et les Wallons mais je pense que tu vas bien te plaire !&rsquo;, dit-elle. \u00ab\u00a0Je me rappelle qu&rsquo;on m&rsquo;avait regard\u00e9e super mal. Heureusement, je n&rsquo;\u00e9tais pas venue pour l&rsquo;ambiance mais pour aller \u00e0 l&rsquo;Euro pour lequel je me suis qualifi\u00e9e une semaine plus tard.\u00a0\u00bb<\/p>\n<p>\u00ab\u00a0Ambiance toxique\u00a0\u00bb chez les Rockets<\/p>\n<p class=\"ap-StoryElement ap-StoryElement--mb ap-StoryText\">Elle est aussi revenue tr\u00e8s longuement sur sa relation avec la course en \u00e9quipe. Une exp\u00e9rience qui, visiblement, ne l&rsquo;enchante pas du tout.<\/p>\n<p class=\"ap-StoryElement ap-StoryElement--mb ap-StoryText\">Le contraste \u00e9tait d&rsquo;ailleurs saisissant en Angleterre \u00e0 l&rsquo;issue de <a href=\"https:\/\/www.dhnet.be\/sports\/omnisports\/athletisme\/2026\/08\/15\/championnats-deurope-dathletisme-noor-vidts-lheptathlon-a-la-11e-place-lirlandaise-kate-oconnor-sacree-5CIAH3FXQVCTLAKXLYUN526YWI\/\" rel=\"nofollow noopener\" target=\"_blank\">la finale du relais 4x100m femmes<\/a>. La Belgique nourrissait des ambitions de podium avant l&rsquo;\u00e9preuve mais, malgr\u00e9 les efforts d\u00e9ploy\u00e9s en fin de course par Delphine Nkansa pour revenir sur le top 3, la m\u00e9daille est rest\u00e9e hors d&rsquo;atteinte pour nos repr\u00e9sentantes, finalement cinqui\u00e8mes (43.31).<\/p>\n<p class=\"ap-StoryElement ap-StoryElement--mb ap-StoryText\">Avec ses performances, elle devient une incontournable du relais 4X100 des Rockets.<\/p>\n<p class=\"ap-StoryElement ap-StoryElement--mb ap-StoryText\">Probl\u00e8me : elle est souvent absente des entra\u00eenements. Une situation qu&rsquo;elle explique par sa situation g\u00e9ographique puisqu&rsquo;elle habite \u00e0 Paris pour ses \u00e9tudes. Un trajet qui co\u00fbte \u00ab\u00a0huit heures aller-retour porte \u00e0 porte\u00a0\u00bb.<\/p>\n<p><a href=\"https:\/\/www.dhnet.be\/sports\/omnisports\/athletisme\/2026\/08\/16\/entre-espoir-de-medaille-decu-et-satisfaction-personnelle-les-belgian-rockets-sont-divisees-apres-leur-5e-place-elles-sont-degoutees-MBRMA2ZH5JB65AIMRLP4GSCO2I\/\" target=\"_self\" class=\"ap-StoryInterstitialLink ap-StoryElement ap-StoryElement--mb\" rel=\"nofollow noopener\">Entre espoir de m\u00e9daille d\u00e9\u00e7u et satisfaction personnelle, les Belgian Rockets sont divis\u00e9es apr\u00e8s leur 5e place : \u00ab\u00a0Elles sont d\u00e9go\u00fbt\u00e9es !\u00a0\u00bb<\/a><\/p>\n<p class=\"ap-StoryElement ap-StoryElement--mb ap-StoryText\">Selon elle, les entra\u00eenements individuels peuvent tout \u00e0 fait s&rsquo;effectuer de son c\u00f4t\u00e9. Mais cette ambiance pesante et les reproches l&rsquo;ont d\u00e9stabilis\u00e9s. \u00ab\u00a0Je sais qu&rsquo;on a une bonne \u00e9quipe mais quand il y a quelque chose qui ne va pas, c&rsquo;est toujours de ma faute. Ce relais m&rsquo;a pourri la sant\u00e9 mentale \u00e0 100 %\u2026 En tant que francophone, c&rsquo;est tr\u00e8s compliqu\u00e9 \u00e0 vivre quand tu es seule contre la vague. On ne dirait pas, mais c&rsquo;est hyper toxique\u00a0\u00bb, a-t-elle argument\u00e9.<\/p>\n<p class=\"ap-StoryElement ap-StoryElement--mb ap-StoryText\">Cette situation compliqu\u00e9e va-t-elle se modifier avec son nouveau statut et ses r\u00e9sultats r\u00e9cents ? \u00ab\u00a0Maintenant qu&rsquo;il y a le 4 x 100 m mixte, j&rsquo;ai beaucoup plus envie de me focaliser sur ce relais-l\u00e0. Je ne veux pas laisser tomber les relais parce que c&rsquo;est quand m\u00eame fun mais il faut que chacun y prenne du plaisir et avec les Rockets, je n&rsquo;en ai aucun\u2026\u00a0\u00bb, continue-t-elle avec une franchise d\u00e9sarmante.<\/p>\n<p class=\"ap-StoryElement ap-StoryElement--mb ap-StoryText\">Ces d\u00e9clarations risquent bien de mettre le feu chez les Rockets. Mais avant de penser aux probl\u00e8mes, elle r\u00eave surtout de briller au stade Roi Baudoin ce samedi. Avec un objectif en ligne de mire : battre le record de Belgique de Kim Gevaert. Un r\u00eave pas utopique puisqu&rsquo;elle ne se situe qu&rsquo;\u00e0 deux centi\u00e8mes de la championne aujourd&rsquo;hui \u00e0 la retraite.<\/p>\n","protected":false},"excerpt":{"rendered":"Son parcours l&#8217;emm\u00e8ne entre le Portugal et la France. Le premier pays pour suivre son p\u00e8re et son&hellip;\n","protected":false},"author":2,"featured_media":235899,"comment_status":"","ping_status":"","sticky":false,"template":"","format":"standard","meta":{"footnotes":"","_share_on_mastodon":"0"},"categories":[8],"tags":[10,12,13,18,17,38877,365,39463,753,103,53583,38457,11,906,48664,369],"class_list":["post-235898","post","type-post","status-publish","format-standard","has-post-thumbnail","category-actualites","tag-actualites","tag-be","tag-be-fr","tag-belgique","tag-belgium","tag-city-of-los-angeles","tag-color-image","tag-fifa-world-cup","tag-gettyimagerank2","tag-horizontal","tag-inglewood","tag-international-team-soccer","tag-news","tag-soccer","tag-sofi-stadium","tag-sport"],"share_on_mastodon":{"url":"https:\/\/pubeurope.com\/@be_fr\/117201131658874572","error":""},"_links":{"self":[{"href":"https:\/\/www.europesays.com\/be-fr\/wp-json\/wp\/v2\/posts\/235898","targetHints":{"allow":["GET"]}}],"collection":[{"href":"https:\/\/www.europesays.com\/be-fr\/wp-json\/wp\/v2\/posts"}],"about":[{"href":"https:\/\/www.europesays.com\/be-fr\/wp-json\/wp\/v2\/types\/post"}],"author":[{"embeddable":true,"href":"https:\/\/www.europesays.com\/be-fr\/wp-json\/wp\/v2\/users\/2"}],"replies":[{"embeddable":true,"href":"https:\/\/www.europesays.com\/be-fr\/wp-json\/wp\/v2\/comments?post=235898"}],"version-history":[{"count":0,"href":"https:\/\/www.europesays.com\/be-fr\/wp-json\/wp\/v2\/posts\/235898\/revisions"}],"wp:featuredmedia":[{"embeddable":true,"href":"https:\/\/www.europesays.com\/be-fr\/wp-json\/wp\/v2\/media\/235899"}],"wp:attachment":[{"href":"https:\/\/www.europesays.com\/be-fr\/wp-json\/wp\/v2\/media?parent=235898"}],"wp:term":[{"taxonomy":"category","embeddable":true,"href":"https:\/\/www.europesays.com\/be-fr\/wp-json\/wp\/v2\/categories?post=235898"},{"taxonomy":"post_tag","embeddable":true,"href":"https:\/\/www.europesays.com\/be-fr\/wp-json\/wp\/v2\/tags?post=235898"}],"curies":[{"name":"wp","href":"https:\/\/api.w.org\/{rel}","templated":true}]}}