{"id":235914,"date":"2026-09-02T11:20:23","date_gmt":"2026-09-02T11:20:23","guid":{"rendered":"https:\/\/www.europesays.com\/be-fr\/235914\/"},"modified":"2026-09-02T11:20:23","modified_gmt":"2026-09-02T11:20:23","slug":"les-vacances-de-deux-belges-tournent-au-cauchemar-a-naples-un-touriste-belge-de-18-ans-poignarde-au-ventre-un-autre-frappe-au-visage","status":"publish","type":"post","link":"https:\/\/www.europesays.com\/be-fr\/235914\/","title":{"rendered":"Les vacances de deux Belges tournent au cauchemar \u00e0 Naples\u00a0: un touriste belge de 18 ans poignard\u00e9 au ventre, un autre frapp\u00e9 au visage"},"content":{"rendered":"<p><a href=\"https:\/\/www.dhnet.be\/regions\/charleroi\/2026\/08\/28\/des-caisses-de-faux-billets-imprimes-a-naples-et-retrouvees-a-fleurus-un-parfum-de-mafia-napolitaine-JLSA4CHRR5BD5M23EHW2WR6AJQ\/\" target=\"_self\" class=\"ap-StoryInterstitialLink ap-StoryElement ap-StoryElement--mb\" rel=\"nofollow noopener\">Des caisses de faux billets imprim\u00e9s \u00e0 Naples et retrouv\u00e9s \u00e0 Fleurus : un parfum de Camorra<\/a><\/p>\n<p class=\"ap-StoryElement ap-StoryElement--mb ap-StoryText\">Alors qu&rsquo;ils marchaient dans les rues du quartier, ils auraient \u00e9t\u00e9 pris pour cible par plusieurs individus qui convoitaient leurs objets de valeur. Le vol a rapidement d\u00e9g\u00e9n\u00e9r\u00e9 en \u00ab\u00a0violences implacables\u00a0\u00bb, rapporte Cronache di Napoli.<\/p>\n<p class=\"ap-StoryElement ap-StoryElement--mb ap-StoryText\">L&rsquo;un des deux Belges a re\u00e7u un coup de couteau au niveau de l&rsquo;abdomen. Son ami a, lui, \u00e9t\u00e9 frapp\u00e9 au visage. Les agresseurs ont notamment arrach\u00e9 un collier en or appartenant \u00e0 l&rsquo;une des victimes, d&rsquo;une valeur estim\u00e9e \u00e0 environ 500 euros.<\/p>\n<p class=\"ap-StoryElement ap-StoryElement--mb ap-StoryText\">Apr\u00e8s avoir pris la fuite dans les ruelles du centre de Naples, les auteurs ont laiss\u00e9 les deux touristes bless\u00e9s. Ceux-ci ont \u00e9t\u00e9 pris en charge aux urgences de l&rsquo;h\u00f4pital Pellegrini.<\/p>\n<p>Une enqu\u00eate en cours<\/p>\n<p class=\"ap-StoryElement ap-StoryElement--mb ap-StoryText\">La police italienne a ouvert une enqu\u00eate afin d&rsquo;identifier les auteurs. Ceux-ci ayant agi \u00e0 visage d\u00e9couvert, les enqu\u00eateurs esp\u00e8rent pouvoir rapidement retrouver leur trace gr\u00e2ce aux images des cam\u00e9ras de surveillance install\u00e9es sur la Piazza Luigi Miraglia et dans les rues environnantes.<\/p>\n<p><a href=\"https:\/\/www.dhnet.be\/dernieres-depeches\/2025\/01\/13\/trois-membres-dangereux-de-la-camorra-napolitaine-arretes-en-espagne-74BNMUFFPNCA3M3EZSLMPCXOZQ\/\" target=\"_self\" class=\"ap-StoryInterstitialLink ap-StoryElement ap-StoryElement--mb\" rel=\"nofollow noopener\">Trois membres \u00ab\u00a0dangereux\u00a0\u00bb de la Camorra napolitaine arr\u00eat\u00e9s en Espagne<\/a><\/p>\n<p class=\"ap-StoryElement ap-StoryElement--mb ap-StoryText\">Selon Cronache di Napoli, cette agression ne serait pas un cas isol\u00e9. Les m\u00e9dias locaux font \u00e9tat d&rsquo;une hausse des vols et des actes de violence visant les touristes \u00e9trangers dans le centre de Naples.<\/p>\n","protected":false},"excerpt":{"rendered":"Des caisses de faux billets imprim\u00e9s \u00e0 Naples et retrouv\u00e9s \u00e0 Fleurus : un parfum de Camorra Alors&hellip;\n","protected":false},"author":2,"featured_media":235915,"comment_status":"","ping_status":"","sticky":false,"template":"","format":"standard","meta":{"footnotes":"","_share_on_mastodon":"0"},"categories":[8],"tags":[72961,10,142,12,13,18,17,72964,72962,11,72963],"class_list":["post-235914","post","type-post","status-publish","format-standard","has-post-thumbnail","category-actualites","tag-abattoirs","tag-actualites","tag-anderlecht","tag-be","tag-be-fr","tag-belgique","tag-belgium","tag-grand-b","tag-lignes-dabattage","tag-news","tag-porcs"],"share_on_mastodon":{"url":"https:\/\/pubeurope.com\/@be_fr\/117201182951451977","error":""},"_links":{"self":[{"href":"https:\/\/www.europesays.com\/be-fr\/wp-json\/wp\/v2\/posts\/235914","targetHints":{"allow":["GET"]}}],"collection":[{"href":"https:\/\/www.europesays.com\/be-fr\/wp-json\/wp\/v2\/posts"}],"about":[{"href":"https:\/\/www.europesays.com\/be-fr\/wp-json\/wp\/v2\/types\/post"}],"author":[{"embeddable":true,"href":"https:\/\/www.europesays.com\/be-fr\/wp-json\/wp\/v2\/users\/2"}],"replies":[{"embeddable":true,"href":"https:\/\/www.europesays.com\/be-fr\/wp-json\/wp\/v2\/comments?post=235914"}],"version-history":[{"count":0,"href":"https:\/\/www.europesays.com\/be-fr\/wp-json\/wp\/v2\/posts\/235914\/revisions"}],"wp:featuredmedia":[{"embeddable":true,"href":"https:\/\/www.europesays.com\/be-fr\/wp-json\/wp\/v2\/media\/235915"}],"wp:attachment":[{"href":"https:\/\/www.europesays.com\/be-fr\/wp-json\/wp\/v2\/media?parent=235914"}],"wp:term":[{"taxonomy":"category","embeddable":true,"href":"https:\/\/www.europesays.com\/be-fr\/wp-json\/wp\/v2\/categories?post=235914"},{"taxonomy":"post_tag","embeddable":true,"href":"https:\/\/www.europesays.com\/be-fr\/wp-json\/wp\/v2\/tags?post=235914"}],"curies":[{"name":"wp","href":"https:\/\/api.w.org\/{rel}","templated":true}]}}