{"id":235928,"date":"2026-09-02T11:33:25","date_gmt":"2026-09-02T11:33:25","guid":{"rendered":"https:\/\/www.europesays.com\/be-fr\/235928\/"},"modified":"2026-09-02T11:33:25","modified_gmt":"2026-09-02T11:33:25","slug":"lete-2026-restera-dans-lhistoire-voici-les-chiffres-fous-du-mercato-record-des-belges-a-letranger","status":"publish","type":"post","link":"https:\/\/www.europesays.com\/be-fr\/235928\/","title":{"rendered":"L&rsquo;\u00e9t\u00e9 2026 restera dans l&rsquo;histoire : voici les chiffres fous du mercato record des Belges \u00e0 l&rsquo;\u00e9tranger"},"content":{"rendered":"<p><a href=\"https:\/\/www.dhnet.be\/sports\/football\/mercato\/2026\/09\/02\/nicolas-raskin-wout-faes-mandela-keita-ou-a-thur-vermeeren-les-grands-perdants-de-la-derniere-journee-du-mercato-DS6SOLUBYJHG5JQ4AZS5NKBWIQ\/\" target=\"_self\" class=\"ap-StoryInterstitialLink ap-StoryElement ap-StoryElement--mb js-paywall-target\" rel=\"nofollow noopener\">Nicolas Raskin, Wout Faes, Mandela Keita ou Arthur Vermeeren : les grands perdants de la derni\u00e8re journ\u00e9e du mercato<\/a><\/p>\n<p class=\"ap-StoryElement ap-StoryElement--mb ap-StoryText\">27 De Malick Fofana \u00e0 Youri Tielemans, en passant par Leandro Trossard, Axel Witsel, Thomas Meunier, Michy Batshuayi, Lo\u00efs Openda, Thorgan Hazard, Charles Vanhoutte, Orel Mangala, Arthur Theate, Samuel Mbangula ou Yari Verschaeren. Au total, pas moins de 27 joueurs ayant un jour port\u00e9 le maillot des Diables rouges ont chang\u00e9 de club cet \u00e9t\u00e9. Il s&rsquo;agit l\u00e0 aussi d&rsquo;un record.<\/p>\n<p class=\"ap-StoryElement ap-StoryElement--mb ap-StoryText\">35 \u00c0 seulement 18 ans et avec \u00e0 peine quinze matchs de Pro League dans les gants, Lucca Brughmans, transf\u00e9r\u00e9 \u00e0 Liverpool mais pr\u00eat\u00e9 directement \u00e0 Genk, est de son c\u00f4t\u00e9 devenu le gardien le plus cher de l&rsquo;histoire du football belge. \u00c0 \u00e9galit\u00e9 avec Thibaut Courtois, \u00e9galement vendu 35 millions d&rsquo;euros en 2018, lorsqu&rsquo;il a quitt\u00e9 Chelsea pour le Real Madrid.<\/p>\n<p><a href=\"https:\/\/www.dhnet.be\/sports\/football\/mercato\/2026\/09\/02\/un-scenario-plus-fou-qua-hollywood-le-recit-de-la-journee-delirante-de-malick-fofana-qui-a-change-le-destin-de-dodi-lukebakio-5MCO3OL43BHSBM2H7UBUTXHYN4\/\" target=\"_self\" class=\"ap-StoryInterstitialLink ap-StoryElement ap-StoryElement--mb\" rel=\"nofollow noopener\">Un sc\u00e9nario plus fou qu&rsquo;\u00e0 Hollywood : le r\u00e9cit de la journ\u00e9e d\u00e9lirante de Malick Fofana\u2026 qui a chang\u00e9 le destin de Dodi Lukebakio<\/a><\/p>\n<p class=\"ap-StoryElement ap-StoryElement--mb ap-StoryText\">60 Parti de Lille vers Newcastle ce lundi pour 60 millions d&rsquo;euros (hors bonus), Matias Fernandez-Pardo est devenu le cinqui\u00e8me joueur belge le plus cher de l&rsquo;histoire, derri\u00e8re Eden Hazard (120 M \u20ac), Romelu Lukaku (113 M \u20ac), Kevin De Bruyne 76 M \u20ac) et Rom\u00e9o Lavia (62 M \u20ac). Il est aussi le transfert belge le plus on\u00e9reux de cet \u00e9t\u00e9.<\/p>\n<p class=\"ap-StoryElement ap-StoryElement--mb ap-StoryText\">440 En millions d&rsquo;euros, c&rsquo;est le montant total pay\u00e9 pour tous les joueurs belges durant ce mercato. Le record de l&rsquo;\u00e9t\u00e9 2019 (environ 385 millions), bien aid\u00e9 par le transfert d&rsquo;Eden Hazard au Real Madrid, a donc \u00e9t\u00e9 largement battu. En sachant que les montants pour 2026 sont hors bonus et que 60 millions d&rsquo;euros suppl\u00e9mentaires pourraient tomber en fin de saison via les options d&rsquo;achat sur les pr\u00eats, dont certaines sont obligatoires. C&rsquo;est le cas pour Fedde Leysen (Sassuolo) ou Arthur Theate (Bologne).<\/p>\n<p><a href=\"https:\/\/www.dhnet.be\/sports\/football\/diablesrouges\/2026\/09\/01\/cetait-une-decision-facile-matias-fernandez-pardo-se-confie-apres-sa-signature-a-newcastle-AYLLEV4IMFC5JMM2KZOH7LKXGU\/\" target=\"_self\" class=\"ap-StoryInterstitialLink ap-StoryElement ap-StoryElement--mb\" rel=\"nofollow noopener\">\u00ab\u00a0C&rsquo;\u00e9tait une d\u00e9cision facile\u00a0\u00bb : Matias Fernandez-Pardo se confie apr\u00e8s sa signature \u00e0 Newcastle<\/a><\/p>\n<p class=\"ap-StoryElement ap-StoryElement--mb ap-StoryText\">2005 Le point commun entre Fofana (Sunderland), Fernandez-Pardo (Newcastle), Moreira (Milan AC), Godts (PSG), Piedfort (Auxerre), Mbamba (Lorient) ou Nonge (Brest) ? Ils sont tous n\u00e9s la m\u00eame ann\u00e9e, en 2005, et ont \u00e9t\u00e9 transf\u00e9r\u00e9s cet \u00e9t\u00e9. Certains dans un club du top europ\u00e9en pour des montants records. L&rsquo;avenir du football belge semble assur\u00e9.<\/p>\n","protected":false},"excerpt":{"rendered":"Nicolas Raskin, Wout Faes, Mandela Keita ou Arthur Vermeeren : les grands perdants de la derni\u00e8re journ\u00e9e du&hellip;\n","protected":false},"author":2,"featured_media":235929,"comment_status":"","ping_status":"","sticky":false,"template":"","format":"standard","meta":{"footnotes":"","_share_on_mastodon":"0"},"categories":[8],"tags":[10,3697,6779,12,13,18,17,3028,4725,6654,11],"class_list":["post-235928","post","type-post","status-publish","format-standard","has-post-thumbnail","category-actualites","tag-actualites","tag-arthur-theate","tag-axel-witsel","tag-be","tag-be-fr","tag-belgique","tag-belgium","tag-diables-rouges","tag-dodi-lukebakio","tag-eden-hazard","tag-news"],"share_on_mastodon":{"url":"https:\/\/pubeurope.com\/@be_fr\/117201234052247087","error":""},"_links":{"self":[{"href":"https:\/\/www.europesays.com\/be-fr\/wp-json\/wp\/v2\/posts\/235928","targetHints":{"allow":["GET"]}}],"collection":[{"href":"https:\/\/www.europesays.com\/be-fr\/wp-json\/wp\/v2\/posts"}],"about":[{"href":"https:\/\/www.europesays.com\/be-fr\/wp-json\/wp\/v2\/types\/post"}],"author":[{"embeddable":true,"href":"https:\/\/www.europesays.com\/be-fr\/wp-json\/wp\/v2\/users\/2"}],"replies":[{"embeddable":true,"href":"https:\/\/www.europesays.com\/be-fr\/wp-json\/wp\/v2\/comments?post=235928"}],"version-history":[{"count":0,"href":"https:\/\/www.europesays.com\/be-fr\/wp-json\/wp\/v2\/posts\/235928\/revisions"}],"wp:featuredmedia":[{"embeddable":true,"href":"https:\/\/www.europesays.com\/be-fr\/wp-json\/wp\/v2\/media\/235929"}],"wp:attachment":[{"href":"https:\/\/www.europesays.com\/be-fr\/wp-json\/wp\/v2\/media?parent=235928"}],"wp:term":[{"taxonomy":"category","embeddable":true,"href":"https:\/\/www.europesays.com\/be-fr\/wp-json\/wp\/v2\/categories?post=235928"},{"taxonomy":"post_tag","embeddable":true,"href":"https:\/\/www.europesays.com\/be-fr\/wp-json\/wp\/v2\/tags?post=235928"}],"curies":[{"name":"wp","href":"https:\/\/api.w.org\/{rel}","templated":true}]}}