{"id":235968,"date":"2026-09-02T12:00:17","date_gmt":"2026-09-02T12:00:17","guid":{"rendered":"https:\/\/www.europesays.com\/be-fr\/235968\/"},"modified":"2026-09-02T12:00:17","modified_gmt":"2026-09-02T12:00:17","slug":"la-fille-de-brigitte-macron-sort-elle-aussi-avec-un-homme-20-ans-plus-jeune","status":"publish","type":"post","link":"https:\/\/www.europesays.com\/be-fr\/235968\/","title":{"rendered":"La fille de Brigitte Macron sort elle aussi avec un homme 20 ans plus jeune"},"content":{"rendered":"<p class=\"ap-StoryElement ap-StoryElement--mb ap-StoryText\">Telle m\u00e8re, telle fille\u00a0? Tiphaine Auzi\u00e8re, la plus jeune fille de Brigitte Macron, a officialis\u00e9 son couple sur Instagram, en publiant une vid\u00e9o de vacances qui ne laisse pas de place au doute. L&rsquo;heureux \u00e9lu est un certain Antoine Lecomte, \u00e9tudiant de 22 ans, entrepreneur et passionn\u00e9 de kitsurf, comme l&rsquo;indique 7sur7.<\/p>\n<p class=\"ap-StoryElement ap-StoryElement--mb ap-StoryText\">Tiphaine, elle, a 42 ans. Les deux tourtereaux ont donc 20 ans d&rsquo;\u00e9cart et c&rsquo;est la femme qui est plus \u00e2g\u00e9e. Un sc\u00e9nario plut\u00f4t rare, mais dont les Fran\u00e7ais ont un exemple bien connu\u00a0: le couple Macron. Eh oui, Brigitte Macron, la m\u00e8re de Tiphaine, a aujourd&rsquo;hui 73 ans alors que le pr\u00e9sident Emmanuel Macron en a 48. Il n&rsquo;a donc pas fallu longtemps pour que le parall\u00e8le entre les deux couples soit fait.<\/p>\n","protected":false},"excerpt":{"rendered":"Telle m\u00e8re, telle fille\u00a0? Tiphaine Auzi\u00e8re, la plus jeune fille de Brigitte Macron, a officialis\u00e9 son couple sur&hellip;\n","protected":false},"author":2,"featured_media":235969,"comment_status":"","ping_status":"","sticky":false,"template":"","format":"standard","meta":{"footnotes":"","_share_on_mastodon":"0"},"categories":[102],"tags":[72966,1572,12,13,18,17,27958,72967,129,128,1083,96,95,109,17385],"class_list":["post-235968","post","type-post","status-publish","format-standard","has-post-thumbnail","category-people","tag-20-ans","tag-amoureux","tag-be","tag-be-fr","tag-belgique","tag-belgium","tag-brigitte-macron","tag-cadet","tag-celebrities","tag-celebrity","tag-couple","tag-divertissement","tag-entertainment","tag-people","tag-tiphaine-auziere"],"share_on_mastodon":{"url":"https:\/\/pubeurope.com\/@be_fr\/117201340378540994","error":""},"_links":{"self":[{"href":"https:\/\/www.europesays.com\/be-fr\/wp-json\/wp\/v2\/posts\/235968","targetHints":{"allow":["GET"]}}],"collection":[{"href":"https:\/\/www.europesays.com\/be-fr\/wp-json\/wp\/v2\/posts"}],"about":[{"href":"https:\/\/www.europesays.com\/be-fr\/wp-json\/wp\/v2\/types\/post"}],"author":[{"embeddable":true,"href":"https:\/\/www.europesays.com\/be-fr\/wp-json\/wp\/v2\/users\/2"}],"replies":[{"embeddable":true,"href":"https:\/\/www.europesays.com\/be-fr\/wp-json\/wp\/v2\/comments?post=235968"}],"version-history":[{"count":0,"href":"https:\/\/www.europesays.com\/be-fr\/wp-json\/wp\/v2\/posts\/235968\/revisions"}],"wp:featuredmedia":[{"embeddable":true,"href":"https:\/\/www.europesays.com\/be-fr\/wp-json\/wp\/v2\/media\/235969"}],"wp:attachment":[{"href":"https:\/\/www.europesays.com\/be-fr\/wp-json\/wp\/v2\/media?parent=235968"}],"wp:term":[{"taxonomy":"category","embeddable":true,"href":"https:\/\/www.europesays.com\/be-fr\/wp-json\/wp\/v2\/categories?post=235968"},{"taxonomy":"post_tag","embeddable":true,"href":"https:\/\/www.europesays.com\/be-fr\/wp-json\/wp\/v2\/tags?post=235968"}],"curies":[{"name":"wp","href":"https:\/\/api.w.org\/{rel}","templated":true}]}}