{"id":235984,"date":"2026-09-02T12:14:15","date_gmt":"2026-09-02T12:14:15","guid":{"rendered":"https:\/\/www.europesays.com\/be-fr\/235984\/"},"modified":"2026-09-02T12:14:15","modified_gmt":"2026-09-02T12:14:15","slug":"nicolas-raskin-va-t-il-obtenir-son-transfert-un-club-turc-serait-tombe-daccord-avec-les-rangers","status":"publish","type":"post","link":"https:\/\/www.europesays.com\/be-fr\/235984\/","title":{"rendered":"Nicolas Raskin va-t-il obtenir son transfert\u00a0? Un club turc serait tomb\u00e9 d&rsquo;accord avec les Rangers"},"content":{"rendered":"<p class=\"ap-StoryElement ap-StoryElement--mb ap-StoryText\">Les portes du march\u00e9 des transferts se sont referm\u00e9es dans les grands championnats et Nicolas Raskin est toujours un joueur des Glasgow Rangers. Malgr\u00e9 sa belle Coupe du monde, <a href=\"https:\/\/www.dhnet.be\/sports\/football\/mercato\/2026\/09\/02\/nicolas-raskin-wout-faes-mandela-keita-ou-a-thur-vermeeren-les-grands-perdants-de-la-derniere-journee-du-mercato-DS6SOLUBYJHG5JQ4AZS5NKBWIQ\/\" target=\"_self\" rel=\"nofollow noopener\">le Li\u00e9geois n&rsquo;a (toujours) pas trouv\u00e9 chaussure \u00e0 son pied<\/a>, avec relativement peu d&rsquo;int\u00e9r\u00eat de la part d&rsquo;\u00e9quipes des cinq gros championnats.<\/p>\n<p class=\"ap-StoryElement ap-StoryElement--mb ap-StoryText\">Mais un transfert pourrait finalement arriver dans les prochaines heures. Ainsi, selon Fabrizio Romano, le club turc de Besiktas aurait un accord verbal avec les Rangers pour un transfert du milieu de terrain belge.<\/p>\n","protected":false},"excerpt":{"rendered":"Les portes du march\u00e9 des transferts se sont referm\u00e9es dans les grands championnats et Nicolas Raskin est toujours&hellip;\n","protected":false},"author":2,"featured_media":235985,"comment_status":"","ping_status":"","sticky":false,"template":"","format":"standard","meta":{"footnotes":"","_share_on_mastodon":"0"},"categories":[8],"tags":[4086,41,10,6058,19272,8725,2198,8726,12,13,18,17,26459,63552,13859,23212,6597,38462,17487,8047,25391,881,25393,11,23218,369,23219,23221],"class_list":["post-235984","post","type-post","status-publish","format-standard","has-post-thumbnail","category-actualites","tag-tomassisk","tag-41","tag-actualites","tag-and","tag-angleterre","tag-athletics","tag-athletisme","tag-atletiek","tag-be","tag-be-fr","tag-belgique","tag-belgium","tag-birmingham","tag-birmingham2026","tag-championnat","tag-championships","tag-deurope","tag-engeland","tag-england","tag-european","tag-europees","tag-field","tag-kampioenschap","tag-news","tag-sisk","tag-sport","tag-tomas","tag-track"],"share_on_mastodon":{"url":"https:\/\/pubeurope.com\/@be_fr\/117201395096319238","error":""},"_links":{"self":[{"href":"https:\/\/www.europesays.com\/be-fr\/wp-json\/wp\/v2\/posts\/235984","targetHints":{"allow":["GET"]}}],"collection":[{"href":"https:\/\/www.europesays.com\/be-fr\/wp-json\/wp\/v2\/posts"}],"about":[{"href":"https:\/\/www.europesays.com\/be-fr\/wp-json\/wp\/v2\/types\/post"}],"author":[{"embeddable":true,"href":"https:\/\/www.europesays.com\/be-fr\/wp-json\/wp\/v2\/users\/2"}],"replies":[{"embeddable":true,"href":"https:\/\/www.europesays.com\/be-fr\/wp-json\/wp\/v2\/comments?post=235984"}],"version-history":[{"count":0,"href":"https:\/\/www.europesays.com\/be-fr\/wp-json\/wp\/v2\/posts\/235984\/revisions"}],"wp:featuredmedia":[{"embeddable":true,"href":"https:\/\/www.europesays.com\/be-fr\/wp-json\/wp\/v2\/media\/235985"}],"wp:attachment":[{"href":"https:\/\/www.europesays.com\/be-fr\/wp-json\/wp\/v2\/media?parent=235984"}],"wp:term":[{"taxonomy":"category","embeddable":true,"href":"https:\/\/www.europesays.com\/be-fr\/wp-json\/wp\/v2\/categories?post=235984"},{"taxonomy":"post_tag","embeddable":true,"href":"https:\/\/www.europesays.com\/be-fr\/wp-json\/wp\/v2\/tags?post=235984"}],"curies":[{"name":"wp","href":"https:\/\/api.w.org\/{rel}","templated":true}]}}