{"id":235994,"date":"2026-09-02T12:24:09","date_gmt":"2026-09-02T12:24:09","guid":{"rendered":"https:\/\/www.europesays.com\/be-fr\/235994\/"},"modified":"2026-09-02T12:24:09","modified_gmt":"2026-09-02T12:24:09","slug":"windows-11-microsoft-va-activer-par-defaut-une-option-de-securite-qui-peut-faire-buguer-votre-pc","status":"publish","type":"post","link":"https:\/\/www.europesays.com\/be-fr\/235994\/","title":{"rendered":"Windows 11 : Microsoft va activer par d\u00e9faut une option de s\u00e9curit\u00e9 qui peut faire buguer votre PC"},"content":{"rendered":"<p>Microsoft vient d\u2019annoncer qu\u2019elle activerait par d\u00e9faut, \u00e0 partir du mois prochain, la protection de l\u2019int\u00e9grit\u00e9 de la m\u00e9moire. Cette option, qui vise \u00e0 renforcer la s\u00e9curit\u00e9 des PC peut toutefois avoir une incidence n\u00e9gative sur les performances sur certaines configurations.<\/p>\n<p>Utilisateurs de <a href=\"https:\/\/www.01net.com\/telecharger\/utilitaire\/systeme\/windows-11.html\" rel=\"nofollow noopener\" target=\"_blank\">Windows 11<\/a>, pr\u00e9parez-vous\u00a0! \u00c0 compter du mois d\u2019octobre 2026, Microsoft activera automatiquement la protection de l\u2019int\u00e9grit\u00e9 de la m\u00e9moire sur les appareils Windows compatibles.<\/p>\n<p>Une mesure qui vise \u00e0 renforcer la s\u00e9curit\u00e9 du syst\u00e8me et qui doit permettre d\u2019emp\u00eacher l\u2019ex\u00e9cution de codes malveillants dans le noyau du syst\u00e8me d\u2019exploitation. Mais en renfor\u00e7ant la s\u00e9curit\u00e9 des PC, l\u2019activation par d\u00e9faut de <a href=\"https:\/\/www.01net.com\/astuces\/windows-11-comment-ameliorer-les-performances-de-votre-pc-en-gaming.html\" rel=\"nofollow noopener\" target=\"_blank\">cette nouvelle option pourrait plomber les performances de certaines machines<\/a>.<\/p>\n<p>Microsoft tient toutefois \u00e0 rassurer en indiquant que son syst\u00e8me d\u2019exploitation effectuera en amont une analyse de compatibilit\u00e9 mat\u00e9rielle pour s\u2019assurer que les performances et la stabilit\u00e9 de votre PC ne seront pas compromises.<\/p>\n<p> Une option de s\u00e9curit\u00e9 activ\u00e9e par d\u00e9faut avec le Patch Tuesday d\u2019octobre <\/p>\n<p>L\u2019activation de la protection de l\u2019int\u00e9grit\u00e9 de la m\u00e9moire dans Windows 11 entrera en vigueur \u00e0 compter du 13 octobre 2026, date \u00e0 laquelle Microsoft d\u00e9ploiera la Patch Tuesday du mois d\u2019octobre. Concr\u00e8tement, l\u2019int\u00e9grit\u00e9 de la m\u00e9moire s\u2019appuie sur les capacit\u00e9s de virtualisation mat\u00e9rielle du processeur de votre PC pour cr\u00e9er une enclave isol\u00e9e et s\u00e9curis\u00e9e, totalement s\u00e9par\u00e9e du reste de l\u2019OS. Cet environnement cloisonn\u00e9 sert ainsi de sas de contr\u00f4le pour v\u00e9rifier que les logiciels agissant sur les bas niveaux de votre PC ne sont pas dangereux.<\/p>\n<p>Cela concerne, par exemple, les pilotes mat\u00e9riels, qui doivent ainsi passer ce contr\u00f4le d\u2019int\u00e9grit\u00e9 avant de pouvoir \u00eatre ex\u00e9cut\u00e9s avec la certitude qu\u2019ils sont inoffensifs pour votre machine. Si toutefois un logiciel malveillant tentait de s\u2019infiltrer par l\u2019interm\u00e9diaire d\u2019un pilote v\u00e9rol\u00e9, celui-ci se retrouverait imm\u00e9diatement bloqu\u00e9. En limitant ainsi l\u2019ex\u00e9cution des \u00e9l\u00e9ments ayant \u00e9t\u00e9 approuv\u00e9s ou sign\u00e9s, ce syst\u00e8me prot\u00e8ge le noyau de Windows.<\/p>\n<p>Cette fonction de s\u00e9curit\u00e9 n\u2019a rien de nouveau, puisqu\u2019elle a \u00e9t\u00e9 introduite pour la premi\u00e8re fois sous Windows 10, mais uniquement de mani\u00e8re optionnelle. Des millions de PC l\u2019int\u00e8grent, mais ne l\u2019ont jamais activ\u00e9e. Et c\u2019est \u00e0 cause de la menace grandissante de la recherche de failles gr\u00e2ce \u00e0 l\u2019IA que Microsoft justifie son choix d\u2019activer par d\u00e9faut cette option de s\u00e9curit\u00e9. Car \u00e0 pr\u00e9sent, les pirates sont beaucoup plus rapides qu\u2019\u00e0 l\u2019accoutum\u00e9e pour d\u00e9couvrir d\u2019\u00e9ventuelles failles exploitables au niveau du noyau de Windows.<\/p>\n<p> Une activation automatique par d\u00e9faut sur les PC \u00e9ligibles <\/p>\n<p>Le souci de la protection de l\u2019int\u00e9grit\u00e9 de la m\u00e9moire, c\u2019est que celle-ci peut avoir une incidence n\u00e9gative sur certaines configurations, notamment en termes de performances. Pour s\u2019\u00e9viter des probl\u00e8mes, Microsoft a promis que tous les PC Windows 11 ne recevront pas automatiquement cette mise \u00e0 jour. Celle-ci sera en principe d\u00e9ploy\u00e9e en fonction de crit\u00e8res mat\u00e9riels pr\u00e9cis.<\/p>\n<p>Les machines \u00e9quip\u00e9es d\u2019un processeur Intel de 8e g\u00e9n\u00e9ration ou plus r\u00e9cent, d\u2019une puce AMD ZEN 2 ou plus r\u00e9cente, ou d\u2019un processeur Qualcomm Snapdragon 8180 ou plus r\u00e9cents font ainsi partie du cahier des charges des PC cibl\u00e9s. Il faut en outre que ces machines embarquent au moins 8 Go de RAM et un SSD d\u2019au moins 64 Go pour \u00eatre \u00e9ligibles \u00e0 cette mise \u00e0 jour.<\/p>\n<p>Par ailleurs, pour \u00eatre \u00e9ligible, il faudra \u00e9galement que la virtualisation soit activ\u00e9e dans le BIOS\/UEFI et que les pilotes d\u00e9j\u00e0 en place sur votre PC soient compatibles avec l\u2019int\u00e9grit\u00e9 de la m\u00e9moire. Avant de d\u00e9ployer cette nouvelle mesure de s\u00e9curit\u00e9, Microsoft a indiqu\u00e9 que Windows r\u00e9alisera automatiquement une analyse de compatibilit\u00e9.<\/p>\n<p class=\"text-base text-neutral-700 dark:text-neutral-300\" style=\"color:grey;\">\ud83d\udc49\ud83c\udffb Suivez l\u2019actualit\u00e9 tech en temps r\u00e9el\u00a0: ajoutez 01net \u00e0 vos sources sur <a href=\"https:\/\/profile.google.com\/cp\/CgovbS8wd2Juam1fGhZodHRwczovL3d3dy4wMW5ldC5jb20v?pf=6\" target=\"_blank\" rel=\"nofollow noopener\">Google<\/a>, et abonnez-vous \u00e0 notre canal <a href=\"https:\/\/whatsapp.com\/channel\/0029VaH5gKg6xCSG9nQQhQ1Z\" target=\"_blank\" rel=\"nofollow noopener\">WhatsApp<\/a>.<\/p>\n<p>             <img decoding=\"async\" src=\"https:\/\/www.europesays.com\/be-fr\/wp-content\/uploads\/2026\/09\/4NZ4LnDsUw9UvFnnxwTz2BKfp8VD92PRD8LTt3Ek.png\" alt=\"Opera One - Navigateur web boost\u00e9 \u00e0 l\u2019IA\" loading=\"lazy\"\/>                                            Opera One &#8211; Navigateur web boost\u00e9 \u00e0 l\u2019IA                 <\/p>\n<p>Par\u00a0: Opera<\/p>\n<p class=\"post-source text-right text-sm opacity-70 not-prose\">\n            Source :<br \/>\n            <a href=\"https:\/\/www.windowslatest.com\/2026\/09\/02\/microsoft-is-auto-enabling-memory-integrity-on-windows-11-pcs-from-october-why-you-shouldnt-turn-it-off\/\" target=\"_blank\" rel=\"noopener nofollow\" class=\"italic\"><br \/>\n              Winodws Latest<br \/>\n            <\/a>\n          <\/p>\n","protected":false},"excerpt":{"rendered":"Microsoft vient d\u2019annoncer qu\u2019elle activerait par d\u00e9faut, \u00e0 partir du mois prochain, la protection de l\u2019int\u00e9grit\u00e9 de la&hellip;\n","protected":false},"author":2,"featured_media":235995,"comment_status":"","ping_status":"","sticky":false,"template":"","format":"standard","meta":{"footnotes":"","_share_on_mastodon":"0"},"categories":[70],"tags":[12,13,18,17,1893,73,71,75,72,76,74,752],"class_list":["post-235994","post","type-post","status-publish","format-standard","has-post-thumbnail","category-sciences-et-technologies","tag-be","tag-be-fr","tag-belgique","tag-belgium","tag-microsoft","tag-science","tag-science-and-technology","tag-sciences","tag-sciences-et-technologies","tag-technologies","tag-technology","tag-windows-11"],"share_on_mastodon":{"url":"https:\/\/pubeurope.com\/@be_fr\/117201434455551919","error":""},"_links":{"self":[{"href":"https:\/\/www.europesays.com\/be-fr\/wp-json\/wp\/v2\/posts\/235994","targetHints":{"allow":["GET"]}}],"collection":[{"href":"https:\/\/www.europesays.com\/be-fr\/wp-json\/wp\/v2\/posts"}],"about":[{"href":"https:\/\/www.europesays.com\/be-fr\/wp-json\/wp\/v2\/types\/post"}],"author":[{"embeddable":true,"href":"https:\/\/www.europesays.com\/be-fr\/wp-json\/wp\/v2\/users\/2"}],"replies":[{"embeddable":true,"href":"https:\/\/www.europesays.com\/be-fr\/wp-json\/wp\/v2\/comments?post=235994"}],"version-history":[{"count":0,"href":"https:\/\/www.europesays.com\/be-fr\/wp-json\/wp\/v2\/posts\/235994\/revisions"}],"wp:featuredmedia":[{"embeddable":true,"href":"https:\/\/www.europesays.com\/be-fr\/wp-json\/wp\/v2\/media\/235995"}],"wp:attachment":[{"href":"https:\/\/www.europesays.com\/be-fr\/wp-json\/wp\/v2\/media?parent=235994"}],"wp:term":[{"taxonomy":"category","embeddable":true,"href":"https:\/\/www.europesays.com\/be-fr\/wp-json\/wp\/v2\/categories?post=235994"},{"taxonomy":"post_tag","embeddable":true,"href":"https:\/\/www.europesays.com\/be-fr\/wp-json\/wp\/v2\/tags?post=235994"}],"curies":[{"name":"wp","href":"https:\/\/api.w.org\/{rel}","templated":true}]}}