{"id":236006,"date":"2026-09-02T12:35:09","date_gmt":"2026-09-02T12:35:09","guid":{"rendered":"https:\/\/www.europesays.com\/be-fr\/236006\/"},"modified":"2026-09-02T12:35:09","modified_gmt":"2026-09-02T12:35:09","slug":"un-cas-importe-de-dengue-detecte-a-fontainebleau-tout-un-secteur-demoustique-en-pleine-nuit","status":"publish","type":"post","link":"https:\/\/www.europesays.com\/be-fr\/236006\/","title":{"rendered":"Un cas import\u00e9 de dengue d\u00e9tect\u00e9 \u00e0 Fontainebleau, tout un secteur d\u00e9moustiqu\u00e9 en pleine nuit"},"content":{"rendered":"<p data-ofstats-scroll=\"read_depth_30\">Une op\u00e9ration de d\u00e9moustication a \u00e9t\u00e9 men\u00e9e dans une partie de la rue Grande\u00a0\u00e0 Fontainebleau\u00a0(Seine-et-Marne), dans la nuit du vendredi\u00a028 au samedi 29\u00a0ao\u00fbt 2026. Elle fait suite \u00e0 la d\u00e9couverte d\u2019un cas de dengue import\u00e9. \u00ab\u00a0La personne concern\u00e9e ne r\u00e9side pas dans la commune, mais a fr\u00e9quent\u00e9 le secteur faisant l\u2019objet de l\u2019op\u00e9ration de d\u00e9moustication durant sa p\u00e9riode de vir\u00e9mie avec notion de piq\u00fbre\u00a0\u00bb, a pr\u00e9cis\u00e9 l\u2019agence r\u00e9gionale de sant\u00e9\u00a0(ARS) \u00cele-de-France, cit\u00e9e par <a href=\"https:\/\/actu.fr\/ile-de-france\/fontainebleau_77186\/pas-de-demoustication-de-confort-a-fontainebleau-un-cas-de-dengue-a-lorigine-de-loperation-anti-moustique-tigre_64733020.html\" target=\"_blank\" rel=\"nofollow noopener\"> La R\u00e9publique de Seine-et-Marne <\/a>.<\/p>\n<p data-ofstats-scroll=\"read_depth_50\">Une enqu\u00eate entomologique a confirm\u00e9 la pr\u00e9sence du moustique tigre dans le secteur. Ce sont ces deux \u00e9l\u00e9ments cumul\u00e9s qui ont pouss\u00e9 \u00e0 la mise en place de l\u2019op\u00e9ration de d\u00e9moustication \u00ab\u00a0afin de pr\u00e9venir tout risque de transmission locale du virus\u00a0\u00bb, a indiqu\u00e9\u00a0l\u2019ARS, cit\u00e9e par nos confr\u00e8res. Si un moustique tigre pique une personne infect\u00e9e, l\u2019insecte peut en effet transmettre le virus \u00e0 d\u2019autres habitants.<\/p>\n<p>        Un temps d\u2019incubation<\/p>\n<p data-ofstats-scroll=\"read_depth_70\">Le cas de dengue identifi\u00e9 \u00e0 Fontainebleau est un cas import\u00e9 mais la d\u00e9moustication doit aussi permettre d\u2019\u00e9viter l\u2019apparition de cas autochtones. Les sympt\u00f4mes de la dengue peuvent mettre entre quatre et dix jours \u00e0 appara\u00eetre. Ces derniers peuvent \u00eatre multiples, comme le rappelle l\u2019ARS\u00a0: \u00ab\u00a0Une forte fi\u00e8vre, des douleurs musculaires ou articulaires, des maux de t\u00eate, une fatigue importante, des naus\u00e9es voire des \u00e9ruptions cutan\u00e9es\u00a0\u00bb. La forme s\u00e9v\u00e8re de la maladie peut provoquer une fi\u00e8vre h\u00e9morragique n\u00e9cessitant une prise en charge m\u00e9dicale en urgence.<\/p>\n<p data-ofstats-scroll=\"read_depth_100\">La commune de Fontainebleau, qui avait annonc\u00e9 cette op\u00e9ration et donn\u00e9 quelques conseils sur son <a href=\"https:\/\/www.fontainebleau.fr\/fil-infos-109\/operation-de-demoustication-menee-par-lars-a-venir-5821.html?cHash=4853c01b083323192e7f62834be10f27\" target=\"_blank\" rel=\"nofollow noopener\">site Internet<\/a>, n\u2019est pas le seul secteur francilien concern\u00e9.\u00a0Le moustique-tigre serait ainsi pr\u00e9sent dans pr\u00e8s de 80\u00a0% de l\u2019\u00cele-de-France.\u00a0Certains comportements peuvent \u00e9viter la prolif\u00e9ration de l\u2019insecte, comme\u00a0vider les r\u00e9cipients d\u2019eau pr\u00e9sents dans les jardins et sur les balcons. L\u2019ARS a fait savoir que l\u2019\u00e9tat de sant\u00e9 du patient infect\u00e9 est stable.<\/p>\n","protected":false},"excerpt":{"rendered":"Une op\u00e9ration de d\u00e9moustication a \u00e9t\u00e9 men\u00e9e dans une partie de la rue Grande\u00a0\u00e0 Fontainebleau\u00a0(Seine-et-Marne), dans la nuit&hellip;\n","protected":false},"author":2,"featured_media":236007,"comment_status":"","ping_status":"","sticky":false,"template":"","format":"standard","meta":{"footnotes":"","_share_on_mastodon":"0"},"categories":[82],"tags":[12,13,18,17,28942,13440,86,5752,467,7349,559,87,2537],"class_list":["post-236006","post","type-post","status-publish","format-standard","has-post-thumbnail","category-sante","tag-be","tag-be-fr","tag-belgique","tag-belgium","tag-dengue","tag-fontainebleau","tag-health","tag-ile-de-france","tag-maladies","tag-moustique","tag-regions","tag-sante","tag-seine-et-marne"],"share_on_mastodon":{"url":"https:\/\/pubeurope.com\/@be_fr\/117201477837828178","error":""},"_links":{"self":[{"href":"https:\/\/www.europesays.com\/be-fr\/wp-json\/wp\/v2\/posts\/236006","targetHints":{"allow":["GET"]}}],"collection":[{"href":"https:\/\/www.europesays.com\/be-fr\/wp-json\/wp\/v2\/posts"}],"about":[{"href":"https:\/\/www.europesays.com\/be-fr\/wp-json\/wp\/v2\/types\/post"}],"author":[{"embeddable":true,"href":"https:\/\/www.europesays.com\/be-fr\/wp-json\/wp\/v2\/users\/2"}],"replies":[{"embeddable":true,"href":"https:\/\/www.europesays.com\/be-fr\/wp-json\/wp\/v2\/comments?post=236006"}],"version-history":[{"count":0,"href":"https:\/\/www.europesays.com\/be-fr\/wp-json\/wp\/v2\/posts\/236006\/revisions"}],"wp:featuredmedia":[{"embeddable":true,"href":"https:\/\/www.europesays.com\/be-fr\/wp-json\/wp\/v2\/media\/236007"}],"wp:attachment":[{"href":"https:\/\/www.europesays.com\/be-fr\/wp-json\/wp\/v2\/media?parent=236006"}],"wp:term":[{"taxonomy":"category","embeddable":true,"href":"https:\/\/www.europesays.com\/be-fr\/wp-json\/wp\/v2\/categories?post=236006"},{"taxonomy":"post_tag","embeddable":true,"href":"https:\/\/www.europesays.com\/be-fr\/wp-json\/wp\/v2\/tags?post=236006"}],"curies":[{"name":"wp","href":"https:\/\/api.w.org\/{rel}","templated":true}]}}