{"id":236034,"date":"2026-09-02T12:54:16","date_gmt":"2026-09-02T12:54:16","guid":{"rendered":"https:\/\/www.europesays.com\/be-fr\/236034\/"},"modified":"2026-09-02T12:54:16","modified_gmt":"2026-09-02T12:54:16","slug":"bruxelles-une-station-de-metro-evacuee-apres-un-depart-de-feu-le-trafic-a-repris","status":"publish","type":"post","link":"https:\/\/www.europesays.com\/be-fr\/236034\/","title":{"rendered":"Bruxelles : une station de m\u00e9tro \u00e9vacu\u00e9e apr\u00e8s un d\u00e9part de feu, le trafic a repris"},"content":{"rendered":"<p class=\"ap-StoryElement ap-StoryElement--mb ap-StoryText\">Les lignes de m\u00e9tro 1 et 5 circulent \u00e0 nouveau normalement mercredi matin entre Gare de l&rsquo;Ouest et De Brouck\u00e8re, apr\u00e8s avoir \u00e9t\u00e9 interrompues en raison d&rsquo;une traverse qui se consumait dans un tunnel. La station \u00c9tangs Noirs avait \u00e9galement \u00e9t\u00e9 \u00e9vacu\u00e9e, ont indiqu\u00e9 les pompiers de Bruxelles et la Stib. Aucun bless\u00e9 n&rsquo;est \u00e0 d\u00e9plorer.<\/p>\n<p class=\"ap-StoryElement ap-StoryElement--mb ap-StoryText\">\u00ab\u00a0Un d\u00e9gagement de fum\u00e9e a \u00e9t\u00e9 provoqu\u00e9 par une traverse qui se consumait dans le tunnel de la station de m\u00e9tro \u00c9tangs Noirs\u00a0\u00bb, avait indiqu\u00e9 le porte-parole des pompiers de Bruxelles, Walter Derieuw. \u00ab\u00a0La station a \u00e9t\u00e9 \u00e9vacu\u00e9e et, entre-temps, nos \u00e9quipes ont \u00e9teint la traverse.\u00a0\u00bb<\/p>\n","protected":false},"excerpt":{"rendered":"Les lignes de m\u00e9tro 1 et 5 circulent \u00e0 nouveau normalement mercredi matin entre Gare de l&rsquo;Ouest et&hellip;\n","protected":false},"author":2,"featured_media":236035,"comment_status":"","ping_status":"","sticky":false,"template":"","format":"standard","meta":{"footnotes":"","_share_on_mastodon":"0"},"categories":[8],"tags":[10,12,13,18,17,19,4438,235,11],"class_list":["post-236034","post","type-post","status-publish","format-standard","has-post-thumbnail","category-actualites","tag-actualites","tag-be","tag-be-fr","tag-belgique","tag-belgium","tag-bxlcap","tag-circulation","tag-mobilite","tag-news"],"share_on_mastodon":{"url":"https:\/\/pubeurope.com\/@be_fr\/117201552106197440","error":""},"_links":{"self":[{"href":"https:\/\/www.europesays.com\/be-fr\/wp-json\/wp\/v2\/posts\/236034","targetHints":{"allow":["GET"]}}],"collection":[{"href":"https:\/\/www.europesays.com\/be-fr\/wp-json\/wp\/v2\/posts"}],"about":[{"href":"https:\/\/www.europesays.com\/be-fr\/wp-json\/wp\/v2\/types\/post"}],"author":[{"embeddable":true,"href":"https:\/\/www.europesays.com\/be-fr\/wp-json\/wp\/v2\/users\/2"}],"replies":[{"embeddable":true,"href":"https:\/\/www.europesays.com\/be-fr\/wp-json\/wp\/v2\/comments?post=236034"}],"version-history":[{"count":0,"href":"https:\/\/www.europesays.com\/be-fr\/wp-json\/wp\/v2\/posts\/236034\/revisions"}],"wp:featuredmedia":[{"embeddable":true,"href":"https:\/\/www.europesays.com\/be-fr\/wp-json\/wp\/v2\/media\/236035"}],"wp:attachment":[{"href":"https:\/\/www.europesays.com\/be-fr\/wp-json\/wp\/v2\/media?parent=236034"}],"wp:term":[{"taxonomy":"category","embeddable":true,"href":"https:\/\/www.europesays.com\/be-fr\/wp-json\/wp\/v2\/categories?post=236034"},{"taxonomy":"post_tag","embeddable":true,"href":"https:\/\/www.europesays.com\/be-fr\/wp-json\/wp\/v2\/tags?post=236034"}],"curies":[{"name":"wp","href":"https:\/\/api.w.org\/{rel}","templated":true}]}}