{"id":236082,"date":"2026-09-02T13:26:22","date_gmt":"2026-09-02T13:26:22","guid":{"rendered":"https:\/\/www.europesays.com\/be-fr\/236082\/"},"modified":"2026-09-02T13:26:22","modified_gmt":"2026-09-02T13:26:22","slug":"helena-noguerra-temoigne-contre-patrick-bruel-dans-lenquete-judiciaire","status":"publish","type":"post","link":"https:\/\/www.europesays.com\/be-fr\/236082\/","title":{"rendered":"Helena Noguerra t\u00e9moigne contre Patrick Bruel dans l\u2019enqu\u00eate judiciaire"},"content":{"rendered":"<p>  <img decoding=\"async\" class=\"r-img lazyloaded\" src=\"https:\/\/www.europesays.com\/be-fr\/wp-content\/uploads\/2026\/09\/1788355581_244_yasmine2.jpg\" alt=\"Yasmine Meziani\"\/><\/p>\n<p>par <a href=\"https:\/\/www.rtl.be\/384772\/dpi-authors\/yasmine-meziani\" rel=\"nofollow noopener\" target=\"_blank\">Yasmine Meziani<\/a><\/p>\n<p>\tPubli\u00e9 le 02 septembre \u00e0 14h13<\/p>\n<p>  <a href=\"https:\/\/www.google.com\/preferences\/source?q=rtl%20info\" class=\"r-link--google-favorites\" role=\"button\">Ajoutez-nous \u00e0 vos favoris Google<\/a><br \/>\n\tLa chanteuse et actrice belge Helena Noguerra a \u00e9t\u00e9 auditionn\u00e9e par la police judiciaire dans le cadre de l\u2019enqu\u00eate visant Patrick Bruel, affirmant avoir \u00e9t\u00e9 victime de faits dont on ne conna\u00eet pas encore la nature.<\/p>\n<p>&#13;<br \/>\n&#13;<\/p>\n<p>La chanteuse et actrice belge Helena Noguerra t\u00e9moigne \u00e0 son tour dans le cadre de l\u2019enqu\u00eate ciblant Patrick Bruel. Elle affirme avoir \u00e9t\u00e9 victime du chanteur au d\u00e9but des ann\u00e9es 2000.<\/p>\n<p>Ce t\u00e9moignage intervient alors que Patrick Bruel est accus\u00e9 de violences sexuelles par plusieurs dizaines de femmes. Le chanteur a \u00e9t\u00e9 mis en examen pour viol.<\/p>\n<p>&#13;<br \/>\n&#13;<\/p>\n<p>&#13;<br \/>\n&#13;<\/p>\n<p>\n  &#13;<br \/>\n  \u00c0 lire aussi&#13;<br \/>\n  &#13;<\/p>\n<p>  <img decoding=\"async\" data-copyright=\"RTL INFO\" class=\"r-img\"  typeof=\"foaf:Image\" src=\"https:\/\/www.europesays.com\/be-fr\/wp-content\/uploads\/2026\/09\/1788355582_348_99798012.jpeg\" alt=\"bruel .jpg\"\/><br \/>\n        <a class=\"r-stories--link\" href=\"https:\/\/www.rtl.be\/people\/news\/patrick-bruel-annule-sa-tournee-comment-les-spectateurs-seront-ils-rembourses\/2026-09-02\/article\/799052\" rel=\"nofollow noopener\" target=\"_blank\">Patrick Bruel annule sa tourn\u00e9e\u00a0: comment les spectateurs seront-ils rembours\u00e9s\u00a0?<\/a>&#13;<br \/>\n  &#13;<br \/>\n&#13;\n<\/p>\n<p>\u00c2g\u00e9e de 57 ans, Helena Noguerra a \u00e9t\u00e9 convoqu\u00e9e par la police judiciaire cet \u00e9t\u00e9. Les faits qu\u2019elle \u00e9voque remontent \u00e0 plusieurs ann\u00e9es. Leur nature pr\u00e9cise n\u2019est pas encore connue \u00e0 ce stade.<\/p>\n<p>Lio, la s\u0153ur d\u2019Helena Noguerra, s\u2019\u00e9tait d\u00e9j\u00e0 exprim\u00e9e sur le sujet dans La D\u00e9p\u00eache du Midi en mai dernier\u00a0: \u00ab\u00a0On le sait depuis des ann\u00e9es\u2026 Qu\u2019il aille se faire soigner\u00a0! Il faut lui apprendre \u00e0 rentrer son sexe, je suis d\u00e9sol\u00e9e, il a un probl\u00e8me\u00a0\u00bb, avait-elle d\u00e9clar\u00e9.<\/p>\n<p>Un t\u00e9moignage, mais pas de plainte<\/p>\n<p>Selon plusieurs sources \u00e9voqu\u00e9es par RTL France, Helena Noguerra a accept\u00e9 de t\u00e9moigner aupr\u00e8s de la justice. Elle n\u2019a toutefois pas souhait\u00e9 d\u00e9poser plainte contre Patrick Bruel.<\/p>\n<p>&#13;<br \/>\n&#13;<\/p>\n<p>&#13;<br \/>\n&#13;<\/p>\n<p><a class=\"r-btn r-btn--tag\" href=\"https:\/\/www.rtl.be\/335694\/persons\/patrick-bruel\" title=\"Patrick Bruel\" rel=\"nofollow noopener\" target=\"_blank\">Patrick Bruel<\/a><br \/>\n<a class=\"r-btn r-btn--tag\" href=\"https:\/\/www.rtl.be\/378596\/persons\/helena-noguerra\" title=\"Helena Noguerra\" rel=\"nofollow noopener\" target=\"_blank\">Helena Noguerra<\/a><\/p>\n","protected":false},"excerpt":{"rendered":"par Yasmine Meziani Publi\u00e9 le 02 septembre \u00e0 14h13 Ajoutez-nous \u00e0 vos favoris Google La chanteuse et actrice&hellip;\n","protected":false},"author":2,"featured_media":236083,"comment_status":"","ping_status":"","sticky":false,"template":"","format":"standard","meta":{"footnotes":"","_share_on_mastodon":"0"},"categories":[83],"tags":[73006,47800,73004,12,13,18,17,73005,96,63120,95,3432,3214,7986,6371],"class_list":["post-236082","post","type-post","status-publish","format-standard","has-post-thumbnail","category-divertissement","tag-accusation-viol","tag-annees-2000","tag-audition-police","tag-be","tag-be-fr","tag-belgique","tag-belgium","tag-chanteuse-belge","tag-divertissement","tag-enquete-judiciaire","tag-entertainment","tag-helena-noguerra","tag-patrick-bruel","tag-temoignage","tag-violences-sexuelles"],"share_on_mastodon":{"url":"https:\/\/pubeurope.com\/@be_fr\/117201678530945295","error":""},"_links":{"self":[{"href":"https:\/\/www.europesays.com\/be-fr\/wp-json\/wp\/v2\/posts\/236082","targetHints":{"allow":["GET"]}}],"collection":[{"href":"https:\/\/www.europesays.com\/be-fr\/wp-json\/wp\/v2\/posts"}],"about":[{"href":"https:\/\/www.europesays.com\/be-fr\/wp-json\/wp\/v2\/types\/post"}],"author":[{"embeddable":true,"href":"https:\/\/www.europesays.com\/be-fr\/wp-json\/wp\/v2\/users\/2"}],"replies":[{"embeddable":true,"href":"https:\/\/www.europesays.com\/be-fr\/wp-json\/wp\/v2\/comments?post=236082"}],"version-history":[{"count":0,"href":"https:\/\/www.europesays.com\/be-fr\/wp-json\/wp\/v2\/posts\/236082\/revisions"}],"wp:featuredmedia":[{"embeddable":true,"href":"https:\/\/www.europesays.com\/be-fr\/wp-json\/wp\/v2\/media\/236083"}],"wp:attachment":[{"href":"https:\/\/www.europesays.com\/be-fr\/wp-json\/wp\/v2\/media?parent=236082"}],"wp:term":[{"taxonomy":"category","embeddable":true,"href":"https:\/\/www.europesays.com\/be-fr\/wp-json\/wp\/v2\/categories?post=236082"},{"taxonomy":"post_tag","embeddable":true,"href":"https:\/\/www.europesays.com\/be-fr\/wp-json\/wp\/v2\/tags?post=236082"}],"curies":[{"name":"wp","href":"https:\/\/api.w.org\/{rel}","templated":true}]}}