{"id":236100,"date":"2026-09-02T13:36:13","date_gmt":"2026-09-02T13:36:13","guid":{"rendered":"https:\/\/www.europesays.com\/be-fr\/236100\/"},"modified":"2026-09-02T13:36:13","modified_gmt":"2026-09-02T13:36:13","slug":"ncis-tony-dinozzo-michael-weatherly-nest-pas-le-seul-a-faire-son-retour-dans-la-bande-annonce-evenement-de-la-saison-24","status":"publish","type":"post","link":"https:\/\/www.europesays.com\/be-fr\/236100\/","title":{"rendered":"NCIS : Tony DiNozzo (Michael Weatherly) n\u2019est pas le seul \u00e0 faire son retour dans la bande-annonce \u00e9v\u00e9nement de la saison 24"},"content":{"rendered":"<p>Un retour on ne peut plus attendu&#8230; Apr\u00e8s dix ans d&rsquo;absence, <a href=\"https:\/\/www.programme-tv.net\/news\/series-tv\/405424-ncis-michael-weatherly-donne-des-indices-sur-son-retour-et-il-est-lie-au-spin-off-sur-tony-et-ziva\/\" data-api-deeplink=\"teleloisirs:\/\/news\/405424\" rel=\"nofollow noopener\" target=\"_blank\">Michael Weatherly reprend son r\u00f4le de Tony DiNozzo<\/a> dans la saison 24 de NCIS. L&rsquo;agent avait quitt\u00e9 sa fid\u00e8le \u00e9quipe \u00e0 l&rsquo;issue de la treizi\u00e8me salve pour se consacrer \u00e0 l&rsquo;\u00e9ducation de sa fille, Tali, n\u00e9e de son union avec sa coll\u00e8gue Ziva David. Depuis, sa fille a bien grandi et Tony DiNozzo est de retour dans les locaux du NCIS.<\/p>\n<p>Sur Instagram, la bande-annonce de la saison 24, qui devrait d\u00e9barquer en 2027 sur M6, a \u00e9t\u00e9 d\u00e9voil\u00e9e par le compte officiel de la s\u00e9rie. On d\u00e9couvre ainsi que l&rsquo;\u00e9quipe se penche sur une nouvelle affaire sordide apr\u00e8s la d\u00e9couverte d&rsquo;un <a href=\"https:\/\/www.programme-tv.net\/news\/series-tv\/403271-ncis-quelqu-un-va-bien-prendre-une-balle-wilmer-valderrama-nick-torres-evoque-des-changements-majeurs-pour-la-saison-24-et-ca-ne-va-pas-plaire-a-tout-le-monde\/\" data-api-deeplink=\"teleloisirs:\/\/news\/403271\" rel=\"nofollow noopener\" target=\"_blank\">corps dans le hangar de la marine.<\/a> \u00ab\u00a0Qu&rsquo;en pense M. DiNozzo ?\u00a0\u00bb, demande une enqu\u00eatrice, avant que ce dernier ne sorte de l\u2019ascenseur, portant un badge visiteur.<\/p>\n<p>    \u00ab\u00a0C&rsquo;est un nouveau moi, Tim\u00a0\u00bb : Tony DiNozzo retrouve McGee dans la bande-annonce de la saison 24 de NCIS<\/p>\n<p>D\u00e8s son entr\u00e9e dans les locaux, Tony DiNozzo ne peut s&#8217;emp\u00eacher de commenter le d\u00e9cor des bureaux : \u00ab\u00a0Oh, les murs orange\u2026 Anthony DiNozzo, le tr\u00e8s sp\u00e9cial non-agent, est de retour\u00a0\u00bb, lance-t-il. L&rsquo;ancien agent se joint alors \u00e0 Tim McGee pour enqu\u00eater sur la faille de s\u00e9curit\u00e9 du syst\u00e8me de la marine. \u00ab\u00a0Si l&rsquo;agent sp\u00e9cial Tim McGee est attentif, tout ira bien\u00a0\u00bb, lance-t-il \u00e0 son ancien partenaire.<\/p>\n<p>\u00ab\u00a0C&rsquo;est pas celui qui avait mis de la colle sur ton clavier ?\u00a0\u00bb, demande Nick Torres \u00e0 McGee. Le personnage jou\u00e9 par Michael Weatherly s&rsquo;adresse ensuite \u00e0 son ancien partenaire, incarn\u00e9 par <a href=\"https:\/\/www.programme-tv.net\/news\/series-tv\/392548-ncis-personne-n-est-en-securite-sean-murray-mcgee-repond-aux-rumeurs-sur-son-depart-de-la-serie\/\" data-api-deeplink=\"teleloisirs:\/\/news\/392548\" rel=\"nofollow noopener\" target=\"_blank\">Sean Murray<\/a> : \u00ab\u00a0C&rsquo;est un nouveau moi, Tim. Accepte-le\u00a0\u00bb, lui affirme-t-il. Dans les premi\u00e8res saisons de la s\u00e9rie, DiNozzo n&rsquo;a en effet pas \u00e9t\u00e9 tr\u00e8s tendre avec son coll\u00e8gue McGee, qui \u00e9tait alors une jeune recrue.<\/p>\n<p>La bande-annonce encha\u00eene ensuite avec une succession d&rsquo;images d&rsquo;explosions et de cascades spectaculaires. Et lorsque les spectateurs pensent \u00eatre au bout de leurs surprises, <a href=\"https:\/\/www.programme-tv.net\/news\/series-tv\/404823-ncis-mark-harmon-reprend-enfin-son-role-de-gibbs\/\" data-api-deeplink=\"teleloisirs:\/\/news\/404823\" rel=\"nofollow noopener\" target=\"_blank\">Mark Harmon appara\u00eet \u00e0 l&rsquo;\u00e9cran<\/a> ! L&rsquo;interpr\u00e8te de Gibbs se tient aux c\u00f4t\u00e9s d&rsquo;<a href=\"https:\/\/www.programme-tv.net\/news\/series-tv\/362962-ncis-origins-les-jours-les-plus-sombres-de-ma-vie-comment-lacteur-austin-stowell-sest-inspire-dune-tragedie-personnelle-pour-jouer-gibbs\/\" data-api-deeplink=\"teleloisirs:\/\/news\/362962\" rel=\"nofollow noopener\" target=\"_blank\">Austin Stowell, qui pr\u00eate aussi ses traits \u00e0 la version plus jeune du protagoniste<\/a> dans la s\u00e9rie d\u00e9riv\u00e9e <a href=\"https:\/\/www.programme-tv.net\/news\/series-tv\/390797-ncis-origins-adam-campbell-incarne-a-nouveau-ducky-jeune-dans-l-episode-hommage-a-david-mccallum-les-premieres-images-devoilees\/\" data-api-deeplink=\"teleloisirs:\/\/news\/390797\" rel=\"nofollow noopener\" target=\"_blank\">NCIS : Origins<\/a>.<\/p>\n<p>NCIS : Mark Harmon appara\u00eet aussi dans la bande-annonce de la saison 24 !<\/p>\n<p>\u00ab\u00a0Ce n&rsquo;est pas tout\u00a0\u00bb, pr\u00e9vient Mark Harmon, tandis qu&rsquo;Austin Stowell compl\u00e8te : \u00ab\u00a0Le trailer de la prochaine saison de NCIS : Origins sera d\u00e9voil\u00e9 la semaine prochaine\u00a0\u00bb. Il y a quelques semaines, l&rsquo;interpr\u00e8te historique de Gibbs avait, en effet, annonc\u00e9 reprendre son r\u00f4le dans le prequel de NCIS, durant toute sa troisi\u00e8me saison.<\/p>\n<p>En revanche, si les fans de la premi\u00e8re heure s&rsquo;attendaient \u00e0 retrouver Ziva dans la bande-annonce de la saison 24, <a href=\"https:\/\/www.programme-tv.net\/news\/series-tv\/395804-ncis-tony-ziva-michael-weatherly-et-cote-de-pablo-reagissent-a-leur-scene-damour-sur-une-chanson-de-louane-dans-lepisode-3\/\" data-api-deeplink=\"teleloisirs:\/\/news\/395804\" rel=\"nofollow noopener\" target=\"_blank\">Cote de Pablo<\/a> ne fait aucune apparition. Les t\u00e9l\u00e9spectateurs peuvent toujours s&rsquo;accrocher \u00e0 l&rsquo;espoir d&rsquo;un retour surprise&#8230;<\/p>\n<p>Article \u00e9crit en collaboration avec 6M\u00e9dias.<\/p>\n","protected":false},"excerpt":{"rendered":"Un retour on ne peut plus attendu&#8230; Apr\u00e8s dix ans d&rsquo;absence, Michael Weatherly reprend son r\u00f4le de Tony&hellip;\n","protected":false},"author":2,"featured_media":236101,"comment_status":"","ping_status":"","sticky":false,"template":"","format":"standard","meta":{"footnotes":"","_share_on_mastodon":"0"},"categories":[99],"tags":[1469,2437,116,12,13,18,17,118,73007,96,95,51242,54841,26233,73008,2436,2438,112],"class_list":["post-236100","post","type-post","status-publish","format-standard","has-post-thumbnail","category-television","tag-1469","tag-amazon-prime-vidu00e9o","tag-bande-annonce","tag-be","tag-be-fr","tag-belgique","tag-belgium","tag-commentaire","tag-cote-de-pablo","tag-divertissement","tag-entertainment","tag-mark-harmon","tag-michael-weatherly","tag-ncis","tag-ncis-tony-ziva-m6-31-janv","tag-pub-streaming-prime-video","tag-svod","tag-television"],"share_on_mastodon":{"url":"https:\/\/pubeurope.com\/@be_fr\/117201717692969047","error":""},"_links":{"self":[{"href":"https:\/\/www.europesays.com\/be-fr\/wp-json\/wp\/v2\/posts\/236100","targetHints":{"allow":["GET"]}}],"collection":[{"href":"https:\/\/www.europesays.com\/be-fr\/wp-json\/wp\/v2\/posts"}],"about":[{"href":"https:\/\/www.europesays.com\/be-fr\/wp-json\/wp\/v2\/types\/post"}],"author":[{"embeddable":true,"href":"https:\/\/www.europesays.com\/be-fr\/wp-json\/wp\/v2\/users\/2"}],"replies":[{"embeddable":true,"href":"https:\/\/www.europesays.com\/be-fr\/wp-json\/wp\/v2\/comments?post=236100"}],"version-history":[{"count":0,"href":"https:\/\/www.europesays.com\/be-fr\/wp-json\/wp\/v2\/posts\/236100\/revisions"}],"wp:featuredmedia":[{"embeddable":true,"href":"https:\/\/www.europesays.com\/be-fr\/wp-json\/wp\/v2\/media\/236101"}],"wp:attachment":[{"href":"https:\/\/www.europesays.com\/be-fr\/wp-json\/wp\/v2\/media?parent=236100"}],"wp:term":[{"taxonomy":"category","embeddable":true,"href":"https:\/\/www.europesays.com\/be-fr\/wp-json\/wp\/v2\/categories?post=236100"},{"taxonomy":"post_tag","embeddable":true,"href":"https:\/\/www.europesays.com\/be-fr\/wp-json\/wp\/v2\/tags?post=236100"}],"curies":[{"name":"wp","href":"https:\/\/api.w.org\/{rel}","templated":true}]}}