{"id":236150,"date":"2026-09-02T14:13:09","date_gmt":"2026-09-02T14:13:09","guid":{"rendered":"https:\/\/www.europesays.com\/be-fr\/236150\/"},"modified":"2026-09-02T14:13:09","modified_gmt":"2026-09-02T14:13:09","slug":"le-president-russe-durcit-sa-guerre-contre-sa-population-connaitre-poutine-ne-suffit-plus-pour-rester-en-russie","status":"publish","type":"post","link":"https:\/\/www.europesays.com\/be-fr\/236150\/","title":{"rendered":"Le pr\u00e9sident russe durcit sa guerre contre sa population\u00a0: \u00ab\u00a0Conna\u00eetre Poutine ne suffit plus pour rester en Russie\u00a0\u00bb"},"content":{"rendered":"<p><a href=\"\" target=\"_self\" rel=\"noopener noreferrer\" class=\"ap-StoryInterstitialLink ap-StoryElement ap-StoryElement--mb js-paywall-target\">Les \u00e9lections, p\u00e9riode sensible pour le Kremlin<\/a><\/p>\n<p class=\"ap-StoryElement ap-StoryElement--mb ap-StoryText\">\u00c0 chaque raid, les agents recherchent des militants de gauche radicale, des f\u00e9ministes ou des preuves de \u00ab\u00a0propagande LGBT\u00a0\u00bb, motiv\u00e9s par les valeurs ultranationalistes du Kremlin mais aussi, par crainte des sous-cultures, vues par les agents du service de lutte contre l&rsquo;extr\u00e9misme comme des mouvements propices aux conspirations. Ces op\u00e9rations de police avant tout destin\u00e9es \u00e0 ficher d&rsquo;\u00e9ventuels opposants et qui ne finissent pas toujours en arrestations, se multiplient \u00e0 la veille d&rsquo;\u00e9lections l\u00e9gislatives et locales qui se tiendront du 18 au 20 septembre.<\/p>\n<p class=\"ap-StoryElement ap-StoryElement--mb ap-StoryText\">Le Kremlin semble avoir une nouvelle fois relev\u00e9 son niveau de parano\u00efa. La raison probable : sa rh\u00e9torique guerri\u00e8re, qui annonce un conflit loin de toucher \u00e0 sa fin, se confronte aux d\u00e9sirs de paix r\u00e9clam\u00e9s publiquement et massivement par la population ces derniers mois.<\/p>\n<p><a href=\"https:\/\/www.lalibre.be\/international\/europe\/guerre-ukraine-russie\/2026\/05\/06\/en-russie-vladimir-poutine-entre-pression-et-paranoia-sous-la-stabilite-de-surface-se-trouve-un-systeme-politique-fracture-WAMJEHOP3VFVJB2ZHAALXKS7OQ\/\" target=\"_self\" class=\"ap-StoryInterstitialLink ap-StoryElement ap-StoryElement--mb\" rel=\"nofollow noopener\">En Russie, Vladimir Poutine entre pression et parano\u00efa: \u00ab\u00a0Sous la stabilit\u00e9 de surface se trouve un syst\u00e8me politique fractur\u00e9\u00a0\u00bb<\/a>Actions absurdes et symboliques<\/p>\n<p class=\"ap-StoryElement ap-StoryElement--mb ap-StoryText\">Pouss\u00e9s \u00e0 ne rien laisser passer et \u00e0 ne pas se faire remarquer par Moscou, les bureaux r\u00e9gionaux des services de renseignement, le FSB, multiplient les actions absurdes mais symboliques. Le 14 ao\u00fbt dernier, un jeune homme de 19 ans de Kourgan (fronti\u00e8re avec le Kazakhstan), a \u00e9t\u00e9 arr\u00eat\u00e9 pour avoir \u00e9cout\u00e9 une chanson d&rsquo;un artiste en exil en utilisant un VPN pour contourner la censure. Le 28 juillet dernier, Daniil Neonov, 24 ans, candidat ind\u00e9pendant dans son quartier de Moscou, a \u00e9t\u00e9 plac\u00e9 en cellule. Il a \u00e9t\u00e9 accus\u00e9 de \u00ab\u00a0propagande homosexuelle\u00a0\u00bb parce qu&rsquo;il apparaissait sur une photo portant un v\u00eatement compos\u00e9 d&rsquo;un motif arc-en-ciel. Apr\u00e8s avoir pass\u00e9 dix jours en prison, le jeune homme a de nouveau \u00e9t\u00e9 arr\u00eat\u00e9, d\u00e8s la sortie de sa cellule. Il est de nouveau poursuivi pour \u00ab\u00a0propagande homosexuelle\u00a0\u00bb, l&rsquo;int\u00e9ress\u00e9 ignore les bases de cette nouvelle accusation.<\/p>\n<p class=\"ap-StoryElement ap-StoryElement--mb ap-StoryText\">Aux poursuites symboliques s&rsquo;ajoutent celles directement commandit\u00e9es par le Kremlin via son service d&rsquo;enqu\u00eateurs du \u00ab\u00a0comit\u00e9 d&rsquo;enqu\u00eate\u00a0\u00bb. Les partis traditionnels, pourtant accept\u00e9s dans le syst\u00e8me politique russe, n&rsquo;\u00e9chappent plus \u00e0 la r\u00e9pression. D\u00e9but ao\u00fbt, un militaire actuellement sur le front ukrainien esp\u00e9rait pouvoir se pr\u00e9senter aux \u00e9lections dans son quartier de Saint-P\u00e9tersbourg au nom du parti nationaliste LDPR. En r\u00e9ponse \u00e0 sa demande de permission pour faire campagne, les autorit\u00e9s l&rsquo;ont transf\u00e9r\u00e9 dans une unit\u00e9 d&rsquo;assaut. Il est d\u00e9sormais injoignable.<\/p>\n<p class=\"ap-StoryElement ap-StoryElement--mb ap-StoryText\">Le 21 ao\u00fbt, c&rsquo;est l&rsquo;autre c\u00f4t\u00e9 de l&rsquo;\u00e9chiquier politique qui a \u00e9t\u00e9 vis\u00e9. Candidat communiste de Saratov nomm\u00e9 par le si\u00e8ge central \u00e0 Moscou, Nikola\u00ef Bondarenko est accus\u00e9 de \u00ab\u00a0d\u00e9monstration d&rsquo;un symbole extr\u00e9miste\u00a0\u00bb pour avoir montr\u00e9 une image de l&rsquo;opposant <a href=\"https:\/\/www.lalibre.be\/international\/europe\/guerre-ukraine-russie\/2026\/02\/14\/alexei-navalny-a-bien-ete-empoisonne-en-prison-par-la-russie-conclut-une-enquete-de-cinq-pays-UPBWRFIQBVFE3FOZTJW6VDR6EM\/\" target=\"_self\" rel=\"nofollow noopener\">Alexe\u00ef Navalny<\/a>, mort en colonie p\u00e9nitentiaire en 2024 dans une de ses vid\u00e9os YouTube. La man\u0153uvre semble r\u00e9solument politique : une condamnation sous ces termes suffirait \u00e0 l&#8217;emp\u00eacher de participer \u00e0 l&rsquo;\u00e9lection.<\/p>\n<p><a href=\"https:\/\/www.lalibre.be\/international\/europe\/guerre-ukraine-russie\/2026\/09\/01\/ils-vont-me-pendre-vladimir-poutine-craindrait-pour-sa-vie-en-cas-de-defaite-militaire-et-pourrait-decider-dune-nouvelle-surenchere-JOWZTU75T5ATXIMCXY77QYDRFE\/\" target=\"_self\" class=\"ap-StoryInterstitialLink ap-StoryElement ap-StoryElement--mb\" rel=\"nofollow noopener\">\u00ab\u00a0Ils vont me pendre\u00a0\u00bb: Vladimir Poutine craindrait pour sa vie en cas de d\u00e9faite militaire&#8230; et pourrait d\u00e9cider d&rsquo;une nouvelle surench\u00e8re<\/a>\u00ab\u00a0Non-respect des droits d&rsquo;auteur\u00a0\u00bb<\/p>\n<p class=\"ap-StoryElement ap-StoryElement--mb ap-StoryText\">L&rsquo;\u00e9t\u00e9 a \u00e9galement \u00e9t\u00e9 marqu\u00e9 par un double coup de massue pour les Russes lib\u00e9raux, avec la liquidation du parti politique lib\u00e9ral historique, \u00ab\u00a0Iabloko\u00a0\u00bb. Le parti antiguerre se faisait discret depuis plusieurs ann\u00e9es et parvenait partiellement \u00e0 passer entre les gouttes de la r\u00e9pression. Le 10 ao\u00fbt dernier, il a tout simplement \u00e9t\u00e9 priv\u00e9 de participation aux \u00e9lections. Les autorit\u00e9s ont mis en avant, sans apporter de preuves, la r\u00e9ception d&rsquo;un financement \u00e9tranger, des d\u00e9clarations \u00ab\u00a0ill\u00e9gales\u00a0\u00bb et l&rsquo;utilisation par le chef du parti, dans un discours, de paroles d&rsquo;une chanson sovi\u00e9tique hors des r\u00e8gles du droit d&rsquo;auteur\u2026 Des accusations qui fr\u00f4lent l&rsquo;absurde qui ont \u00e9galement donn\u00e9 lieu \u00e0 la lourde condamnation du vice-pr\u00e9sident du parti, Lev Shlosberg, \u00e0 11 ans et un mois de prison dans une affaire p\u00e9nale li\u00e9e \u00e0 des d\u00e9clarations antiguerre.<\/p>\n<p class=\"ap-StoryElement ap-StoryElement--mb ap-StoryText\">Le verdict a glac\u00e9 les rares critiques du r\u00e9gime encore \u00e0 Moscou. Quelques jours plus tard, Boris Nadejdine, ancien candidat d&rsquo;opposition \u00e0 la pr\u00e9sidentielle, apparaissait \u00e0 Paris, devant la tour Eiffel, lui aussi choqu\u00e9 par cette condamnation. \u00ab\u00a0Shlosberg a fait un choix entre l&rsquo;exil et la poursuite de son combat sur place. Pour moi, la question ne s&rsquo;est pas pos\u00e9e, ma priorit\u00e9 est ma famille. Quand mes avocats m&rsquo;ont conseill\u00e9 de quitter la Russie, je suis parti instantan\u00e9ment\u00a0\u00bb, confie l&rsquo;opposant.<\/p>\n<p class=\"ap-StoryElement ap-StoryElement--mb ap-StoryText\">Il observe la situation avec d\u00e9pit, regrette des proc\u00e8s \u00ab\u00a0cirque\u00a0\u00bb qui se multiplient et en conclut que \u00ab\u00a0la d\u00e9gradation du pouvoir entre dans sa phase finale\u00a0\u00bb. L&rsquo;opposant reconna\u00eet volontiers avoir pass\u00e9 30 ans au sein du pouvoir russe, \u00e0 boire le th\u00e9 avec <a href=\"https:\/\/www.lalibre.be\/international\/europe\/guerre-ukraine-russie\/2026\/09\/01\/ils-vont-me-pendre-vladimir-poutine-craindrait-pour-sa-vie-en-cas-de-defaite-militaire-et-pourrait-decider-dune-nouvelle-surenchere-JOWZTU75T5ATXIMCXY77QYDRFE\/\" target=\"_self\" rel=\"nofollow noopener\">Vladimir Poutine<\/a>, \u00e0 copiner avec le pr\u00e9sident de la Douma, Viatcheslav Volodine, ou la pr\u00e9sidente du Conseil de la F\u00e9d\u00e9ration, Valentina Matvienko, avant de se faire jeter du syst\u00e8me et de perdre son droit de cit\u00e9 \u00e0 la t\u00e9l\u00e9vision russe d\u00e8s ses premiers propos critiques de la guerre.<\/p>\n<p class=\"ap-StoryElement ap-StoryElement--mb ap-StoryText\">\u00ab\u00a0Mes connaissances m&rsquo;ont peut-\u00eatre permis de choisir l&rsquo;exil \u00e0 la prison, mais conna\u00eetre Poutine ne suffit plus pour rester en Russie aujourd&rsquo;hui. Quand l&rsquo;administration pr\u00e9sidentielle a donn\u00e9 son feu vert, c&rsquo;est tout le syst\u00e8me qui s&rsquo;est abattu sur moi en deux semaines, les affaires judiciaires se sont soudainement multipli\u00e9es ! La justice, la police, n&rsquo;importe quel procureur \u00e0 l&rsquo;autre bout du pays peut regarder une de mes vid\u00e9os en ligne et d\u00e9cider de me poursuivre sous un motif fallacieux\u00a0\u00bb, explique-t-il.<\/p>\n<p class=\"ap-StoryElement ap-StoryElement--mb ap-StoryText\">Rappelant sa chance d&rsquo;avoir pu quitter la Russie 24 heures avant une convocation du comit\u00e9 d&rsquo;enqu\u00eate, Boris Nadejdine s&rsquo;imagine difficilement jouer le r\u00f4le de l&rsquo;opposant en exil. \u00ab\u00a0Je ne peux plus faire de politique en Russie si je n&rsquo;y suis pas\u00a0\u00bb estime-t-il, d\u00e9sirant d\u00e9sormais faire profil bas pour prot\u00e9ger sa famille rest\u00e9e en Russie.<\/p>\n<p><a href=\"https:\/\/www.lalibre.be\/international\/europe\/guerre-ukraine-russie\/2026\/09\/02\/les-elections-periode-sensible-pour-le-kremlin-566M2PJRIZAPZOQLYEYIDHRTBM\/\" target=\"_self\" class=\"ap-StoryInterstitialLink ap-StoryElement ap-StoryElement--mb\" rel=\"nofollow noopener\">Les \u00e9lections, p\u00e9riode sensible pour le Kremlin<\/a><\/p>\n","protected":false},"excerpt":{"rendered":"Les \u00e9lections, p\u00e9riode sensible pour le Kremlin \u00c0 chaque raid, les agents recherchent des militants de gauche radicale,&hellip;\n","protected":false},"author":2,"featured_media":236151,"comment_status":"","ping_status":"","sticky":false,"template":"","format":"standard","meta":{"footnotes":"","_share_on_mastodon":"0"},"categories":[9],"tags":[12,13,18,17,1276,31,2509,32],"class_list":["post-236150","post","type-post","status-publish","format-standard","has-post-thumbnail","category-international","tag-be","tag-be-fr","tag-belgique","tag-belgium","tag-conflit-russie-ukraine","tag-international","tag-vladimir-poutine","tag-world-news"],"share_on_mastodon":{"url":"https:\/\/pubeurope.com\/@be_fr\/117201863423495593","error":""},"_links":{"self":[{"href":"https:\/\/www.europesays.com\/be-fr\/wp-json\/wp\/v2\/posts\/236150","targetHints":{"allow":["GET"]}}],"collection":[{"href":"https:\/\/www.europesays.com\/be-fr\/wp-json\/wp\/v2\/posts"}],"about":[{"href":"https:\/\/www.europesays.com\/be-fr\/wp-json\/wp\/v2\/types\/post"}],"author":[{"embeddable":true,"href":"https:\/\/www.europesays.com\/be-fr\/wp-json\/wp\/v2\/users\/2"}],"replies":[{"embeddable":true,"href":"https:\/\/www.europesays.com\/be-fr\/wp-json\/wp\/v2\/comments?post=236150"}],"version-history":[{"count":0,"href":"https:\/\/www.europesays.com\/be-fr\/wp-json\/wp\/v2\/posts\/236150\/revisions"}],"wp:featuredmedia":[{"embeddable":true,"href":"https:\/\/www.europesays.com\/be-fr\/wp-json\/wp\/v2\/media\/236151"}],"wp:attachment":[{"href":"https:\/\/www.europesays.com\/be-fr\/wp-json\/wp\/v2\/media?parent=236150"}],"wp:term":[{"taxonomy":"category","embeddable":true,"href":"https:\/\/www.europesays.com\/be-fr\/wp-json\/wp\/v2\/categories?post=236150"},{"taxonomy":"post_tag","embeddable":true,"href":"https:\/\/www.europesays.com\/be-fr\/wp-json\/wp\/v2\/tags?post=236150"}],"curies":[{"name":"wp","href":"https:\/\/api.w.org\/{rel}","templated":true}]}}