{"id":236154,"date":"2026-09-02T14:15:23","date_gmt":"2026-09-02T14:15:23","guid":{"rendered":"https:\/\/www.europesays.com\/be-fr\/236154\/"},"modified":"2026-09-02T14:15:23","modified_gmt":"2026-09-02T14:15:23","slug":"une-premiere-depuis-juillet-2022-en-belgique-le-prix-de-lessence-95-repassera-jeudi-au-dessus-des-2-euros-le-litre","status":"publish","type":"post","link":"https:\/\/www.europesays.com\/be-fr\/236154\/","title":{"rendered":"Une premi\u00e8re depuis juillet 2022 en Belgique : le prix de l&rsquo;essence 95 repassera jeudi au-dessus des 2 euros le litre"},"content":{"rendered":"<p class=\"ap-StoryElement ap-StoryElement--mb ap-StoryText\">Le prix maximum du diesel augmentera \u00e9galement jeudi, sans toutefois atteindre le niveau observ\u00e9 en avril. Il progressera de 14,5 centimes, \u00e0 2,386 euros le litre.<\/p>\n<p class=\"ap-StoryElement ap-StoryElement--mb ap-StoryText\">Les prix des carburants augmentent sous l&rsquo;effet de l&rsquo;\u00e9volution des cours du p\u00e9trole et des biocomposants sur les march\u00e9s internationaux. La guerre au Moyen-Orient a fait grimper ces prix ces derniers mois.<\/p>\n","protected":false},"excerpt":{"rendered":"Le prix maximum du diesel augmentera \u00e9galement jeudi, sans toutefois atteindre le niveau observ\u00e9 en avril. Il progressera&hellip;\n","protected":false},"author":2,"featured_media":236155,"comment_status":"","ping_status":"","sticky":false,"template":"","format":"standard","meta":{"footnotes":"","_share_on_mastodon":"0"},"categories":[8],"tags":[2626,10,961,3847,12,13,18,17,1074,3026,3851,1076,14327,1077,1078,1079,1080,482,3961,3914,691,11,969,901,1081,1541,906,4428,84,907,3963,1082,1439],"class_list":["post-236154","post","type-post","status-publish","format-standard","has-post-thumbnail","category-actualites","tag-activity","tag-actualites","tag-adult","tag-athlete","tag-be","tag-be-fr","tag-belgique","tag-belgium","tag-bruges","tag-clothing","tag-competition","tag-d1","tag-determination","tag-division-un","tag-eerste-klasse","tag-first-division","tag-foot","tag-football","tag-football-player","tag-luik","tag-motion","tag-news","tag-one-person","tag-player","tag-premiere-division","tag-red","tag-soccer","tag-soccer-player","tag-sports","tag-stadium","tag-tackle","tag-voetbal","tag-young-adult"],"share_on_mastodon":{"url":"https:\/\/pubeurope.com\/@be_fr\/117201871038977469","error":""},"_links":{"self":[{"href":"https:\/\/www.europesays.com\/be-fr\/wp-json\/wp\/v2\/posts\/236154","targetHints":{"allow":["GET"]}}],"collection":[{"href":"https:\/\/www.europesays.com\/be-fr\/wp-json\/wp\/v2\/posts"}],"about":[{"href":"https:\/\/www.europesays.com\/be-fr\/wp-json\/wp\/v2\/types\/post"}],"author":[{"embeddable":true,"href":"https:\/\/www.europesays.com\/be-fr\/wp-json\/wp\/v2\/users\/2"}],"replies":[{"embeddable":true,"href":"https:\/\/www.europesays.com\/be-fr\/wp-json\/wp\/v2\/comments?post=236154"}],"version-history":[{"count":0,"href":"https:\/\/www.europesays.com\/be-fr\/wp-json\/wp\/v2\/posts\/236154\/revisions"}],"wp:featuredmedia":[{"embeddable":true,"href":"https:\/\/www.europesays.com\/be-fr\/wp-json\/wp\/v2\/media\/236155"}],"wp:attachment":[{"href":"https:\/\/www.europesays.com\/be-fr\/wp-json\/wp\/v2\/media?parent=236154"}],"wp:term":[{"taxonomy":"category","embeddable":true,"href":"https:\/\/www.europesays.com\/be-fr\/wp-json\/wp\/v2\/categories?post=236154"},{"taxonomy":"post_tag","embeddable":true,"href":"https:\/\/www.europesays.com\/be-fr\/wp-json\/wp\/v2\/tags?post=236154"}],"curies":[{"name":"wp","href":"https:\/\/api.w.org\/{rel}","templated":true}]}}