{"id":236189,"date":"2026-09-02T14:40:22","date_gmt":"2026-09-02T14:40:22","guid":{"rendered":"https:\/\/www.europesays.com\/be-fr\/236189\/"},"modified":"2026-09-02T14:40:22","modified_gmt":"2026-09-02T14:40:22","slug":"batterie-domestique-en-belgique-lenregistrement-reste-meconnu","status":"publish","type":"post","link":"https:\/\/www.europesays.com\/be-fr\/236189\/","title":{"rendered":"Batterie domestique en Belgique : l\u2019enregistrement reste m\u00e9connu"},"content":{"rendered":"<p>  <img decoding=\"async\" class=\"r-img lazyloaded\" src=\"https:\/\/www.europesays.com\/be-fr\/wp-content\/uploads\/2026\/09\/1788360021_674_yasmine2.jpg\" alt=\"Yasmine Meziani\"\/><\/p>\n<p>par <a href=\"https:\/\/www.rtl.be\/384772\/dpi-authors\/yasmine-meziani\" rel=\"nofollow noopener\" target=\"_blank\">Yasmine Meziani<\/a><\/p>\n<p>\tPubli\u00e9 le 02 septembre \u00e0 14h48<\/p>\n<p>  <a href=\"https:\/\/www.google.com\/preferences\/source?q=rtl%20info\" class=\"r-link--google-favorites\" role=\"button\">Ajoutez-nous \u00e0 vos favoris Google<\/a><br \/>\n\tEn Belgique, l\u2019enregistrement des batteries domestiques aupr\u00e8s de Bebat reste m\u00e9connu, exposant les consommateurs \u00e0 des frais inattendus lors du recyclage.<\/p>\n<p>&#13;<br \/>\n&#13;<\/p>\n<p>Une batterie domestique, ou plug-and-play, mal enregistr\u00e9e aupr\u00e8s de Bebat (l\u2019organisation charg\u00e9e de recycler les piles et batteries usag\u00e9es) peut co\u00fbter cher au consommateur plusieurs ann\u00e9es plus tard, avertit ce mercredi l\u2019organisation environnementale. Lorsque la batterie doit \u00eatre remplac\u00e9e et que son num\u00e9ro de s\u00e9rie ne figure pas dans la base de donn\u00e9es, sa collecte et son recyclage ne sont pas organis\u00e9s \u00e0 l\u2019avance. Ils peuvent alors devenir payants.<\/p>\n<p>Un enregistrement encore trop peu connu<\/p>\n<p>Selon une \u00e9tude d\u2019iVOX men\u00e9e pour Bebat, quatre Belges sur dix poss\u00e8dent d\u00e9j\u00e0 une batterie domestique ou envisagent d\u2019en acheter une. Quelque 83% jugent important de la recycler correctement. Pourtant, \u00e0 peine un Belge sur dix sait que ces batteries doivent \u00eatre enregistr\u00e9es aupr\u00e8s de Bebat.<\/p>\n<p>&#13;<br \/>\n&#13;<\/p>\n<p>&#13;<br \/>\n&#13;<\/p>\n<p>Plus petite qu\u2019une batterie domestique classique, g\u00e9n\u00e9ralement achet\u00e9e aupr\u00e8s d\u2019un installateur, la batterie plug-and-play se branche directement sur une prise standard. Elle est donc plus facile \u00e0 acheter en ligne. Ainsi, 37,8% des propri\u00e9taires interrog\u00e9s qui en poss\u00e8dent une l\u2019ont achet\u00e9e sur un site \u00e9tranger.<\/p>\n<p>\u00ab Pour les batteries domestiques classiques, l\u2019\u00e9cart entre ce qui est mis sur le march\u00e9 et ce qui est d\u00e9clar\u00e9 chez Bebat est relativement limit\u00e9. Pour les batteries plug-and-play, cet \u00e9cart est bien plus important \u00bb, d\u00e9clare Martine Vanheers, de Bebat.<\/p>\n<p>Les achats en ligne dans le viseur<\/p>\n<p>\u00ab Nous constatons surtout que les webshops \u00e9trangers ne respectent pas toujours les obligations belges. \u00bb Toute personne qui met une batterie sur le march\u00e9 belge doit assurer sa collecte et son recyclage. Ceux-ci sont financ\u00e9s par une contribution environnementale r\u00e9percut\u00e9e dans la cha\u00eene de vente.<\/p>\n<p>&#13;<br \/>\n&#13;<\/p>\n<p>Le producteur, l\u2019importateur ou le vendeur responsable doit d\u00e9clarer les modules et leur num\u00e9ro de s\u00e9rie unique aupr\u00e8s de Bebat. Les consommateurs ne peuvent pas effectuer cette d\u00e9claration eux-m\u00eames. Pourtant, 38% d\u2019entre eux pensent que l\u2019installateur s\u2019en est d\u00e9j\u00e0 charg\u00e9.<\/p>\n<p>\n  &#13;<br \/>\n  \u00c0 lire aussi&#13;<br \/>\n  &#13;<\/p>\n<p>  <img decoding=\"async\" class=\"r-img\"  typeof=\"foaf:Image\" src=\"https:\/\/www.europesays.com\/be-fr\/wp-content\/uploads\/2026\/09\/89140565.jpeg\" alt=\"batterie.jpg\"\/><br \/>\n        <a class=\"r-stories--link\" href=\"https:\/\/www.rtl.be\/actu\/environnement\/que-faire-des-batteries-usees-collectees-en-belgique-ces-matieres-premieres-peut\/2026-07-02\/article\/793446\" rel=\"nofollow noopener\" target=\"_blank\">Que faire des batteries us\u00e9es collect\u00e9es en Belgique\u00a0? \u00ab\u00a0Ces mati\u00e8res premi\u00e8res, on peut les utiliser\u00a0\u00bb<\/a>&#13;<br \/>\n  &#13;<br \/>\n&#13;\n<\/p>\n<p>Avec la campagne RecyPr\u00eate, Bebat invite les consommateurs \u00e0 v\u00e9rifier si leur batterie est correctement enregistr\u00e9e. Pour cela, ils peuvent entrer son num\u00e9ro de s\u00e9rie ou charger une photo claire sur son site.<\/p>\n<p>&#13;<br \/>\n&#13;<\/p>\n<p>&#13;<br \/>\n&#13;<\/p>\n<p><a class=\"r-btn r-btn--tag\" href=\"https:\/\/www.rtl.be\/2601\/free-tags\/environnement\" title=\"environnement\" rel=\"nofollow noopener\" target=\"_blank\">environnement<\/a><\/p>\n","protected":false},"excerpt":{"rendered":"par Yasmine Meziani Publi\u00e9 le 02 septembre \u00e0 14h48 Ajoutez-nous \u00e0 vos favoris Google En Belgique, l\u2019enregistrement des&hellip;\n","protected":false},"author":2,"featured_media":236190,"comment_status":"","ping_status":"","sticky":false,"template":"","format":"standard","meta":{"footnotes":"","_share_on_mastodon":"0"},"categories":[35],"tags":[73059,69677,73058,12,13,59708,18,17,38,37,36,73055,73056,73057,7803,73060],"class_list":["post-236189","post","type-post","status-publish","format-standard","has-post-thumbnail","category-economie","tag-achat-en-ligne","tag-batterie-domestique","tag-batterie-installateur","tag-be","tag-be-fr","tag-bebat","tag-belgique","tag-belgium","tag-business","tag-economie","tag-economy","tag-enregistrement-batterie","tag-frais-recyclage","tag-plug-and-play","tag-recyclage","tag-recyprete"],"share_on_mastodon":{"url":"https:\/\/pubeurope.com\/@be_fr\/117201969628388694","error":""},"_links":{"self":[{"href":"https:\/\/www.europesays.com\/be-fr\/wp-json\/wp\/v2\/posts\/236189","targetHints":{"allow":["GET"]}}],"collection":[{"href":"https:\/\/www.europesays.com\/be-fr\/wp-json\/wp\/v2\/posts"}],"about":[{"href":"https:\/\/www.europesays.com\/be-fr\/wp-json\/wp\/v2\/types\/post"}],"author":[{"embeddable":true,"href":"https:\/\/www.europesays.com\/be-fr\/wp-json\/wp\/v2\/users\/2"}],"replies":[{"embeddable":true,"href":"https:\/\/www.europesays.com\/be-fr\/wp-json\/wp\/v2\/comments?post=236189"}],"version-history":[{"count":0,"href":"https:\/\/www.europesays.com\/be-fr\/wp-json\/wp\/v2\/posts\/236189\/revisions"}],"wp:featuredmedia":[{"embeddable":true,"href":"https:\/\/www.europesays.com\/be-fr\/wp-json\/wp\/v2\/media\/236190"}],"wp:attachment":[{"href":"https:\/\/www.europesays.com\/be-fr\/wp-json\/wp\/v2\/media?parent=236189"}],"wp:term":[{"taxonomy":"category","embeddable":true,"href":"https:\/\/www.europesays.com\/be-fr\/wp-json\/wp\/v2\/categories?post=236189"},{"taxonomy":"post_tag","embeddable":true,"href":"https:\/\/www.europesays.com\/be-fr\/wp-json\/wp\/v2\/tags?post=236189"}],"curies":[{"name":"wp","href":"https:\/\/api.w.org\/{rel}","templated":true}]}}