{"id":236211,"date":"2026-09-02T14:52:16","date_gmt":"2026-09-02T14:52:16","guid":{"rendered":"https:\/\/www.europesays.com\/be-fr\/236211\/"},"modified":"2026-09-02T14:52:16","modified_gmt":"2026-09-02T14:52:16","slug":"la-memoire-ddr4-coute-aujourdhui-86-fois-plus-cher-quil-y-a-10-ans","status":"publish","type":"post","link":"https:\/\/www.europesays.com\/be-fr\/236211\/","title":{"rendered":"La m\u00e9moire DDR4 co\u00fbte aujourd\u2019hui 8,6 fois plus cher qu\u2019il y a 10 ans"},"content":{"rendered":"<p class=\"bodytext\">La m\u00e9moire \u00e0 large bande passante (HBM), largement utilis\u00e9e dans les acc\u00e9l\u00e9rateurs d\u2019intelligence artificielle, continue de mobiliser les capacit\u00e9s de production limit\u00e9es des fabricants, ce qui fait grimper les prix de la m\u00e9moire classique pour PC. M\u00eame la faible demande en ordinateurs portables et autres appareils grand public n\u2019a pas suffi \u00e0 att\u00e9nuer la pression sur le march\u00e9.&#13;<\/p>\n<p class=\"bodytext\">Selon TrendForce, le prix contractuel moyen d\u2019une puce DRAM DDR4 standard de 8 Go a augment\u00e9 de 4,17 % en ao\u00fbt pour atteindre 25 $. Il s\u2019agit d\u2019un nouveau record, soit environ 8,6 fois plus qu\u2019en juin 2016, date \u00e0 laquelle TrendForce a commenc\u00e9 \u00e0 suivre le march\u00e9.&#13;<\/p>\n<p class=\"bodytext\">Les prix de la DDR4 n\u2019ont cess\u00e9 d\u2019augmenter pendant la majeure partie de l\u2019ann\u00e9e \u00e9coul\u00e9e. Ils ont progress\u00e9 pendant 11 mois cons\u00e9cutifs, d\u2019avril 2025 \u00e0 f\u00e9vrier 2026, avant de reprendre leur ascension en avril. <a href=\"https:\/\/www.notebookcheck.biz\/La-memoire-vive-DDR4-de-4-Go-fait-son-grand-retour-Goodram-lance-de-nouvelles-references-alors-que-les-prix-de-la-DDR5-s-envolent.1330223.0.html\" target=\"_self\" class=\"internal-link\" rel=\"nofollow noopener\">La DDR4<\/a> est m\u00eame devenue, dans certains cas, plus ch\u00e8re que la DDR5, plus r\u00e9cente, cr\u00e9ant ainsi une inversion inhabituelle des prix entre les deux g\u00e9n\u00e9rations.&#13;<\/p>\n<p class=\"bodytext\">Pendant un certain temps, la DDR4 a servi en quelque sorte de bou\u00e9e de sauvetage pour le march\u00e9 des PC, permettant de monter des syst\u00e8mes relativement abordables. Les fabricants de cartes m\u00e8res ont m\u00eame continu\u00e9 \u00e0 commercialiser de nouveaux mod\u00e8les pour les plateformes LGA 1700 d\u2019Intel et <a href=\"https:\/\/www.notebookcheck.biz\/Les-prix-des-processeurs-AMD-Zen-3-AM4-grimpent-en-fleche-car-les-clients-se-tournent-vers-les-processeurs-de-bureau-compatibles-avec-la-technologie-DDR4.1210003.0.html\" target=\"_self\" class=\"internal-link\" rel=\"nofollow noopener\">AM4 d\u2019AMD<\/a>, permettant ainsi aux utilisateurs de monter des syst\u00e8mes autour de processeurs tels que les puces <a href=\"https:\/\/www.notebookcheck.biz\/Le-produit-phare-fantome-d-Intel-l-i9-14901KE-une-puce-embarquee-debloquee-composee-exclusivement-de-coeurs-P-qui-n-a-jamais-depasse-le-stade-de-la-validation.1353214.0.html\" target=\"_self\" class=\"internal-link\" rel=\"nofollow noopener\">Core de 14e g\u00e9n\u00e9ration<\/a> et <a href=\"https:\/\/www.amazon.com\/dp\/B0FQPCRG7P\/?tag=nbcnewsnet-20\" target=\"_blank\" rel=\"sponsored nofollow noopener\" class=\"external-link-new-window\" data-htmlarea-external=\"1\" rtekeep=\"1\">Ryzen 5000<\/a> sans passer \u00e0 la DDR5.&#13;<\/p>\n<p class=\"bodytext\">La principale raison de cette p\u00e9nurie r\u00e9side dans l\u2019expansion rapide des infrastructures d\u2019IA. La m\u00e9moire HBM, utilis\u00e9e dans les acc\u00e9l\u00e9rateurs d\u2019IA, n\u00e9cessite une capacit\u00e9 de production de plaquettes nettement sup\u00e9rieure \u00e0 celle de la DRAM classique. Les fabricants de m\u00e9moire donnant la priorit\u00e9 \u00e0 la HBM et \u00e0 la DRAM pour serveurs afin de r\u00e9pondre \u00e0 la demande croissante, il reste moins de capacit\u00e9 de production disponible pour la DRAM classique, en particulier pour les anciens types de m\u00e9moire.&#13;<\/p>\n<p class=\"bodytext\">Cette situation est d\u2019autant plus notable que le march\u00e9 des PC est en berne. Selon TrendForce, les livraisons mondiales d\u2019ordinateurs portables devraient reculer de 10,5 % en glissement annuel en 2026. N\u00e9anmoins, le cabinet d\u2019\u00e9tudes a revu \u00e0 la hausse ses pr\u00e9visions concernant les prix contractuels de la DRAM pour PC au troisi\u00e8me trimestre, tablant d\u00e9sormais sur une augmentation de 18 \u00e0 23 %, contre une estimation pr\u00e9c\u00e9dente de 15 \u00e0 20 %.&#13;<\/p>\n<p class=\"bodytext\">Certains fournisseurs auraient augment\u00e9 leurs prix de 23 \u00e0 28 % dans les contrats conclus en ao\u00fbt. Les fabricants d\u2019ordinateurs r\u00e9agissent en achetant de la m\u00e9moire \u00e0 l\u2019avance et en s\u2019effor\u00e7ant de constituer des stocks couvrant plus de 10 semaines, craignant que l\u2019offre ne se resserre encore davantage vers la fin de l\u2019ann\u00e9e et en 2027.<\/p>\n","protected":false},"excerpt":{"rendered":"La m\u00e9moire \u00e0 large bande passante (HBM), largement utilis\u00e9e dans les acc\u00e9l\u00e9rateurs d\u2019intelligence artificielle, continue de mobiliser les&hellip;\n","protected":false},"author":2,"featured_media":236212,"comment_status":"","ping_status":"","sticky":false,"template":"","format":"standard","meta":{"footnotes":"","_share_on_mastodon":"0"},"categories":[70],"tags":[12,13,18,17,5617,37898,10873,26312,506,1289,1860,36978,1285,2692,1287,1286,1654,73,71,75,72,21441,76,74,1288],"class_list":["post-236211","post","type-post","status-publish","format-standard","has-post-thumbnail","category-sciences-et-technologies","tag-be","tag-be-fr","tag-belgique","tag-belgium","tag-crise","tag-ddr4","tag-ddr5","tag-hbm","tag-ia","tag-informations-sur-des-ordinateurs-portatifs","tag-memoire","tag-micron","tag-nouvelles","tag-penurie","tag-rapport","tag-revues","tag-samsung","tag-science","tag-science-and-technology","tag-sciences","tag-sciences-et-technologies","tag-sk-hynix","tag-technologies","tag-technology","tag-test"],"share_on_mastodon":{"url":"https:\/\/pubeurope.com\/@be_fr\/117202016258072296","error":""},"_links":{"self":[{"href":"https:\/\/www.europesays.com\/be-fr\/wp-json\/wp\/v2\/posts\/236211","targetHints":{"allow":["GET"]}}],"collection":[{"href":"https:\/\/www.europesays.com\/be-fr\/wp-json\/wp\/v2\/posts"}],"about":[{"href":"https:\/\/www.europesays.com\/be-fr\/wp-json\/wp\/v2\/types\/post"}],"author":[{"embeddable":true,"href":"https:\/\/www.europesays.com\/be-fr\/wp-json\/wp\/v2\/users\/2"}],"replies":[{"embeddable":true,"href":"https:\/\/www.europesays.com\/be-fr\/wp-json\/wp\/v2\/comments?post=236211"}],"version-history":[{"count":0,"href":"https:\/\/www.europesays.com\/be-fr\/wp-json\/wp\/v2\/posts\/236211\/revisions"}],"wp:featuredmedia":[{"embeddable":true,"href":"https:\/\/www.europesays.com\/be-fr\/wp-json\/wp\/v2\/media\/236212"}],"wp:attachment":[{"href":"https:\/\/www.europesays.com\/be-fr\/wp-json\/wp\/v2\/media?parent=236211"}],"wp:term":[{"taxonomy":"category","embeddable":true,"href":"https:\/\/www.europesays.com\/be-fr\/wp-json\/wp\/v2\/categories?post=236211"},{"taxonomy":"post_tag","embeddable":true,"href":"https:\/\/www.europesays.com\/be-fr\/wp-json\/wp\/v2\/tags?post=236211"}],"curies":[{"name":"wp","href":"https:\/\/api.w.org\/{rel}","templated":true}]}}