{"id":236219,"date":"2026-09-02T14:56:14","date_gmt":"2026-09-02T14:56:14","guid":{"rendered":"https:\/\/www.europesays.com\/be-fr\/236219\/"},"modified":"2026-09-02T14:56:14","modified_gmt":"2026-09-02T14:56:14","slug":"george-clooney-sen-prend-a-trump-et-son-administration-un-pays-dirige-par-les-personnes-les-moins-qualifiees","status":"publish","type":"post","link":"https:\/\/www.europesays.com\/be-fr\/236219\/","title":{"rendered":"George Clooney s&rsquo;en prend \u00e0 Trump et son administration : \u00ab\u00a0Un pays dirig\u00e9 par les personnes les moins qualifi\u00e9es\u00a0\u00bb"},"content":{"rendered":"<p class=\"ap-StoryElement ap-StoryElement--mb ap-StoryText\">Abordant devant les journalistes sa carri\u00e8re, l&rsquo;intelligence artificielle, le changement climatique ou encore l&rsquo;\u00e9tat de l&rsquo;industrie du cin\u00e9ma, la m\u00e9gastar hollywoodienne a dit \u00e9prouver un sentiment de \u00ab\u00a0honte\u00a0\u00bb vis-\u00e0-vis du gouvernement am\u00e9ricain.<\/p>\n<p><a href=\"https:\/\/www.dhnet.be\/lifestyle\/people\/2026\/07\/09\/a-peine-naturalise-george-clooney-devient-lune-des-500-plus-grandes-fortunes-de-france-voici-son-capital-SUDHC436NRBURGWZYX4YWOVPDQ\/\" target=\"_self\" class=\"ap-StoryInterstitialLink ap-StoryElement ap-StoryElement--mb\" rel=\"nofollow noopener\">\u00c0 peine naturalis\u00e9, George Clooney devient l&rsquo;une des 500 plus grandes fortunes de France : voici son capital<\/a><\/p>\n<p class=\"ap-StoryElement ap-StoryElement--mb ap-StoryText\">Mais, se disant optimiste, George Clooney a estim\u00e9 que les \u00e9lections de mi-mandat en novembre aux Etats-Unis pourraient offrir un \u00ab\u00a0contre-pouvoir\u00a0\u00bb et qu'\u00a0\u00bben 2028, avec un peu de chance, nous retrouverons une certaine normalit\u00e9\u00a0\u00bb.<\/p>\n<p class=\"ap-StoryElement ap-StoryElement--mb ap-StoryText\">L&rsquo;acteur de 65 ans a notamment expliqu\u00e9 se souvenir avoir travers\u00e9 d&rsquo;autres p\u00e9riodes sombres de l&rsquo;histoire du pays. \u00ab\u00a0Je suis assez \u00e2g\u00e9 pour avoir v\u00e9cu 1968 aux Etats-Unis, quand toutes les grandes villes am\u00e9ricaines \u00e9taient en flammes et que nous avons perdu Martin Luther King et Bobby Kennedy la m\u00eame ann\u00e9e. Il y avait \u00e9norm\u00e9ment de violence. Le Capitole \u00e9tait encercl\u00e9 de chars\u00a0\u00bb, s&rsquo;est-il rem\u00e9mor\u00e9.<\/p>\n<p class=\"ap-StoryElement ap-StoryElement--mb ap-StoryText\">\u00ab\u00a0Nous avons connu d&rsquo;autres p\u00e9riodes difficiles, mais celle-ci en fait partie\u00a0\u00bb, a-t-il soulign\u00e9.<\/p>\n<p><a href=\"https:\/\/www.dhnet.be\/medias\/2026\/07\/30\/george-clooney-et-sa-famille-evacues-durgence-de-leur-maison-de-brignoles-en-france-suite-aux-incendies-GG64G34KONB7DPVBVUMD5GDO2Q\/\" target=\"_self\" class=\"ap-StoryInterstitialLink ap-StoryElement ap-StoryElement--mb\" rel=\"nofollow noopener\">George Clooney et sa famille \u00e9vacu\u00e9s d&rsquo;urgence de leur maison de Brignoles en France suite aux incendies<\/a><\/p>\n<p class=\"ap-StoryElement ap-StoryElement--mb ap-StoryText\">La star, connue pour ses positions engag\u00e9es, a \u00e9galement cit\u00e9 un message publi\u00e9 cette semaine sur le r\u00e9seau social X par le secr\u00e9taire \u00e0 la D\u00e9fense am\u00e9ricain Pete Hegseth, semblant se moquer de l&rsquo;apparence physique d&rsquo;une militaire canadienne en surpoids remettant une m\u00e9daille lors d&rsquo;un camp de jeunes.<\/p>\n<p class=\"ap-StoryElement ap-StoryElement--mb ap-StoryText\">\u00ab\u00a0O\u00f9 est le sens de la d\u00e9cence l\u00e0-dedans ? Et j&rsquo;ai honte de tout cela, mais nous surmonterons cela\u00a0\u00bb, a d\u00e9clar\u00e9 George Clooney. \u00ab\u00a0Et nous en sortirons meilleurs\u00a0\u00bb, a compl\u00e9t\u00e9 l&rsquo;acteur.<\/p>\n","protected":false},"excerpt":{"rendered":"Abordant devant les journalistes sa carri\u00e8re, l&rsquo;intelligence artificielle, le changement climatique ou encore l&rsquo;\u00e9tat de l&rsquo;industrie du cin\u00e9ma,&hellip;\n","protected":false},"author":2,"featured_media":236220,"comment_status":"","ping_status":"","sticky":false,"template":"","format":"standard","meta":{"footnotes":"","_share_on_mastodon":"0"},"categories":[8],"tags":[10,12,13,18,17,274,133,34,2673,564,174,65942,11,13063,1731,73061,567],"class_list":["post-236219","post","type-post","status-publish","format-standard","has-post-thumbnail","category-actualites","tag-actualites","tag-be","tag-be-fr","tag-belgique","tag-belgium","tag-celebrites","tag-cinema","tag-donald-trump","tag-festival","tag-george-clooney","tag-italie","tag-martin-luther-king","tag-news","tag-pete-hegseth","tag-politique","tag-robert-kennedy","tag-usa"],"share_on_mastodon":{"url":"https:\/\/pubeurope.com\/@be_fr\/117202032242646750","error":""},"_links":{"self":[{"href":"https:\/\/www.europesays.com\/be-fr\/wp-json\/wp\/v2\/posts\/236219","targetHints":{"allow":["GET"]}}],"collection":[{"href":"https:\/\/www.europesays.com\/be-fr\/wp-json\/wp\/v2\/posts"}],"about":[{"href":"https:\/\/www.europesays.com\/be-fr\/wp-json\/wp\/v2\/types\/post"}],"author":[{"embeddable":true,"href":"https:\/\/www.europesays.com\/be-fr\/wp-json\/wp\/v2\/users\/2"}],"replies":[{"embeddable":true,"href":"https:\/\/www.europesays.com\/be-fr\/wp-json\/wp\/v2\/comments?post=236219"}],"version-history":[{"count":0,"href":"https:\/\/www.europesays.com\/be-fr\/wp-json\/wp\/v2\/posts\/236219\/revisions"}],"wp:featuredmedia":[{"embeddable":true,"href":"https:\/\/www.europesays.com\/be-fr\/wp-json\/wp\/v2\/media\/236220"}],"wp:attachment":[{"href":"https:\/\/www.europesays.com\/be-fr\/wp-json\/wp\/v2\/media?parent=236219"}],"wp:term":[{"taxonomy":"category","embeddable":true,"href":"https:\/\/www.europesays.com\/be-fr\/wp-json\/wp\/v2\/categories?post=236219"},{"taxonomy":"post_tag","embeddable":true,"href":"https:\/\/www.europesays.com\/be-fr\/wp-json\/wp\/v2\/tags?post=236219"}],"curies":[{"name":"wp","href":"https:\/\/api.w.org\/{rel}","templated":true}]}}