{"id":236231,"date":"2026-09-02T15:03:11","date_gmt":"2026-09-02T15:03:11","guid":{"rendered":"https:\/\/www.europesays.com\/be-fr\/236231\/"},"modified":"2026-09-02T15:03:11","modified_gmt":"2026-09-02T15:03:11","slug":"patrick-bruel-annule-sa-tournee-modalites-de-remboursement-des-billets","status":"publish","type":"post","link":"https:\/\/www.europesays.com\/be-fr\/236231\/","title":{"rendered":"Patrick Bruel annule sa tourn\u00e9e\u00a0: modalit\u00e9s de remboursement des billets"},"content":{"rendered":"<p>  <img decoding=\"async\" class=\"r-img lazyloaded\" src=\"https:\/\/www.europesays.com\/be-fr\/wp-content\/uploads\/2026\/09\/1788361391_407_yasmine2.jpg\" alt=\"Yasmine Meziani\"\/><\/p>\n<p>Par <a href=\"https:\/\/www.rtl.be\/384772\/dpi-authors\/yasmine-meziani\" rel=\"nofollow noopener\" target=\"_blank\">Yasmine Meziani<\/a><\/p>\n<p>\tPubli\u00e9 le 02 septembre \u00e0 13h55\n<\/p>\n<p>  <a href=\"https:\/\/www.google.com\/preferences\/source?q=rtl%20info\" class=\"r-link--google-favorites\" role=\"button\">Ajoutez-nous \u00e0 vos favoris Google<\/a><br \/>\n\tSuite \u00e0 l\u2019annulation de sa tourn\u00e9e, Patrick Bruel et sa soci\u00e9t\u00e9 14 Productions vont rembourser les billets des 35 concerts concern\u00e9s, dont celui de Forest National \u00e0 Bruxelles. Explications avec Am\u00e9lie Schildt.<\/p>\n<p>&#13;<br \/>\n&#13;<\/p>\n<p>Ce mercredi midi, il \u00e9tait encore possible d\u2019acheter des places pour le concert de Patrick Bruel \u00e0 Forest National sur la plateforme principale de vente de tickets, nous informe notre journaliste Am\u00e9lie Schildt. Les spectateurs qui avaient achet\u00e9 un billet pour l\u2019un des concerts annul\u00e9s seront, quant \u00e0 eux, rembours\u00e9s. Ils seront directement contact\u00e9s par l\u2019organisateur.<\/p>\n<p>C\u2019est la soci\u00e9t\u00e9 de production du chanteur, 14 Productions, qui g\u00e8re toute la tourn\u00e9e. Comme l\u2019annulation vient de Patrick Bruel lui\u2011m\u00eame, les assurances n\u2019interviendront pas.<\/p>\n<p>&#13;<br \/>\n&#13;<\/p>\n<p>&#13;<br \/>\n&#13;<\/p>\n<p>\n  &#13;<br \/>\n  \u00c0 lire aussi&#13;<br \/>\n  &#13;<\/p>\n<p>  <img decoding=\"async\" data-copyright=\"Yohan BONNET \/ AFP\" class=\"r-img\"  typeof=\"foaf:Image\" src=\"https:\/\/www.europesays.com\/be-fr\/wp-content\/uploads\/2026\/09\/1788361391_228_99782668.jpeg\" alt=\"Belgaimage-111461288.jpg\"\/><br \/>\n        <a class=\"r-stories--link\" href=\"https:\/\/www.rtl.be\/people\/news\/il-ete-plus-harcele-que-harceleur-apres-lannulation-de-sa-tournee-mimie-mathy\/2026-09-02\/article\/799031\" rel=\"nofollow noopener\" target=\"_blank\">\u00ab\u00a0Il a \u00e9t\u00e9 plus harcel\u00e9 que harceleur\u00a0\u00bb\u00a0: apr\u00e8s l\u2019annulation de sa tourn\u00e9e, Mimie Mathy prend la d\u00e9fense de Patrick Bruel qu\u2019elle qualifie de \u00ab\u00a0s\u00e9ducteur\u00a0\u00bb<\/a>&#13;<br \/>\n  &#13;<br \/>\n&#13;\n<\/p>\n<p>Un promoteur belge, Next Step, travaillait sur le concert pr\u00e9vu \u00e0 Forest National. Il n\u2019a pas souhait\u00e9 r\u00e9agir pour le moment.<\/p>\n<p>Combien de dates et quel co\u00fbt\u00a0?<\/p>\n<p>Au total, 35 dates sont annul\u00e9es, en Belgique et en France. Les m\u00e9dias fran\u00e7ais \u00e9voquent des pertes financi\u00e8res de plus de 20 millions d\u2019euros pour le chanteur, qui est en premi\u00e8re ligne dans l\u2019organisation de sa tourn\u00e9e.<\/p>\n<p>Tous les d\u00e9tenteurs de billets seront rembours\u00e9s. Ils recevront une communication directe de la part de l\u2019organisateur avec les modalit\u00e9s pr\u00e9cises.<\/p>\n<p>&#13;<br \/>\n&#13;<\/p>\n<p>&#13;<br \/>\n&#13;<\/p>\n<p><a class=\"r-btn r-btn--tag\" href=\"https:\/\/www.rtl.be\/335694\/persons\/patrick-bruel\" title=\"Patrick Bruel\" rel=\"nofollow noopener\" target=\"_blank\">Patrick Bruel<\/a><\/p>\n","protected":false},"excerpt":{"rendered":"Par Yasmine Meziani Publi\u00e9 le 02 septembre \u00e0 13h55 Ajoutez-nous \u00e0 vos favoris Google Suite \u00e0 l\u2019annulation de&hellip;\n","protected":false},"author":2,"featured_media":236232,"comment_status":"","ping_status":"","sticky":false,"template":"","format":"standard","meta":{"footnotes":"","_share_on_mastodon":"0"},"categories":[83],"tags":[73062,72515,12,13,18,17,67747,96,95,17745,73063,73064,3214,60221,70310],"class_list":["post-236231","post","type-post","status-publish","format-standard","has-post-thumbnail","category-divertissement","tag-14-productions","tag-annulation-tournee","tag-be","tag-be-fr","tag-belgique","tag-belgium","tag-concerts-annules","tag-divertissement","tag-entertainment","tag-forest-national","tag-modalites-remboursement","tag-next-step","tag-patrick-bruel","tag-pertes-financieres","tag-remboursement-billets"],"share_on_mastodon":{"url":"https:\/\/pubeurope.com\/@be_fr\/117202060243256230","error":""},"_links":{"self":[{"href":"https:\/\/www.europesays.com\/be-fr\/wp-json\/wp\/v2\/posts\/236231","targetHints":{"allow":["GET"]}}],"collection":[{"href":"https:\/\/www.europesays.com\/be-fr\/wp-json\/wp\/v2\/posts"}],"about":[{"href":"https:\/\/www.europesays.com\/be-fr\/wp-json\/wp\/v2\/types\/post"}],"author":[{"embeddable":true,"href":"https:\/\/www.europesays.com\/be-fr\/wp-json\/wp\/v2\/users\/2"}],"replies":[{"embeddable":true,"href":"https:\/\/www.europesays.com\/be-fr\/wp-json\/wp\/v2\/comments?post=236231"}],"version-history":[{"count":0,"href":"https:\/\/www.europesays.com\/be-fr\/wp-json\/wp\/v2\/posts\/236231\/revisions"}],"wp:featuredmedia":[{"embeddable":true,"href":"https:\/\/www.europesays.com\/be-fr\/wp-json\/wp\/v2\/media\/236232"}],"wp:attachment":[{"href":"https:\/\/www.europesays.com\/be-fr\/wp-json\/wp\/v2\/media?parent=236231"}],"wp:term":[{"taxonomy":"category","embeddable":true,"href":"https:\/\/www.europesays.com\/be-fr\/wp-json\/wp\/v2\/categories?post=236231"},{"taxonomy":"post_tag","embeddable":true,"href":"https:\/\/www.europesays.com\/be-fr\/wp-json\/wp\/v2\/tags?post=236231"}],"curies":[{"name":"wp","href":"https:\/\/api.w.org\/{rel}","templated":true}]}}