{"id":236235,"date":"2026-09-02T15:05:23","date_gmt":"2026-09-02T15:05:23","guid":{"rendered":"https:\/\/www.europesays.com\/be-fr\/236235\/"},"modified":"2026-09-02T15:05:23","modified_gmt":"2026-09-02T15:05:23","slug":"une-amende-de-15-000e-et-8-mois-de-retrait-de-permis-un-joueur-du-real-madrid-lourdement-sanctionne-pour-conduite-en-etat-divresse","status":"publish","type":"post","link":"https:\/\/www.europesays.com\/be-fr\/236235\/","title":{"rendered":"Une amende de 15.000\u20ac et 8 mois de retrait de permis : un joueur du Real Madrid lourdement sanctionn\u00e9 pour conduite en \u00e9tat d&rsquo;ivresse"},"content":{"rendered":"<p class=\"ap-StoryElement ap-StoryElement--mb ap-StoryText\">Bless\u00e9 depuis le mois de juillet, Raul Asencio, p\u00e9pite du Real Madrid, est impatient de remonter sur les terrains. En attendant, c&rsquo;est malheureusement hors de ceux-ci que le d\u00e9fenseur espagnol s&rsquo;est r\u00e9cemment fait remarquer.<\/p>\n<p class=\"ap-StoryElement ap-StoryElement--mb ap-StoryText\">En vacances aux \u00eeles Canaries le 16\u00a0ao\u00fbt dernier, Asencio a \u00e9t\u00e9 soumis \u00e0 un alcootest de routine lors d&rsquo;un contr\u00f4le routier, indique Marca. Alors au volant de sa Porsche, le sportif se soumet \u00e0 la requ\u00eate des policiers.<\/p>\n","protected":false},"excerpt":{"rendered":"Bless\u00e9 depuis le mois de juillet, Raul Asencio, p\u00e9pite du Real Madrid, est impatient de remonter sur les&hellip;\n","protected":false},"author":2,"featured_media":236236,"comment_status":"","ping_status":"","sticky":false,"template":"","format":"standard","meta":{"footnotes":"","_share_on_mastodon":"0"},"categories":[81],"tags":[4086,41,6058,19272,8725,2198,8726,12,13,18,17,26459,63552,13859,23212,6597,38462,17487,8047,25391,881,25393,23218,369,84,23219,23221],"class_list":["post-236235","post","type-post","status-publish","format-standard","has-post-thumbnail","category-sports","tag-tomassisk","tag-41","tag-and","tag-angleterre","tag-athletics","tag-athletisme","tag-atletiek","tag-be","tag-be-fr","tag-belgique","tag-belgium","tag-birmingham","tag-birmingham2026","tag-championnat","tag-championships","tag-deurope","tag-engeland","tag-england","tag-european","tag-europees","tag-field","tag-kampioenschap","tag-sisk","tag-sport","tag-sports","tag-tomas","tag-track"],"share_on_mastodon":{"url":"https:\/\/pubeurope.com\/@be_fr\/117202067598399464","error":""},"_links":{"self":[{"href":"https:\/\/www.europesays.com\/be-fr\/wp-json\/wp\/v2\/posts\/236235","targetHints":{"allow":["GET"]}}],"collection":[{"href":"https:\/\/www.europesays.com\/be-fr\/wp-json\/wp\/v2\/posts"}],"about":[{"href":"https:\/\/www.europesays.com\/be-fr\/wp-json\/wp\/v2\/types\/post"}],"author":[{"embeddable":true,"href":"https:\/\/www.europesays.com\/be-fr\/wp-json\/wp\/v2\/users\/2"}],"replies":[{"embeddable":true,"href":"https:\/\/www.europesays.com\/be-fr\/wp-json\/wp\/v2\/comments?post=236235"}],"version-history":[{"count":0,"href":"https:\/\/www.europesays.com\/be-fr\/wp-json\/wp\/v2\/posts\/236235\/revisions"}],"wp:featuredmedia":[{"embeddable":true,"href":"https:\/\/www.europesays.com\/be-fr\/wp-json\/wp\/v2\/media\/236236"}],"wp:attachment":[{"href":"https:\/\/www.europesays.com\/be-fr\/wp-json\/wp\/v2\/media?parent=236235"}],"wp:term":[{"taxonomy":"category","embeddable":true,"href":"https:\/\/www.europesays.com\/be-fr\/wp-json\/wp\/v2\/categories?post=236235"},{"taxonomy":"post_tag","embeddable":true,"href":"https:\/\/www.europesays.com\/be-fr\/wp-json\/wp\/v2\/tags?post=236235"}],"curies":[{"name":"wp","href":"https:\/\/api.w.org\/{rel}","templated":true}]}}