{"id":236245,"date":"2026-09-02T15:10:15","date_gmt":"2026-09-02T15:10:15","guid":{"rendered":"https:\/\/www.europesays.com\/be-fr\/236245\/"},"modified":"2026-09-02T15:10:15","modified_gmt":"2026-09-02T15:10:15","slug":"polemique-chez-france-inter-apres-larrivee-dun-nouvel-editorialiste-une-greve-votee-par-le-personnel","status":"publish","type":"post","link":"https:\/\/www.europesays.com\/be-fr\/236245\/","title":{"rendered":"Pol\u00e9mique chez France Inter apr\u00e8s l&rsquo;arriv\u00e9e d&rsquo;un nouvel \u00e9ditorialiste : une gr\u00e8ve vot\u00e9e par le personnel"},"content":{"rendered":"<p>Charles Sapin, un recrutement explosif<\/p>\n<p class=\"ap-StoryElement ap-StoryElement--mb ap-StoryText\">C\u00e9line Pigalle, directrice de la station publique depuis mars, a choisi un panel d&rsquo;\u00e9ditorialistes politiques et \u00e9conomiques pour les week-ends, comprenant le nouveau directeur adjoint de la r\u00e9daction du magazine Valeurs actuelles, Charles Sapin.<\/p>\n<p class=\"ap-StoryElement ap-StoryElement--mb ap-StoryText\">Pour le SNJ-CGT, Valeurs actuelles est un \u00ab\u00a0organe de l&rsquo;extr\u00eame droite multi-condamn\u00e9\u00a0\u00bb et la direction franchit une \u00ab\u00a0ligne rouge inacceptable\u00a0\u00bb.<\/p>\n<p class=\"ap-StoryElement ap-StoryElement--mb ap-StoryText\">Class\u00e9 tr\u00e8s \u00e0 droite, l&rsquo;hebdomadaire a \u00e9t\u00e9 plusieurs fois condamn\u00e9 en justice, notamment en 2021 quand il avait d\u00e9peint en esclave l&rsquo;\u00e9lue insoumise Dani\u00e8le Obono. Il a \u00e9t\u00e9 rachet\u00e9 en 2025 par un trio d&rsquo;investisseurs o\u00f9 figure le milliardaire catholique Pierre-Edouard St\u00e9rin.<\/p>\n<p class=\"ap-StoryElement ap-StoryElement--mb ap-StoryText\">La soci\u00e9t\u00e9 des journalistes (SDJ) de France Inter a aussi exprim\u00e9 sa \u00ab\u00a0ferme opposition\u00a0\u00bb au choix d&rsquo;ouvrir l&rsquo;antenne \u00e0 un \u00ab\u00a0repr\u00e9sentant d&rsquo;un m\u00e9dia condamn\u00e9 notamment pour injures racistes\u00a0\u00bb et \u00ab\u00a0qui n&rsquo;a cess\u00e9 ces derni\u00e8res ann\u00e9es de prendre violemment l&rsquo;audiovisuel public pour cible\u00a0\u00bb.<\/p>\n<p class=\"ap-StoryElement ap-StoryElement--mb ap-StoryText\">Dans la m\u00eame veine, le SNJ (Syndicat national des journalistes) estime que la d\u00e9cision d&rsquo;enr\u00f4ler Charles Sapin fait appara\u00eetre Radio France \u00ab\u00a0comme un paillasson\u00a0\u00bb.<\/p>\n<p class=\"ap-StoryElement ap-StoryElement--mb ap-StoryText\">Une r\u00e9f\u00e9rence aux accusations de partialit\u00e9 de l&rsquo;audiovisuel public en faveur de la gauche, qui avaient motiv\u00e9 il y a un an la cr\u00e9ation d&rsquo;une commission d&rsquo;enqu\u00eate parlementaire par l&rsquo;UDR, parti alli\u00e9 au Rassemblement national (RN).<\/p>\n<p class=\"ap-StoryElement ap-StoryElement--mb ap-StoryText\">Charles Sapin a assur\u00e9 dimanche sa premi\u00e8re chronique, consacr\u00e9e au \u00ab\u00a0mur\u00a0\u00bb de la dette qui mettra le nouveau pr\u00e9sident en 2027, quel qu&rsquo;il soit, \u00ab\u00a0sous tutelle\u00a0\u00bb.<\/p>\n<p><a href=\"https:\/\/www.lalibre.be\/culture\/medias-tele\/2026\/08\/18\/charline-vanhoenacker-releve-un-nouveau-defi-en-france-je-ne-minterdis-rien-L7KE3YU4CBFK5L23ASPTCM7RMI\/\" target=\"_self\" class=\"ap-StoryInterstitialLink ap-StoryElement ap-StoryElement--mb\" rel=\"nofollow noopener\">Charline Vanhoenacker rel\u00e8ve un nouveau d\u00e9fi en France: \u00ab\u00a0Je ne m&rsquo;interdis rien\u00a0\u00bb<\/a>Enjeu de \u00ab\u00a0pluralisme\u00a0\u00bb<\/p>\n<p class=\"ap-StoryElement ap-StoryElement--mb ap-StoryText\">La direction de France Inter, qui a rencontr\u00e9 la r\u00e9daction encore mardi, fait valoir pour sa part que l&rsquo;arriv\u00e9e de Charles Sapin s&rsquo;inscrit dans une volont\u00e9 plus large d'\u00a0\u00bborganiser la conversation entre toutes les opinions\u00a0\u00bb.<\/p>\n<p class=\"ap-StoryElement ap-StoryElement--mb ap-StoryText\">C&rsquo;est un enjeu de \u00ab\u00a0pluralisme\u00a0\u00bb, qui est \u00ab\u00a0une mission du service public, d&rsquo;autant plus importante en ann\u00e9e pr\u00e9sidentielle\u00a0\u00bb, selon elle.<\/p>\n<p class=\"ap-StoryElement ap-StoryElement--mb ap-StoryText\">Le journaliste, ancien <a href=\"https:\/\/www.lalibre.be\/belgique\/societe\/2025\/03\/21\/le-figaro-magazine-publie-un-dossier-a-charge-sur-le-belgiquistan-S27RPLVIRJARBOXNNUE344FOU4\/\" target=\"_self\" rel=\"nofollow noopener\">du Figaro<\/a>, a \u00e9t\u00e9 approch\u00e9 alors qu&rsquo;il \u00e9tait encore au magazine Le Point. Il est venu lui-m\u00eame mardi devant la r\u00e9daction assurer qu&rsquo;il entendait faire \u00e9voluer la ligne de Valeurs actuelles qui a publi\u00e9 des \u00ab\u00a0papiers ind\u00e9fendables\u00a0\u00bb dans le pass\u00e9, a rapport\u00e9 un participant.<\/p>\n<p class=\"ap-StoryElement ap-StoryElement--mb ap-StoryText\">Le sujet du pluralisme est central au sein de l&rsquo;audiovisuel public depuis la commission d&rsquo;enqu\u00eate men\u00e9e par Charles Alloncle qui a polaris\u00e9 les discussions tout au long de l&rsquo;ann\u00e9e \u00e9coul\u00e9e.<\/p>\n<p class=\"ap-StoryElement ap-StoryElement--mb ap-StoryText\">Le d\u00e9put\u00e9 a \u00e9t\u00e9 accus\u00e9 par la gauche et le bloc central de vouloir affaiblir ce service public, voire le privatiser, comme le pr\u00f4ne le RN.<\/p>\n<p class=\"ap-StoryElement ap-StoryElement--mb ap-StoryText\">En ann\u00e9e pr\u00e9sidentielle, \u00ab\u00a0\u00e7a nous fait tous flipper, il faut qu&rsquo;on soit irr\u00e9prochable, il y a cette esp\u00e8ce de syndrome du bon \u00e9l\u00e8ve\u00a0\u00bb, confie un salari\u00e9 de France Inter.<\/p>\n<p><a href=\"https:\/\/www.lalibre.be\/culture\/medias-tele\/2026\/06\/17\/tensions-a-france-inter-au-sujet-de-nicolas-demorand-et-ali-baddou-soupcons-de-copinage-EW2OBDQW7JBFRO3VIV3OGBXHIY\/\" target=\"_self\" class=\"ap-StoryInterstitialLink ap-StoryElement ap-StoryElement--mb\" rel=\"nofollow noopener\">Tensions \u00e0 France Inter au sujet de Nicolas Demorand et Ali Baddou : \u00ab\u00a0Soup\u00e7ons de copinage\u00a0\u00bb<\/a>D&rsquo;autres sujets \u00e9ruptifs<\/p>\n<p class=\"ap-StoryElement ap-StoryElement--mb ap-StoryText\">Cette pouss\u00e9e de tension est d&rsquo;autant plus vive qu&rsquo;en parall\u00e8le, le journaliste Thomas Legrand, \u00e9galement chroniqueur \u00e0 Lib\u00e9ration et qui travaillait depuis 2008 \u00e0 France Inter, a \u00e9t\u00e9 d\u00e9finitivement \u00e9cart\u00e9 de Radio France.<\/p>\n<p class=\"ap-StoryElement ap-StoryElement--mb ap-StoryText\">En septembre 2025, M. Legrand et un autre journaliste de l&rsquo;audiovisuel public, Patrick Cohen, avaient \u00e9t\u00e9 film\u00e9s \u00e0 leur insu dans un restaurant avec deux responsables du PS. Cette vid\u00e9o avait d\u00e9clench\u00e9 le lancement de la commission Alloncle.<\/p>\n<p class=\"ap-StoryElement ap-StoryElement--mb ap-StoryText\">Thomas Legrand avait \u00e9t\u00e9 suspendu d&rsquo;antenne mais pensait revenir. Il se dit d\u00e9sormais victime d'\u00a0\u00bbune campagne ext\u00e9rieure, mensong\u00e8re et manipulatrice\u00a0\u00bb, et a re\u00e7u le soutien de nombreux journalistes.<\/p>\n<p class=\"ap-StoryElement ap-StoryElement--mb ap-StoryText\">De son c\u00f4t\u00e9, la patronne de France Inter a affirm\u00e9 qu'\u00a0\u00bbil exige, il r\u00e9clame, mais ce n&rsquo;est pas comme \u00e7a qu&rsquo;on obtient quelque chose d'(elle)\u00a0\u00bb.<\/p>\n<p class=\"ap-StoryElement ap-StoryElement--mb ap-StoryText\">Depuis la commission d&rsquo;enqu\u00eate, l\u00e2che un salari\u00e9, \u00ab\u00a0la chose qui a chang\u00e9 peut-\u00eatre, c&rsquo;est qu&rsquo;on se dit qu&rsquo;on nous d\u00e9fendra pas\u00a0\u00bb.<\/p>\n<p class=\"ap-StoryElement ap-StoryElement--mb ap-StoryText\">L&rsquo;audiovisuel public se sait scrut\u00e9. Sur la cha\u00eene CNews, dans le giron du milliardaire conservateu<a href=\"https:\/\/www.lalibre.be\/culture\/2026\/05\/18\/comment-maxime-saada-a-gravi-les-echelons-pour-devenir-lhomme-de-confiance-de-vincent-bollore-6WO3XXAWSBDFTHCT74TJ3IS25E\/\" target=\"_self\" rel=\"nofollow noopener\">r Vincent Bollor\u00e9,<\/a> la rentr\u00e9e de France Inter a \u00e9t\u00e9 qualifi\u00e9e d'\u00a0\u00bbindigne\u00a0\u00bb.<\/p>\n<p class=\"ap-StoryElement ap-StoryElement--mb ap-StoryText\">Deux billets humoristiques ont \u00e9t\u00e9 vis\u00e9s. Dans l&rsquo;un, Jess\u00e9 ironisait sur l&rsquo;arriv\u00e9e possible de \u00ab\u00a0n\u00e9o-nazis\u00a0\u00bb \u00e0 l&rsquo;antenne apr\u00e8s Charles Sapin. Dans l&rsquo;autre, Ameziane comparait le physique du d\u00e9put\u00e9 RN Jean-Philippe Tanguy \u00e0 celui d&rsquo;un \u00ab\u00a0rat\u00a0\u00bb &#8211; chronique vivement r\u00e9prouv\u00e9e \u00e0 l&rsquo;extr\u00eame droite \u00e9galement.<\/p>\n<p><a href=\"https:\/\/www.lalibre.be\/culture\/medias-tele\/2025\/06\/27\/un-veritable-casse-tete-a-france-inter-EIVJCSPUDBE4ZBWSX5VY65DC6E\/\" target=\"_self\" class=\"ap-StoryInterstitialLink ap-StoryElement ap-StoryElement--mb\" rel=\"nofollow noopener\">Un v\u00e9ritable casse-t\u00eate \u00e0 France Inter<\/a><\/p>\n","protected":false},"excerpt":{"rendered":"Charles Sapin, un recrutement explosif C\u00e9line Pigalle, directrice de la station publique depuis mars, a choisi un panel&hellip;\n","protected":false},"author":2,"featured_media":236246,"comment_status":"","ping_status":"","sticky":false,"template":"","format":"standard","meta":{"footnotes":"","_share_on_mastodon":"0"},"categories":[8],"tags":[10,12,13,18,17,73072,10009,73073,73074,273,11,12161,1731,525,28981,3772],"class_list":["post-236245","post","type-post","status-publish","format-standard","has-post-thumbnail","category-actualites","tag-actualites","tag-be","tag-be-fr","tag-belgique","tag-belgium","tag-celine-pigalle","tag-charles-alloncle","tag-daniele-obono","tag-jean-philippe-tanguy","tag-medias","tag-news","tag-patrick-cohen","tag-politique","tag-radio","tag-thomas-legrand","tag-vincent-bollore"],"share_on_mastodon":{"url":"https:\/\/pubeurope.com\/@be_fr\/117202087290535795","error":""},"_links":{"self":[{"href":"https:\/\/www.europesays.com\/be-fr\/wp-json\/wp\/v2\/posts\/236245","targetHints":{"allow":["GET"]}}],"collection":[{"href":"https:\/\/www.europesays.com\/be-fr\/wp-json\/wp\/v2\/posts"}],"about":[{"href":"https:\/\/www.europesays.com\/be-fr\/wp-json\/wp\/v2\/types\/post"}],"author":[{"embeddable":true,"href":"https:\/\/www.europesays.com\/be-fr\/wp-json\/wp\/v2\/users\/2"}],"replies":[{"embeddable":true,"href":"https:\/\/www.europesays.com\/be-fr\/wp-json\/wp\/v2\/comments?post=236245"}],"version-history":[{"count":0,"href":"https:\/\/www.europesays.com\/be-fr\/wp-json\/wp\/v2\/posts\/236245\/revisions"}],"wp:featuredmedia":[{"embeddable":true,"href":"https:\/\/www.europesays.com\/be-fr\/wp-json\/wp\/v2\/media\/236246"}],"wp:attachment":[{"href":"https:\/\/www.europesays.com\/be-fr\/wp-json\/wp\/v2\/media?parent=236245"}],"wp:term":[{"taxonomy":"category","embeddable":true,"href":"https:\/\/www.europesays.com\/be-fr\/wp-json\/wp\/v2\/categories?post=236245"},{"taxonomy":"post_tag","embeddable":true,"href":"https:\/\/www.europesays.com\/be-fr\/wp-json\/wp\/v2\/tags?post=236245"}],"curies":[{"name":"wp","href":"https:\/\/api.w.org\/{rel}","templated":true}]}}