{"id":236269,"date":"2026-09-02T15:24:16","date_gmt":"2026-09-02T15:24:16","guid":{"rendered":"https:\/\/www.europesays.com\/be-fr\/236269\/"},"modified":"2026-09-02T15:24:16","modified_gmt":"2026-09-02T15:24:16","slug":"instinct-tour-angele-annonce-sa-plus-grande-tournee-la-course-aux-billets-demarre-ce-mercredi","status":"publish","type":"post","link":"https:\/\/www.europesays.com\/be-fr\/236269\/","title":{"rendered":"\u00ab\u00a0Instinct Tour\u00a0\u00bb\u00a0: Ang\u00e8le annonce sa plus grande tourn\u00e9e, la course aux billets d\u00e9marre ce mercredi"},"content":{"rendered":"<p class=\"su-h3 su-margin-bottom-s su-margin-top-0\">En r\u00e9sum\u00e9<\/p>\n<p>La tourn\u00e9e\u00a0: \u00e0 l\u2019Accor Arena, avant son album \u00ab\u00a0Instinct\u00a0\u00bb le 16\u00a0octobre.<\/p>\n<p>La pr\u00e9vente\u00a0: D\u00e8s mercredi 2\u00a0septembre \u00e0 10\u00a0h, mise en vente g\u00e9n\u00e9rale le 5\u00a0septembre sur Fnac Spectacles, Live Nation, Ticketmaster et revendeurs officiels.<\/p>\n<p>Les prix\u00a0: De 60\u00a0\u20ac \u00e0 100\u00a0\u20ac selon les villes et cat\u00e9gories.<\/p>\n<p data-ofstats-scroll=\"read_depth_10\">On l\u2019attendait, on l\u2019esp\u00e9rait, et Ang\u00e8le a fini par \u00ab\u00a0balancer\u00a0\u00bb la nouvelle\u00a0: son grand retour est bien r\u00e9el. Un vrai soulagement pour les fans qui se sont jet\u00e9s sur \u00ab\u00a0Une seule vie\u00a0\u00bb d\u00e8s sa sortie le 28\u00a0ao\u00fbt. Un virage \u00e9lectro qui tranche avec ce qu\u2019on connaissait d\u2019elle, et qui n\u2019est qu\u2019un avant-go\u00fbt de son troisi\u00e8me album, \u00ab\u00a0Instinct\u00a0\u00bb, attendu le 16\u00a0octobre. Autant dire qu\u2019on n\u2019a pas fini de danser dessus au bureau.<\/p>\n<p data-ofstats-scroll=\"read_depth_20\">Pr\u00e9parez-vous \u00e0 rechanter \u00ab\u00a0Balance ton quoi\u00a0\u00bb et \u00ab\u00a0Fever\u00a0\u00bb \u00e0 tue-t\u00eate\u00a0(les voisins sont pr\u00e9venus), en attendant de d\u00e9couvrir les nouveaux titres. Voici tout ce qu\u2019il faut savoir pour ne pas rater la billetterie officielle.<\/p>\n<p>        Une annonce qui couvait depuis des mois<\/p>\n<p data-ofstats-scroll=\"read_depth_20\">Cet \u00e9t\u00e9, on a eu le plaisir de voir Ang\u00e8le sur nos r\u00e9seaux et m\u00eame dans nos playlists avec \u00ab\u00a0Run\u00a0\u00bb feat Amelie Lens, de quoi nous mettre sur la piste\u2026 De l\u2019\u00e9lectro. Et on sait que la Belge a un vrai talent pour le suspense\u00a0: elle sait prolonger le teasing mieux que personne. La derni\u00e8re annonce en date, la bonne cette fois\u00a0: sa tourn\u00e9e \u00ab\u00a0Instinct Tour\u00a0\u00bb, d\u00e9voil\u00e9e ce lundi 31\u00a0ao\u00fbt avec une vid\u00e9o qui a fait le tour d\u2019Instagram en quelques heures \u00e0 peine.<\/p>\n<p>        Les lieux et dates de la tourn\u00e9e<\/p>\n<p data-ofstats-scroll=\"read_depth_30\">De Reims \u00e0 Los Angeles, la chanteuse va traverser le globe \u00e0 l\u2019occasion de cette tourn\u00e9e qualifi\u00e9e par sa production de \u00ab\u00a0plus ambitieuse aventure sc\u00e9nique d\u2019Ang\u00e8le \u00e0 ce jour\u00a0\u00bb, avec 23\u00a0dates au total. Rien que \u00e7a.<\/p>\n<p data-ofstats-scroll=\"read_depth_40\">Le coup d\u2019envoi sera donn\u00e9 le 3\u00a0mars 2027 \u00e0 Reims, avant trois soir\u00e9es cons\u00e9cutives \u00e0 l\u2019Accor Arena de Paris, les 8, 9 et 10\u00a0mars\u00a0(oui, trois soirs de suite, la Belge ne fait pas les choses \u00e0 moiti\u00e9). La tourn\u00e9e reprendra ensuite \u00e0 l\u2019automne pour un passage par plusieurs grandes salles fran\u00e7aises\u00a0:<\/p>\n<p>        28\u00a0septembre 2027\u00a0: Strasbourg\u00a0(Z\u00e9nith Europe)1er\u00a0octobre 2027\u00a0: Lille\u00a0(Decathlon Arena, stade Pierre Mauroy)7\u00a0octobre 2027\u00a0: Amn\u00e9ville\u00a0(Le Galaxie)9\u00a0octobre 2027\u00a0: Nantes\u00a0(Z\u00e9nith Nantes M\u00e9tropole)16\u00a0octobre 2027\u00a0: Montpellier\u00a0(Sud de France Arena)19\u00a0octobre 2027\u00a0: Toulouse23\u00a0octobre 2027\u00a0: Bordeaux\u00a0(Ark\u00e9a Arena)4\u00a0novembre 2027\u00a0: Lyon\u00a0(LDLC Arena)<\/p>\n<p data-ofstats-scroll=\"read_depth_40\">Ang\u00e8le fera aussi escale \u00e0 Bruxelles, sa ville, forc\u00e9ment\u00a0(deux dates \u00e0 l\u2019ING Arena les 20 et 21\u00a0mars), avant de partir \u00e0 la conqu\u00eate de Barcelone, Londres, Berlin, Cologne, Amsterdam et Lausanne, sans oublier trois dates en Am\u00e9rique du Nord\u00a0: Montr\u00e9al, New York et Los Angeles. Chapeau bas.<\/p>\n<p>        O\u00f9 trouver des places, et \u00e0 quel prix\u00a0?<\/p>\n<p data-ofstats-scroll=\"read_depth_50\">La chasse aux places commence d\u00e8s le mercredi 2\u00a0septembre au matin, et ici, pas de place pour l\u2019h\u00e9sitation \u00ab\u00a0c\u2019est oui, ou bien c\u2019est non\u00a0???\u00a0\u00bb\u00a0: \u00e0 ce niveau de demande, ceux qui tra\u00eenent risquent de regarder le concert depuis leur canap\u00e9. Voici le calendrier des ventes \u00e0 retenir\u00a0:<\/p>\n<p>        Pr\u00e9vente Artiste\u00a0: mercredi 2\u00a0septembre 2026 \u00e0 10h00Pr\u00e9vente Mastercard\u00a0: jeudi 3\u00a0septembre 2026 \u00e0 10h00<a href=\"https:\/\/www.livenation.fr\/ang%c3%a8le-tickets-adp1101806\" rel=\"nofollow noopener\" target=\"_blank\">Pr\u00e9vente Live Nation<\/a>\u00a0: vendredi 4\u00a0septembre 2026 \u00e0 10h00Mise en vente g\u00e9n\u00e9rale\u00a0: samedi 5\u00a0septembre 2026 \u00e0 11h00<\/p>\n<p data-ofstats-scroll=\"read_depth_50\">C\u00f4t\u00e9 tarifs, plusieurs cat\u00e9gories seront propos\u00e9es, avec des prix allant de 59,80 \u20ac \u00e0 99,40 \u20ac selon l\u2019emplacement choisi :<\/p>\n<p>        Fosse : 59,80\u20acCat\u00e9gorie 2 : 69,70\u20acFosse Or : 79,60\u20acCat\u00e9gorie 1 : 79,60Carr\u00e9 or : 99,40\u20ac<\/p>\n<p data-ofstats-scroll=\"read_depth_50\">Les prix devraient varier l\u00e9g\u00e8rement d\u2019une ville \u00e0 l\u2019autre selon la configuration des salles. Les billets seront disponibles sur Live Nation, Ticketmaster, <a href=\"https:\/\/www.awin1.com\/cread.php?awinmid=12494&amp;awinaffid=482403&amp;clickref=guide-achat&amp;platform=dl&amp;ued=https%3A%2F%2Fwww.fnacspectacles.com%2Fartist%2Fangele%2F%3Faffiliate%3DFKC\" rel=\"nofollow,sponsored noopener\" target=\"_blank\">Fnac Spectacles<\/a>\u2026 Selon les salles.<\/p>\n<p data-ofstats-scroll=\"read_depth_60\">Vu la ru\u00e9e attendue sur \u00ab\u00a0Une seule vie\u00a0\u00bb et l\u2019attente autour de \u00ab\u00a0Instinct\u00a0\u00bb, les places risquent de partir aussi vite qu\u2019un refrain d\u2019Ang\u00e8le s\u2019installe dans la t\u00eate. Mieux vaut avoir votre compte pr\u00eat et les liens sous la main mercredi \u00e0 10\u00a0h pile.<\/p>\n<p>        Ce qu\u2019on esp\u00e8re voir sur sc\u00e8ne<\/p>\n<p data-ofstats-scroll=\"read_depth_60\">Impossible d\u2019oublier la d\u00e9marche envo\u00fbtante de la chanteuse pendant la c\u00e9r\u00e9monie de cl\u00f4ture des JO de Paris 2024, o\u00f9 Ang\u00e8le avait repris \u00ab\u00a0Nightcall\u00a0\u00bb aux c\u00f4t\u00e9s de Phoenix et de Kavinsky, disparu le 28\u00a0juillet dernier. Un souvenir qui donne \u00e0 cette tourn\u00e9e une r\u00e9sonance particuli\u00e8re et qui laisse imaginer un hommage sur sc\u00e8ne.<\/p>\n<p data-ofstats-scroll=\"read_depth_70\">Ang\u00e8le nous a habitu\u00e9s \u00e0 une \u00e9nergie folle et des tenues \u00e0 la pointe de la mode\u00a0: difficile d\u2019imaginer que l\u2019Instinct Tour fasse exception.<\/p>\n<p>                        <img decoding=\"async\" class=\"su-media\" title=\"Disposition pr\u00e9vue pour l\u2019Accor Arena de Ang\u00e8le en mars\u00a02027.\" src=\"data:image\/png;base64,iVBORw0KGgoAAAANSUhEUgAAABAAAAAJCAYAAAA7KqwyAAAAGXRFWHRTb2Z0d2FyZQBBZG9iZSBJbWFnZVJlYWR5ccllPAAAABhJREFUeNpi\/P\/\/PwMlgHHUgFEDgAAgwAD+lBrvy+NcxAAAAABJRU5ErkJggg==\" data-oflazyload=\"{&quot;srcset&quot;:&quot;https:\/\/media.ouest-france.fr\/v1\/pictures\/MjAyNjA5MTI5ZjdmZGU1ZjhjMmQyYjUzZmI5NTFiNGRiMGZjZmI?width=320&amp;focuspoint=50%2C25&amp;cropresize=1&amp;client_id=bpeditorial&amp;sign=f02da5c2ba3658c12ab40dcd17042305e64b345743ea123a22a29b860f20d901 280w, https:\/\/media.ouest-france.fr\/v1\/pictures\/MjAyNjA5MTI5ZjdmZGU1ZjhjMmQyYjUzZmI5NTFiNGRiMGZjZmI?width=375&amp;focuspoint=50%2C25&amp;cropresize=1&amp;client_id=bpeditorial&amp;sign=43361a3dd8c61dd9c075d5571d854919f61b9bbd24a6e9e9a7f8a95af2621bd9 360w, https:\/\/media.ouest-france.fr\/v1\/pictures\/MjAyNjA5MTI5ZjdmZGU1ZjhjMmQyYjUzZmI5NTFiNGRiMGZjZmI?width=480&amp;focuspoint=50%2C25&amp;cropresize=1&amp;client_id=bpeditorial&amp;sign=cba48aae736ba4ee8229e48ebebd4886bc12cf0307c3ac02ecb5435cc7a01ac3 480w, https:\/\/media.ouest-france.fr\/v1\/pictures\/MjAyNjA5MTI5ZjdmZGU1ZjhjMmQyYjUzZmI5NTFiNGRiMGZjZmI?width=630&amp;focuspoint=50%2C25&amp;cropresize=1&amp;client_id=bpeditorial&amp;sign=e0b00bafc859bc001da9a40009e26e363d22f5b4a5b4b2c88c245053cce8eb3d 630w, https:\/\/media.ouest-france.fr\/v1\/pictures\/MjAyNjA5MTI5ZjdmZGU1ZjhjMmQyYjUzZmI5NTFiNGRiMGZjZmI?width=940&amp;focuspoint=50%2C25&amp;cropresize=1&amp;client_id=bpeditorial&amp;sign=9bf90ad53e9b7d8bb3ded2546388ee56c0b31b272df88a3b5a1d78c6f48a333f 940w, https:\/\/media.ouest-france.fr\/v1\/pictures\/MjAyNjA5MTI5ZjdmZGU1ZjhjMmQyYjUzZmI5NTFiNGRiMGZjZmI?width=1260&amp;focuspoint=50%2C25&amp;cropresize=1&amp;client_id=bpeditorial&amp;sign=0bcacf82c6944dc65398227b2f808658f8c47d147cf9188b116dbee581648f31 1260w&quot; }\"\/><\/p>\n<p>                    Disposition pr\u00e9vue pour l\u2019Accor Arena de Ang\u00e8le en mars\u00a02027. | OUEST FRANCE SHOPPING<br \/>\n                    Voir en plein \u00e9cran<\/p>\n<p>                    <img decoding=\"async\" class=\"media\" title=\"Disposition pr\u00e9vue pour l\u2019Accor Arena de Ang\u00e8le en mars\u00a02027.\" data-oflazyload=\"{&quot;srcset&quot;:&quot;https:\/\/media.ouest-france.fr\/v1\/pictures\/MjAyNjA5MTI5ZjdmZGU1ZjhjMmQyYjUzZmI5NTFiNGRiMGZjZmI?width=320&amp;focuspoint=50%2C25&amp;cropresize=1&amp;client_id=bpeditorial&amp;sign=f02da5c2ba3658c12ab40dcd17042305e64b345743ea123a22a29b860f20d901 280w, https:\/\/media.ouest-france.fr\/v1\/pictures\/MjAyNjA5MTI5ZjdmZGU1ZjhjMmQyYjUzZmI5NTFiNGRiMGZjZmI?width=375&amp;focuspoint=50%2C25&amp;cropresize=1&amp;client_id=bpeditorial&amp;sign=43361a3dd8c61dd9c075d5571d854919f61b9bbd24a6e9e9a7f8a95af2621bd9 360w, https:\/\/media.ouest-france.fr\/v1\/pictures\/MjAyNjA5MTI5ZjdmZGU1ZjhjMmQyYjUzZmI5NTFiNGRiMGZjZmI?width=480&amp;focuspoint=50%2C25&amp;cropresize=1&amp;client_id=bpeditorial&amp;sign=cba48aae736ba4ee8229e48ebebd4886bc12cf0307c3ac02ecb5435cc7a01ac3 480w, https:\/\/media.ouest-france.fr\/v1\/pictures\/MjAyNjA5MTI5ZjdmZGU1ZjhjMmQyYjUzZmI5NTFiNGRiMGZjZmI?width=630&amp;focuspoint=50%2C25&amp;cropresize=1&amp;client_id=bpeditorial&amp;sign=e0b00bafc859bc001da9a40009e26e363d22f5b4a5b4b2c88c245053cce8eb3d 630w, https:\/\/media.ouest-france.fr\/v1\/pictures\/MjAyNjA5MTI5ZjdmZGU1ZjhjMmQyYjUzZmI5NTFiNGRiMGZjZmI?width=940&amp;focuspoint=50%2C25&amp;cropresize=1&amp;client_id=bpeditorial&amp;sign=9bf90ad53e9b7d8bb3ded2546388ee56c0b31b272df88a3b5a1d78c6f48a333f 940w, https:\/\/media.ouest-france.fr\/v1\/pictures\/MjAyNjA5MTI5ZjdmZGU1ZjhjMmQyYjUzZmI5NTFiNGRiMGZjZmI?width=1260&amp;focuspoint=50%2C25&amp;cropresize=1&amp;client_id=bpeditorial&amp;sign=0bcacf82c6944dc65398227b2f808658f8c47d147cf9188b116dbee581648f31 1260w&quot; }\"\/><br \/>\n                    Disposition pr\u00e9vue pour l\u2019Accor Arena de Ang\u00e8le en mars\u00a02027. | OUEST FRANCE SHOPPING<\/p>\n<p>        FAQ\u00a0: tout savoir sur la pr\u00e9vente et la tourn\u00e9e d\u2019Ang\u00e8le<\/p>\n<p>        Quand commence la pr\u00e9vente pour la tourn\u00e9e d\u2019Ang\u00e8le\u00a0?<\/p>\n<p data-ofstats-scroll=\"read_depth_70\">La pr\u00e9vente artiste d\u00e9marre ce mercredi 2\u00a0septembre 2026 \u00e0 10h00 jusqu\u2019au jeudi 3\u00a0septembre \u00e0 18h00. Suivent la pr\u00e9vente Mastercard le jeudi 3\u00a0septembre \u00e0 10h00 et jusqu\u2019au samedi 5\u00a0septembre \u00e0 11h00, puis la pr\u00e9vente Live Nation le vendredi 4\u00a0septembre \u00e0 10h00, avant la mise en vente g\u00e9n\u00e9rale le samedi 5\u00a0septembre \u00e0 11h00.<\/p>\n<p data-ofstats-scroll=\"read_depth_80\">La pr\u00e9vente artiste est r\u00e9serv\u00e9e aux personnes ayant pr\u00e9command\u00e9 le nouvel album d\u2019Ang\u00e8le \u201cInstinct\u201d avant le 1er\u00a0septembre 17\u00a0h. Un code unique est attribu\u00e9 aux inscrits. Si vous n\u2019avez pas ce s\u00e9same, mieux vaut viser directement la pr\u00e9vente Mastercard ou la mise en vente g\u00e9n\u00e9rale.<\/p>\n<p data-ofstats-scroll=\"read_depth_80\">Les billets pr\u00e9f\u00e9rentiels Mastercard sont exclusivement r\u00e9serv\u00e9s aux porteurs de carte World, World Elite et Platinium. Si c\u2019est le cas, inscrivez-vous au plus vite \u00e0 la pr\u00e9vente via <a href=\"https:\/\/www.priceless.com\/music\" rel=\"nofollow noopener\" target=\"_blank\">Priceless.com.<\/a><\/p>\n<p>        O\u00f9 acheter les billets pour l\u2019Instinct Tour\u00a0?<\/p>\n<p data-ofstats-scroll=\"read_depth_80\">Les billets sont disponibles sur<a href=\"https:\/\/www.livenation.fr\/ang%c3%a8le-tickets-adp1101806\" rel=\"nofollow noopener\" target=\"_blank\"> Live Nation<\/a>, Ticketmaster, Fnac Spectacles, Cdiscount billetterie\u00a0etc.<\/p>\n<p>        Quel est le prix des places pour la tourn\u00e9e d\u2019Ang\u00e8le\u00a0?<\/p>\n<p data-ofstats-scroll=\"read_depth_90\">Les tarifs varient selon les villes et la configuration des salles. Ils se situent entre 60\u00a0\u20ac et 100\u00a0\u20ac en cat\u00e9gorie Or.<\/p>\n<p>        Combien de dates Ang\u00e8le joue-t-elle en France\u00a0?<\/p>\n<p data-ofstats-scroll=\"read_depth_90\">Douze dates sont pr\u00e9vues en France, dont trois soirs cons\u00e9cutifs \u00e0 l\u2019Accor Arena de Paris les 8, 9 et 10\u00a0mars 2027.<\/p>\n<p>        Quand sort le nouvel album d\u2019Ang\u00e8le, \u00ab\u00a0Instinct\u00a0\u00bb\u00a0?<\/p>\n<p data-ofstats-scroll=\"read_depth_90\">\u00ab\u00a0Instinct\u00a0\u00bb, son troisi\u00e8me album, doit sortir le 16\u00a0octobre 2026, quelques mois avant le d\u00e9but de la tourn\u00e9e.<\/p>\n<p>        Ang\u00e8le joue-t-elle \u00e0 Lyon, Lille, Nantes ou Bordeaux\u00a0?<\/p>\n<p data-ofstats-scroll=\"read_depth_90\">Oui. Elle passera notamment par la LDLC Arena de Lyon\u00a0(4\u00a0novembre 2027), le stade Pierre Mauroy \u00e0 Lille\u00a0(1er\u00a0octobre), le Z\u00e9nith de Nantes M\u00e9tropole\u00a0(9\u00a0octobre) et l\u2019Ark\u00e9a Arena de Bordeaux\u00a0(23\u00a0octobre).<\/p>\n<p>        Ang\u00e8le sera-t-elle en tourn\u00e9e aux \u00c9tats-Unis ou au Canada\u00a0?<\/p>\n<p data-ofstats-scroll=\"read_depth_100\">Oui, l\u2019Instinct Tour pr\u00e9voit trois dates en Am\u00e9rique du Nord\u00a0: Montr\u00e9al, New York et Los Angeles.<\/p>\n","protected":false},"excerpt":{"rendered":"En r\u00e9sum\u00e9 La tourn\u00e9e\u00a0: \u00e0 l\u2019Accor Arena, avant son album \u00ab\u00a0Instinct\u00a0\u00bb le 16\u00a0octobre. La pr\u00e9vente\u00a0: D\u00e8s mercredi 2\u00a0septembre&hellip;\n","protected":false},"author":2,"featured_media":236270,"comment_status":"","ping_status":"","sticky":false,"template":"","format":"standard","meta":{"footnotes":"","_share_on_mastodon":"0"},"categories":[102],"tags":[12,13,18,17,6509,129,128,419,96,95,31072,109,5665,11075],"class_list":["post-236269","post","type-post","status-publish","format-standard","has-post-thumbnail","category-people","tag-be","tag-be-fr","tag-belgique","tag-belgium","tag-billetterie","tag-celebrities","tag-celebrity","tag-culture","tag-divertissement","tag-entertainment","tag-guide-achat","tag-people","tag-streaming","tag-vie-quotidienne"],"share_on_mastodon":{"url":"https:\/\/pubeurope.com\/@be_fr\/117202142352622208","error":""},"_links":{"self":[{"href":"https:\/\/www.europesays.com\/be-fr\/wp-json\/wp\/v2\/posts\/236269","targetHints":{"allow":["GET"]}}],"collection":[{"href":"https:\/\/www.europesays.com\/be-fr\/wp-json\/wp\/v2\/posts"}],"about":[{"href":"https:\/\/www.europesays.com\/be-fr\/wp-json\/wp\/v2\/types\/post"}],"author":[{"embeddable":true,"href":"https:\/\/www.europesays.com\/be-fr\/wp-json\/wp\/v2\/users\/2"}],"replies":[{"embeddable":true,"href":"https:\/\/www.europesays.com\/be-fr\/wp-json\/wp\/v2\/comments?post=236269"}],"version-history":[{"count":0,"href":"https:\/\/www.europesays.com\/be-fr\/wp-json\/wp\/v2\/posts\/236269\/revisions"}],"wp:featuredmedia":[{"embeddable":true,"href":"https:\/\/www.europesays.com\/be-fr\/wp-json\/wp\/v2\/media\/236270"}],"wp:attachment":[{"href":"https:\/\/www.europesays.com\/be-fr\/wp-json\/wp\/v2\/media?parent=236269"}],"wp:term":[{"taxonomy":"category","embeddable":true,"href":"https:\/\/www.europesays.com\/be-fr\/wp-json\/wp\/v2\/categories?post=236269"},{"taxonomy":"post_tag","embeddable":true,"href":"https:\/\/www.europesays.com\/be-fr\/wp-json\/wp\/v2\/tags?post=236269"}],"curies":[{"name":"wp","href":"https:\/\/api.w.org\/{rel}","templated":true}]}}