{"id":236311,"date":"2026-09-02T15:49:16","date_gmt":"2026-09-02T15:49:16","guid":{"rendered":"https:\/\/www.europesays.com\/be-fr\/236311\/"},"modified":"2026-09-02T15:49:16","modified_gmt":"2026-09-02T15:49:16","slug":"a-quelques-jours-du-retour-de-celine-dion-sur-scene-son-manager-evoque-ses-soucis-de-sante-ils-ne-sont-pas-gueris","status":"publish","type":"post","link":"https:\/\/www.europesays.com\/be-fr\/236311\/","title":{"rendered":"\u00c0 quelques jours du retour de C\u00e9line Dion sur sc\u00e8ne, son manager \u00e9voque ses soucis de sant\u00e9\u00a0: \u00ab\u00a0Ils ne sont pas gu\u00e9ris\u00a0\u00bb"},"content":{"rendered":"<p class=\"ap-StoryElement ap-StoryElement--mb ap-StoryText\">Si les fans se r\u00e9jouissent de retrouver leur idole, les questions sur la sant\u00e9 de C\u00e9line Dion fusent n\u00e9anmoins dans leurs conversations. La chanteuse sera-t-elle en mesure d&rsquo;assurer les nombreuses dates qui s&rsquo;ouvrent \u00e0 elles ? Interrog\u00e9 par Le Parisien, John Nelson, le manager de la star, rassure en revenant sur la longue pr\u00e9paration qui lui permet aujourd&rsquo;hui de r\u00e9investir la sc\u00e8ne.<\/p>\n<p class=\"ap-StoryElement ap-StoryElement--mb ap-StoryText\">Depuis de longs mois, <a href=\"https:\/\/www.parismatch.be\/culture\/musique\/2026\/01\/06\/on-ma-dit-que-cetait-le-moment-celine-dion-fait-une-grande-annonce-qui-ravira-ses-fans-UJP7AT4XZFBSXFY5AZ77LHZVAY\/\" target=\"_self\" rel=\"nofollow noopener\">l&rsquo;interpr\u00e8te de \u00ab\u00a0All By Myself\u00a0\u00bb<\/a> se soumet \u00e0 des exercices r\u00e9guliers pour retrouver son muscle vocal, \u00ab\u00a0\u00e0 l&rsquo;arr\u00eat depuis 2020\u00a0\u00bb. \u00ab\u00a0Elle est tr\u00e8s tr\u00e8s heureuse des progr\u00e8s qu&rsquo;elle a faits. \u00c0 mesure que les spectacles approchent, elle est de plus en plus enthousiaste\u00a0\u00bb, souligne son manager.<\/p>\n<p><a href=\"https:\/\/www.parismatch.be\/actualites\/people\/2026\/08\/30\/celine-dion-accompagnee-de-ses-discrets-jumeaux-a-paris-ils-ont-bien-change-video-PVLRTTPDK5FJ3KTI3QY4JL2HGU\/\" target=\"_self\" class=\"ap-StoryInterstitialLink ap-StoryElement ap-StoryElement--mb\" rel=\"nofollow noopener\">C\u00e9line Dion accompagn\u00e9e de ses discrets jumeaux \u00e0 Paris: ils ont bien chang\u00e9 (VID\u00c9O)<\/a>C\u00e9line Dion est-elle gu\u00e9rie ?<\/p>\n<p class=\"ap-StoryElement ap-StoryElement--mb ap-StoryText\">Tandis qu&rsquo;elle appara\u00eet ces derniers jours dans <a href=\"https:\/\/www.parismatch.be\/actualites\/people\/2026\/08\/28\/les-premiers-mots-de-celine-dion-a-son-arrivee-a-paris-video-HOHZ3JXH7NGE3CDFCV2N7AOKOM\/\" target=\"_self\" rel=\"nofollow noopener\">de nombreuses vid\u00e9os relay\u00e9es sur les r\u00e9seaux sociaux<\/a>, C\u00e9line Dion, qui loge dans un luxueux h\u00f4tel parisien, n&rsquo;en a cependant pas r\u00e9ellement fini avec les soucis de sant\u00e9. \u00ab\u00a0Ils ne sont pas gu\u00e9ris, mais ils sont soign\u00e9s et sous contr\u00f4le. C\u00e9line et ses m\u00e9decins ont \u00e9tabli des protocoles pour les g\u00e9rer\u00a0\u00bb, explique John Nelson. Ses \u00e9quipes form\u00e9es \u00e0 toutes les \u00e9ventualit\u00e9s, C\u00e9line Dion montera donc sur sc\u00e8ne avec sa maladie, qui se placera pour ses fans bien loin derri\u00e8re ses performances vocales tant attendues.<\/p>\n<p><a href=\"https:\/\/www.parismatch.be\/culture\/musique\/2026\/06\/23\/pardon-celine-dion-annonce-la-sortie-dun-nouveau-single-et-le-titre-enerve-certains-fans-AJOZCS7KC5ESHASRQMLZ6P65WY\/\" target=\"_self\" class=\"ap-StoryInterstitialLink ap-StoryElement ap-StoryElement--mb\" rel=\"nofollow noopener\">\u00ab\u00a0Pardon\u00a0\u00bb: C\u00e9line Dion annonce la sortie d&rsquo;un nouveau single et le titre \u00e9nerve certains fans<\/a><\/p>\n<p class=\"ap-StoryElement ap-StoryElement--mb ap-StoryText\">D&rsquo;ailleurs, <a href=\"https:\/\/www.parismatch.be\/actualites\/people\/2026\/08\/19\/jaimerais-leur-offrir-quelque-chose-pour-leur-montrer-a-quel-point-ils-mont-manque-celine-dion-en-dit-plus-sur-ses-concerts-a-paris-BHOQG7M5JBBW5EZC2IT75MZUWA\/\" target=\"_self\" rel=\"nofollow noopener\">la voix de la diva<\/a> n&rsquo;a pas p\u00e2ti de cette p\u00e9riode difficile, assure son manager. La chanteuse a seulement d\u00fb apprendre \u00e0 g\u00e9rer ses efforts pour pouvoir tenir dans la dur\u00e9e. \u00ab\u00a0C\u00e9line a d\u00fb apprendre pour la premi\u00e8re fois \u00e0 l&rsquo;utiliser, elle pour qui c&rsquo;\u00e9tait tout \u00e0 fait naturel depuis sa naissance. Elle doit y penser maintenant, pour la prot\u00e9ger.\u00a0\u00bb Rendez-vous donc d\u00e8s le 12 septembre pour les plus chanceux, pour le d\u00e9but d&rsquo;une nouvelle \u00e8re <a href=\"https:\/\/www.parismatch.be\/actualites\/people\/2026\/05\/29\/celine-dion-de-retour-sur-le-devant-de-la-scene-une-serie-sera-bientot-consacree-a-son-enfance-avec-ses-13-freres-et-soeurs-YPSENCQAPFFMNACOFKZ33F5HSI\/\" target=\"_self\" rel=\"nofollow noopener\">pour C\u00e9line Dion<\/a>.<\/p>\n","protected":false},"excerpt":{"rendered":"Si les fans se r\u00e9jouissent de retrouver leur idole, les questions sur la sant\u00e9 de C\u00e9line Dion fusent&hellip;\n","protected":false},"author":2,"featured_media":236312,"comment_status":"","ping_status":"","sticky":false,"template":"","format":"standard","meta":{"footnotes":"","_share_on_mastodon":"0"},"categories":[8],"tags":[10,12,13,18,17,426,666,9194,1336,11,943,73086,87,5038,12931],"class_list":["post-236311","post","type-post","status-publish","format-standard","has-post-thumbnail","category-actualites","tag-actualites","tag-be","tag-be-fr","tag-belgique","tag-belgium","tag-celine-dion","tag-concerts","tag-guerison","tag-maladie","tag-news","tag-paris","tag-personne-raide","tag-sante","tag-soucis-de-sante","tag-syndrome"],"share_on_mastodon":{"url":"https:\/\/pubeurope.com\/@be_fr\/117202240464236031","error":""},"_links":{"self":[{"href":"https:\/\/www.europesays.com\/be-fr\/wp-json\/wp\/v2\/posts\/236311","targetHints":{"allow":["GET"]}}],"collection":[{"href":"https:\/\/www.europesays.com\/be-fr\/wp-json\/wp\/v2\/posts"}],"about":[{"href":"https:\/\/www.europesays.com\/be-fr\/wp-json\/wp\/v2\/types\/post"}],"author":[{"embeddable":true,"href":"https:\/\/www.europesays.com\/be-fr\/wp-json\/wp\/v2\/users\/2"}],"replies":[{"embeddable":true,"href":"https:\/\/www.europesays.com\/be-fr\/wp-json\/wp\/v2\/comments?post=236311"}],"version-history":[{"count":0,"href":"https:\/\/www.europesays.com\/be-fr\/wp-json\/wp\/v2\/posts\/236311\/revisions"}],"wp:featuredmedia":[{"embeddable":true,"href":"https:\/\/www.europesays.com\/be-fr\/wp-json\/wp\/v2\/media\/236312"}],"wp:attachment":[{"href":"https:\/\/www.europesays.com\/be-fr\/wp-json\/wp\/v2\/media?parent=236311"}],"wp:term":[{"taxonomy":"category","embeddable":true,"href":"https:\/\/www.europesays.com\/be-fr\/wp-json\/wp\/v2\/categories?post=236311"},{"taxonomy":"post_tag","embeddable":true,"href":"https:\/\/www.europesays.com\/be-fr\/wp-json\/wp\/v2\/tags?post=236311"}],"curies":[{"name":"wp","href":"https:\/\/api.w.org\/{rel}","templated":true}]}}