{"id":236319,"date":"2026-09-02T15:53:12","date_gmt":"2026-09-02T15:53:12","guid":{"rendered":"https:\/\/www.europesays.com\/be-fr\/236319\/"},"modified":"2026-09-02T15:53:12","modified_gmt":"2026-09-02T15:53:12","slug":"un-festival-metal-investit-une-petite-commune-des-alpes-de-haute-provence-le-premier-week-end-de-septembre","status":"publish","type":"post","link":"https:\/\/www.europesays.com\/be-fr\/236319\/","title":{"rendered":"Un festival m\u00e9tal investit une petite commune des Alpes-de-Haute-Provence le premier week-end de septembre"},"content":{"rendered":"<p>Apr\u00e8s cinq soir\u00e9es \u00ab\u00a0rock-m\u00e9tal\u00a0\u00bb, l&rsquo;association Soulenco et La Serpentine organisent un festival m\u00e9tal. Samedi 5 septembre 2026, trois groupes marseillais vont ravir les amateurs du genre \u00e0 <a href=\"https:\/\/www.laprovence.com\/alpes-de-haute-provence\/cereste-04045\" target=\"_self\" rel=\"nofollow noopener\">C\u00e9reste-en-Luberon<\/a> (Alpes-de-Haute-Provence).\u00a0Au programme, trois concerts avec les groupes suivants : Screaming Eyes, Phantom Ass et Rusty Nails.<\/p>\n<p>Si les premiers proposent un son punk hardcore \u00e9nerv\u00e9, les deuxi\u00e8mes s&rsquo;orientent vers un m\u00e9tal thrash punk. Ils sont dot\u00e9s d&rsquo;un r\u00e9pertoire en anglais et en proven\u00e7al. Quant \u00e0 Rusty Nails, leurs compos thrash groove vont se m\u00ealer \u00e0 quelques reprises (surprises).<\/p>\n<p>Le groupe est compos\u00e9 de Vince Nails \u00e0 la guitare, Zeroctavius au chant, Maximus Imperator \u00e0 la batterie et Rich Hard \u00e0 la basse. Rich Hard que les C\u00e9restains connaissent sous le nom de plume de Rich&rsquo;di Martino, l&rsquo;illustrateur passionn\u00e9 de la s\u00e9rie Les m\u00e9talleux.\u00a0Samedi soir, il y en aura pour tout les <a href=\"https:\/\/www.laprovence.com\/article\/region\/2766123100947214\/ces-groupes-metal-provencaux-qui-prennent-d-assaut-les-scenes-locales-et-le-hellfest\" target=\"_self\" rel=\"nofollow noopener\">m\u00e9talleux<\/a>.<\/p>\n<p>Une petite restauration est propos\u00e9e tout au long de la soir\u00e9e. C\u00f4t\u00e9 artisanat, c&rsquo;est Bat.Room30 qui pr\u00e9sentera ses cr\u00e9ations, des bougies gothiques pour imaginer une d\u00e9coration en harmonie avec la musique. Samedi 5 septembre, le Luberon vivra au rythme du m\u00e9tal.<\/p>\n<p>L&rsquo;ouverture des portes se fait \u00e0 18h. Il est possible de se garer devant La Serpentine, 561, route des Pr\u00e9s \u00e0 C\u00e9reste. Tarif : 8 euros.<\/p>\n","protected":false},"excerpt":{"rendered":"Apr\u00e8s cinq soir\u00e9es \u00ab\u00a0rock-m\u00e9tal\u00a0\u00bb, l&rsquo;association Soulenco et La Serpentine organisent un festival m\u00e9tal. Samedi 5 septembre 2026, trois&hellip;\n","protected":false},"author":2,"featured_media":236320,"comment_status":"","ping_status":"","sticky":false,"template":"","format":"standard","meta":{"footnotes":"","_share_on_mastodon":"0"},"categories":[98],"tags":[41,12,13,18,17,2730,419,1854,96,95,2673,44247,3306,107,108,8131,1182],"class_list":["post-236319","post","type-post","status-publish","format-standard","has-post-thumbnail","category-musique","tag-41","tag-be","tag-be-fr","tag-belgique","tag-belgium","tag-commune","tag-culture","tag-des","tag-divertissement","tag-entertainment","tag-festival","tag-investit","tag-metal","tag-music","tag-musique","tag-petite","tag-une"],"share_on_mastodon":{"url":"https:\/\/pubeurope.com\/@be_fr\/117202256498763368","error":""},"_links":{"self":[{"href":"https:\/\/www.europesays.com\/be-fr\/wp-json\/wp\/v2\/posts\/236319","targetHints":{"allow":["GET"]}}],"collection":[{"href":"https:\/\/www.europesays.com\/be-fr\/wp-json\/wp\/v2\/posts"}],"about":[{"href":"https:\/\/www.europesays.com\/be-fr\/wp-json\/wp\/v2\/types\/post"}],"author":[{"embeddable":true,"href":"https:\/\/www.europesays.com\/be-fr\/wp-json\/wp\/v2\/users\/2"}],"replies":[{"embeddable":true,"href":"https:\/\/www.europesays.com\/be-fr\/wp-json\/wp\/v2\/comments?post=236319"}],"version-history":[{"count":0,"href":"https:\/\/www.europesays.com\/be-fr\/wp-json\/wp\/v2\/posts\/236319\/revisions"}],"wp:featuredmedia":[{"embeddable":true,"href":"https:\/\/www.europesays.com\/be-fr\/wp-json\/wp\/v2\/media\/236320"}],"wp:attachment":[{"href":"https:\/\/www.europesays.com\/be-fr\/wp-json\/wp\/v2\/media?parent=236319"}],"wp:term":[{"taxonomy":"category","embeddable":true,"href":"https:\/\/www.europesays.com\/be-fr\/wp-json\/wp\/v2\/categories?post=236319"},{"taxonomy":"post_tag","embeddable":true,"href":"https:\/\/www.europesays.com\/be-fr\/wp-json\/wp\/v2\/tags?post=236319"}],"curies":[{"name":"wp","href":"https:\/\/api.w.org\/{rel}","templated":true}]}}