{"id":236327,"date":"2026-09-02T15:57:09","date_gmt":"2026-09-02T15:57:09","guid":{"rendered":"https:\/\/www.europesays.com\/be-fr\/236327\/"},"modified":"2026-09-02T15:57:09","modified_gmt":"2026-09-02T15:57:09","slug":"64-eleves-nont-toujours-pas-decole-en-1re-secondaire-a-la-rentree-alors-que-plus-de-12-500-places-sont-encore-disponibles","status":"publish","type":"post","link":"https:\/\/www.europesays.com\/be-fr\/236327\/","title":{"rendered":"64 \u00e9l\u00e8ves n&rsquo;ont toujours pas d&rsquo;\u00e9cole en 1re secondaire \u00e0 la rentr\u00e9e, alors que plus de 12.500 places sont encore disponibles"},"content":{"rendered":"<p class=\"ap-StoryElement ap-StoryElement--mb ap-StoryText\">Nouvelle \u00e9cole, nouveaux professeurs, nouveaux rythmes&#8230; La premi\u00e8re secondaire est un passage marquant dans la scolarit\u00e9 des \u00e9l\u00e8ves.<\/p>\n<p class=\"ap-StoryElement ap-StoryElement--mb ap-StoryText\">Mais tous les enfants n&rsquo;ont pas pu faire leur rentr\u00e9e en m\u00eame temps que les autres car ils ne sont toujours pas inscrit dans un \u00e9tablissement secondaire.<\/p>\n<p>64 \u00e9l\u00e8ves toujours en liste d&rsquo;attente<\/p>\n<p class=\"ap-StoryElement ap-StoryElement--mb ap-StoryText\">Selon les chiffres de l&rsquo;administration, \u00e0 la date du 1er septembre \u00e0 13h (soit un peu plus d&rsquo;une semaine apr\u00e8s la date officielle de rentr\u00e9e), 64 \u00e9l\u00e8ves sont toujours en liste d&rsquo;attente. Les enfants concern\u00e9s vivent surtout \u00e0 Bruxelles (37) et en Flandre (18). Par contre les \u00e9coles voulues par les parents se situent quasi toute \u00e0 Bruxelles (53). 9 \u00e9tablissements d\u00e9sir\u00e9s sont implant\u00e9s dans le Brabant wallon.<\/p>\n<p><a href=\"https:\/\/www.dhnet.be\/actu\/belgique\/2026\/08\/20\/valerie-glatigny-a-ce-stade-on-na-pas-dinformation-selon-laquelle-il-y-aurait-des-drames-avec-des-enseignants-qui-perdent-toutes-leurs-heures-SVCTXZMZSZEQBDJKJB6BC2CASE\/\" target=\"_self\" class=\"ap-StoryInterstitialLink ap-StoryElement ap-StoryElement--mb js-paywall-target\" rel=\"nofollow noopener\">Val\u00e9rie Glatigny: \u00ab\u00a0\u00c0 ce stade, on n&rsquo;a pas d&rsquo;information selon laquelle il y aurait des drames avec des enseignants qui perdent toutes leurs heures\u00a0\u00bb<\/a><\/p>\n<p class=\"ap-StoryElement ap-StoryElement--mb ap-StoryText\">Pourtant, ce ne sont pas les places qui manquent car 12.591 sont encore disponibles dont 1.535 \u00e0 Bruxelles. Une fois de plus, la capitale concentre les \u00e9l\u00e8ves sans \u00e9cole.<\/p>\n<p>43.697 \u00e9l\u00e8ves ont pu obtenir une place directement dans l&rsquo;\u00e9cole de leur 1er choix<\/p>\n<p class=\"ap-StoryElement ap-StoryElement--mb ap-StoryText\">49.743 parents ont d\u00e9pos\u00e9 leur formulaire unique d&rsquo;inscription (FUI) dans l&rsquo;\u00e9cole secondaire correspondant \u00e0 leur 1re pr\u00e9f\u00e9rence, soit 262 de plus qu&rsquo;en 2025. Le taux de participation est de 90,94%. 43.697 \u00e9l\u00e8ves ont pu obtenir une place directement dans l&rsquo;\u00e9cole de leur 1er choix (pr\u00e8s de 88% des \u00e9l\u00e8ves) et 6.046 \u00e9l\u00e8ves n&rsquo;ont pas pu s&rsquo;inscrire dans leur \u00e9cole de 1re pr\u00e9f\u00e9rence.<\/p>\n<p><a href=\"https:\/\/www.dhnet.be\/actu\/belgique\/2026\/08\/24\/nouveau-test-seuil-de-reussite-nouveaux-cours-voici-tous-les-grands-changements-de-la-rentree-scolaire-W6P5YNR67FETFITBDMGNTBR5FA\/\" target=\"_self\" class=\"ap-StoryInterstitialLink ap-StoryElement ap-StoryElement--mb\" rel=\"nofollow noopener\">Nouveau test, seuil de r\u00e9ussite, nouveaux cours: voici tous les grands changements de la rentr\u00e9e scolaire<\/a><\/p>\n<p class=\"ap-StoryElement ap-StoryElement--mb ap-StoryText\">\u00ab\u00a0De mani\u00e8re g\u00e9n\u00e9rale, la situation est globalement similaire \u00e0 celle de l&rsquo;ann\u00e9e pass\u00e9e (3 \u00e9coles compl\u00e8tes de moins). Comme les ann\u00e9es pr\u00e9c\u00e9dentes, c&rsquo;est en R\u00e9gion de Bruxelles-Capitale o\u00f9 l&rsquo;on retrouve le plus d&rsquo;\u00e9coles compl\u00e8tes (42\/93), soit deux de moins qu&rsquo;en 2025\u00a0\u00bb, indique l&rsquo;administration.<\/p>\n<p class=\"ap-StoryElement ap-StoryElement--mb ap-StoryText\">Apr\u00e8s cette phase, la deuxi\u00e8me \u00e9tape, qui fonctionne sur le principe de 1er arriv\u00e9, 1er servi, s&rsquo;est sold\u00e9e par 989 enfants toujours en liste d&rsquo;attente pour une place en 1re secondaire d\u00e9but mai.<\/p>\n<p>Pour acc\u00e9der \u00e0 cet article, veuillez vous connecter au r\u00e9seau internet.<\/p>\n","protected":false},"excerpt":{"rendered":"Nouvelle \u00e9cole, nouveaux professeurs, nouveaux rythmes&#8230; La premi\u00e8re secondaire est un passage marquant dans la scolarit\u00e9 des \u00e9l\u00e8ves.&hellip;\n","protected":false},"author":2,"featured_media":236328,"comment_status":"","ping_status":"","sticky":false,"template":"","format":"standard","meta":{"footnotes":"","_share_on_mastodon":"0"},"categories":[81],"tags":[12,13,18,17,391,7049,29,15,84],"class_list":["post-236327","post","type-post","status-publish","format-standard","has-post-thumbnail","category-sports","tag-be","tag-be-fr","tag-belgique","tag-belgium","tag-brabant-wallon","tag-elections-bruxelles","tag-elections-flandre","tag-rentree-scolaire","tag-sports"],"share_on_mastodon":{"url":"https:\/\/pubeurope.com\/@be_fr\/117202272047922660","error":""},"_links":{"self":[{"href":"https:\/\/www.europesays.com\/be-fr\/wp-json\/wp\/v2\/posts\/236327","targetHints":{"allow":["GET"]}}],"collection":[{"href":"https:\/\/www.europesays.com\/be-fr\/wp-json\/wp\/v2\/posts"}],"about":[{"href":"https:\/\/www.europesays.com\/be-fr\/wp-json\/wp\/v2\/types\/post"}],"author":[{"embeddable":true,"href":"https:\/\/www.europesays.com\/be-fr\/wp-json\/wp\/v2\/users\/2"}],"replies":[{"embeddable":true,"href":"https:\/\/www.europesays.com\/be-fr\/wp-json\/wp\/v2\/comments?post=236327"}],"version-history":[{"count":0,"href":"https:\/\/www.europesays.com\/be-fr\/wp-json\/wp\/v2\/posts\/236327\/revisions"}],"wp:featuredmedia":[{"embeddable":true,"href":"https:\/\/www.europesays.com\/be-fr\/wp-json\/wp\/v2\/media\/236328"}],"wp:attachment":[{"href":"https:\/\/www.europesays.com\/be-fr\/wp-json\/wp\/v2\/media?parent=236327"}],"wp:term":[{"taxonomy":"category","embeddable":true,"href":"https:\/\/www.europesays.com\/be-fr\/wp-json\/wp\/v2\/categories?post=236327"},{"taxonomy":"post_tag","embeddable":true,"href":"https:\/\/www.europesays.com\/be-fr\/wp-json\/wp\/v2\/tags?post=236327"}],"curies":[{"name":"wp","href":"https:\/\/api.w.org\/{rel}","templated":true}]}}