{"id":236363,"date":"2026-09-02T16:16:18","date_gmt":"2026-09-02T16:16:18","guid":{"rendered":"https:\/\/www.europesays.com\/be-fr\/236363\/"},"modified":"2026-09-02T16:16:18","modified_gmt":"2026-09-02T16:16:18","slug":"violences-sexuelles-patrick-bruel-a-ete-plus-harcele-quharceleur-mimie-mathy-soutient-le-chanteur-mis-en-examen","status":"publish","type":"post","link":"https:\/\/www.europesays.com\/be-fr\/236363\/","title":{"rendered":"Violences sexuelles. \u00ab\u00a0Patrick Bruel a \u00e9t\u00e9 plus harcel\u00e9 qu&rsquo;harceleur\u00a0\u00bb\u00a0: Mimie Mathy soutient le chanteur mis en examen"},"content":{"rendered":"<p>Les images ont \u00e9mu de nombreux t\u00e9l\u00e9spectateurs ce week-end. Apr\u00e8s plusieurs mois de silence et d&rsquo;absence m\u00e9diatique, <a href=\"https:\/\/www.ledauphine.com\/p\/mimie-mathy\" target=\"_blank\" rel=\"nofollow noopener\">Mimie Mathy<\/a> est <a href=\"https:\/\/www.ledauphine.com\/culture-loisirs\/2026\/08\/30\/je-ne-remarcherai-pas-mimie-mathy-raconte-son-nouveau-quotidien-en-fauteuil-roulant\" target=\"_blank\" rel=\"nofollow noopener\">apparue en fauteuil roulant \u00e0 la t\u00e9l\u00e9vision<\/a>. Une situation sur laquelle l&rsquo;actrice a choisi de se confier sans d\u00e9tour, ce mercredi sur RTL. Au cours de cet entretien, Mimie Mathy s&rsquo;est aussi exprim\u00e9e sur la situation de <a href=\"https:\/\/www.ledauphine.com\/p\/patrick-bruel\" target=\"_blank\" rel=\"nofollow noopener\">Patrick Bruel<\/a>, mis en examen pour violences sexuelles, dont la tourn\u00e9e a \u00e9t\u00e9 annul\u00e9e. \u00ab Je suis tr\u00e8s triste qu\u2019il se sente oblig\u00e9 d\u2019annuler parce que la justice n\u2019a pas tranch\u00e9 pour l\u2019instant \u00bb, estime-t-elle. Interrog\u00e9e sur le caract\u00e8re du chanteur, elle dit de lui que \u00ab c\u2019est un s\u00e9ducteur\u00a0\u00bb, mais qu&rsquo;\u00ab\u00a0il a \u00e9t\u00e9 plus harcel\u00e9 qu\u2019harceleur\u00a0\u00bb.<\/p>\n<p>Pour ce qui est de sa <a href=\"https:\/\/www.ledauphine.com\/sante\/2026\/08\/31\/mimie-mathy-en-fauteuil-roulant-le-syndrome-de-la-queue-de-cheval-dont-elle-souffre-est-il-incurable\" target=\"_blank\" rel=\"nofollow noopener\">situation personnelle<\/a>, Mimie Mathy confie faire \u00ab tout ce qu\u2019il faut pour essayer de marcher un peu \u00bb. Malgr\u00e9 les difficult\u00e9s, l&rsquo;interpr\u00e8te de Jos\u00e9phine, ange gardien, entend continuer \u00e0 avancer. \u00ab Il faut faire avec et le prochain spectacle, je serai en fauteuil roulant \u00bb, annonce-t-elle.<\/p>\n<p>Ce contenu est bloqu\u00e9 car vous n&rsquo;avez pas accept\u00e9 les cookies et autres traceurs.<\/p>\n<p>En cliquant sur \u00ab J\u2019accepte \u00bb, les cookies et autres traceurs seront d\u00e9pos\u00e9s et vous pourrez visualiser les contenus  (<a href=\"\" class=\"consentModule_policy\" target=\"_blank\" title=\"Consulter la politique de protection des donn\u00e9es du fournisseur\">plus d&rsquo;informations<\/a>).<\/p>\n<p>En cliquant sur \u00ab J\u2019accepte tous les cookies \u00bb, vous autorisez des d\u00e9p\u00f4ts de cookies et autres traceurs pour le stockage de vos donn\u00e9es sur nos sites et applications \u00e0 des fins de personnalisation et de ciblage publicitaire.<\/p>\n<p class=\"consentModule_secondaryText\">Vous gardez la possibilit\u00e9 de retirer votre consentement \u00e0 tout moment en consultant notre <a href=\"https:\/\/www.ledauphine.com\/protection-des-donnees\" target=\"_blank\" title=\"Consulter notre politique de protection des donn\u00e9es\" rel=\"nofollow noopener\">politique de protection des donn\u00e9es<\/a>. <br \/>&#13;<br \/>\n            <a href=\"https:\/\/www.ledauphine.com\/societe\/2026\/09\/02\/javascript:Didomi.notice.show()\" class=\"consentModule_cmp\" rel=\"nofollow noopener\" target=\"_blank\">G\u00e9rer mes choix<\/a>&#13;\n        <\/p>\n<p>&#13;<br \/>\n                        J&rsquo;accepte&#13;<br \/>\n            J&rsquo;accepte tous les cookies&#13;\n        <\/p>\n<p>Face \u00e0 cette nouvelle r\u00e9alit\u00e9, Mimie Mathy dit avoir appris \u00e0 relativiser. \u00ab Je me dis qu\u2019il y a toujours pire. J\u2019ai de la chance que \u00e7a m\u2019arrive tard \u00bb, confie-t-elle. Un changement qui bouleverse \u00e9galement l&rsquo;organisation de son quotidien. \u00ab Il ne fallait surtout pas que mon mari devienne mon aidant \u00bb, souligne-t-elle. \u00ab J\u2019ai de la chance d\u2019avoir les moyens d\u2019avoir quelqu\u2019un qui m\u2019aide \u00e0 plein temps \u00bb, reconna\u00eet-elle.<\/p>\n<p>Au-del\u00e0 des contraintes physiques, l&rsquo;actrice \u00e9voque \u00e9galement le poids du regard des autres.\u00a0\u00ab Au d\u00e9but, je n\u2019assumais pas. Il faut le temps de le dig\u00e9rer. C\u2019est une digestion un peu longue \u00bb, raconte-t-elle. Mais Mimie Mathy assure avoir franchi une \u00e9tape dans cette acceptation. \u00ab Cette ann\u00e9e, je vais revenir aux Enfoir\u00e9s. Maintenant, je fais avec \u00bb, affirme-t-elle.<\/p>\n","protected":false},"excerpt":{"rendered":"Les images ont \u00e9mu de nombreux t\u00e9l\u00e9spectateurs ce week-end. Apr\u00e8s plusieurs mois de silence et d&rsquo;absence m\u00e9diatique, Mimie&hellip;\n","protected":false},"author":2,"featured_media":236364,"comment_status":"","ping_status":"","sticky":false,"template":"","format":"standard","meta":{"footnotes":"","_share_on_mastodon":"0"},"categories":[102],"tags":[12,13,18,17,129,128,2182,287,8210,96,95,6508,288,359,108,109,87],"class_list":["post-236363","post","type-post","status-publish","format-standard","has-post-thumbnail","category-people","tag-be","tag-be-fr","tag-belgique","tag-belgium","tag-celebrities","tag-celebrity","tag-crime","tag-culture-loisirs","tag-delit-et-contravention","tag-divertissement","tag-entertainment","tag-faits-divers-justice","tag-fil-info","tag-france-monde","tag-musique","tag-people","tag-sante"],"share_on_mastodon":{"url":"https:\/\/pubeurope.com\/@be_fr\/117202346553372417","error":""},"_links":{"self":[{"href":"https:\/\/www.europesays.com\/be-fr\/wp-json\/wp\/v2\/posts\/236363","targetHints":{"allow":["GET"]}}],"collection":[{"href":"https:\/\/www.europesays.com\/be-fr\/wp-json\/wp\/v2\/posts"}],"about":[{"href":"https:\/\/www.europesays.com\/be-fr\/wp-json\/wp\/v2\/types\/post"}],"author":[{"embeddable":true,"href":"https:\/\/www.europesays.com\/be-fr\/wp-json\/wp\/v2\/users\/2"}],"replies":[{"embeddable":true,"href":"https:\/\/www.europesays.com\/be-fr\/wp-json\/wp\/v2\/comments?post=236363"}],"version-history":[{"count":0,"href":"https:\/\/www.europesays.com\/be-fr\/wp-json\/wp\/v2\/posts\/236363\/revisions"}],"wp:featuredmedia":[{"embeddable":true,"href":"https:\/\/www.europesays.com\/be-fr\/wp-json\/wp\/v2\/media\/236364"}],"wp:attachment":[{"href":"https:\/\/www.europesays.com\/be-fr\/wp-json\/wp\/v2\/media?parent=236363"}],"wp:term":[{"taxonomy":"category","embeddable":true,"href":"https:\/\/www.europesays.com\/be-fr\/wp-json\/wp\/v2\/categories?post=236363"},{"taxonomy":"post_tag","embeddable":true,"href":"https:\/\/www.europesays.com\/be-fr\/wp-json\/wp\/v2\/tags?post=236363"}],"curies":[{"name":"wp","href":"https:\/\/api.w.org\/{rel}","templated":true}]}}