{"id":236413,"date":"2026-09-02T16:43:07","date_gmt":"2026-09-02T16:43:07","guid":{"rendered":"https:\/\/www.europesays.com\/be-fr\/236413\/"},"modified":"2026-09-02T16:43:07","modified_gmt":"2026-09-02T16:43:07","slug":"en-residence-de-creation-pres-des-moulins-cette-artiste-fait-dessiner-leau","status":"publish","type":"post","link":"https:\/\/www.europesays.com\/be-fr\/236413\/","title":{"rendered":"En r\u00e9sidence de cr\u00e9ation pr\u00e8s des moulins, cette artiste fait dessiner l\u2019eau"},"content":{"rendered":"<p data-ofstats-scroll=\"read_depth_10\">Dans le cadre d\u2019un r\u00e9seau r\u00e9gional accueillant de jeunes artistes en r\u00e9sidence, une d\u00e9marche de recherche artistique a \u00e9t\u00e9 men\u00e9e autour du patrimoine des moulins \u00e0 eau.<\/p>\n<p data-ofstats-scroll=\"read_depth_40\">L\u2019artiste Khouloud Benzarti, qui travaille sur l\u2019enregistrement et l\u2019\u00e9nergie, s\u2019est int\u00e9ress\u00e9 aux mouvements de l\u2019eau et au fonctionnement des moulins \u00e0 eau et \u00e0 vent. Elle \u00e9tait en r\u00e9sidence depuis juillet. C\u2019est au joli moulin \u00e0 vent de La Garenne, \u00e0 Pannec\u00e9\u00a0(Loire-Atlantique), puis au moulin de la Charlotte, \u00e0 Saint-Mars-la-Jaille, seul moulin \u00e0 eau du territoire, qu\u2019elle aura r\u00e9alis\u00e9 ses derni\u00e8res \u0153uvres \u00e0 l\u2019aide de ses dispositifs.<\/p>\n<p>        \u00ab\u00a0L\u2019eau dessine\u00a0\u00bb<\/p>\n<p data-ofstats-scroll=\"read_depth_50\">Khouloud Benzarti utilise un flotteur pour enregistrer les variations de la surface de l\u2019eau, transform\u00e9es par le biais d\u2019un bras articul\u00e9, ensuite en dessins au fusain. L\u2019eau dessine, r\u00e9sume l\u2019artiste. D\u2019autres recherches portent sur les mouvements du vent. Des mouvements plus amples qui laissent appara\u00eetre sur la feuille blanche des dessins plus marqu\u00e9s.<\/p>\n<p data-ofstats-scroll=\"read_depth_80\">Isabelle Teullier, directrice du\u00a0<a href=\"https:\/\/www.lemat-centredart.com\/\" rel=\"nofollow noopener\" target=\"_blank\">centre d\u2019art contemporain du pays d\u2019Ancenis<\/a>\u00a0: Cette r\u00e9sidence est avant tout un temps d\u2019exp\u00e9rimentation, destin\u00e9 \u00e0 nourrir le travail de l\u2019artiste plut\u00f4t qu\u2019\u00e0 aboutir imm\u00e9diatement \u00e0 une exposition. On organisait ces stages plut\u00f4t au <a href=\"https:\/\/www.ouest-france.fr\/culture\/la-maison-julien-gracq-un-lieu-pour-les-ecrivains-156eb8c2-59a1-11f0-a250-ccec68869d1d\" rel=\"nofollow noopener\" target=\"_blank\">mus\u00e9e Julien-Gracq<\/a> ou \u00e0 Montrelais. On a souhait\u00e9 tenter l\u2019exp\u00e9rience plus au nord du Pays d\u2019Ancenis.<\/p>\n<p data-ofstats-scroll=\"read_depth_100\">L\u2019artiste, qui voudrait bien que le dessin devienne son m\u00e9tier, sort de l\u2019\u00e9cole des Beaux-Arts d\u2019Angers et de Valenciennes. Le patrimoine \u00e9tait pour elle, cet \u00e9t\u00e9, un terrain de cr\u00e9ation contemporaine, permettant de porter un regard nouveau sur l\u2019histoire et les paysages des moulins. Elle a aussi pour projet de s\u2019int\u00e9resser \u00e0 l\u2019architecture \u00e0 La Villette, \u00e0 Paris.<\/p>\n","protected":false},"excerpt":{"rendered":"Dans le cadre d\u2019un r\u00e9seau r\u00e9gional accueillant de jeunes artistes en r\u00e9sidence, une d\u00e9marche de recherche artistique a&hellip;\n","protected":false},"author":2,"featured_media":236414,"comment_status":"","ping_status":"","sticky":false,"template":"","format":"standard","meta":{"footnotes":"","_share_on_mastodon":"0"},"categories":[101],"tags":[20186,126,124,125,12,13,18,17,127,96,95,11065,73107,21438,48327,27079],"class_list":["post-236413","post","type-post","status-publish","format-standard","has-post-thumbnail","category-arts-et-design","tag-ancenis-saint-gereon","tag-arts","tag-arts-and-design","tag-arts-et-design","tag-be","tag-be-fr","tag-belgique","tag-belgium","tag-design","tag-divertissement","tag-entertainment","tag-ingrandes-le-fresne-sur-loire","tag-pannece","tag-saint-florent-le-vieil","tag-vair-sur-loire","tag-vallons-de-lerdre"],"share_on_mastodon":{"url":"https:\/\/pubeurope.com\/@be_fr\/117202452675749935","error":""},"_links":{"self":[{"href":"https:\/\/www.europesays.com\/be-fr\/wp-json\/wp\/v2\/posts\/236413","targetHints":{"allow":["GET"]}}],"collection":[{"href":"https:\/\/www.europesays.com\/be-fr\/wp-json\/wp\/v2\/posts"}],"about":[{"href":"https:\/\/www.europesays.com\/be-fr\/wp-json\/wp\/v2\/types\/post"}],"author":[{"embeddable":true,"href":"https:\/\/www.europesays.com\/be-fr\/wp-json\/wp\/v2\/users\/2"}],"replies":[{"embeddable":true,"href":"https:\/\/www.europesays.com\/be-fr\/wp-json\/wp\/v2\/comments?post=236413"}],"version-history":[{"count":0,"href":"https:\/\/www.europesays.com\/be-fr\/wp-json\/wp\/v2\/posts\/236413\/revisions"}],"wp:featuredmedia":[{"embeddable":true,"href":"https:\/\/www.europesays.com\/be-fr\/wp-json\/wp\/v2\/media\/236414"}],"wp:attachment":[{"href":"https:\/\/www.europesays.com\/be-fr\/wp-json\/wp\/v2\/media?parent=236413"}],"wp:term":[{"taxonomy":"category","embeddable":true,"href":"https:\/\/www.europesays.com\/be-fr\/wp-json\/wp\/v2\/categories?post=236413"},{"taxonomy":"post_tag","embeddable":true,"href":"https:\/\/www.europesays.com\/be-fr\/wp-json\/wp\/v2\/tags?post=236413"}],"curies":[{"name":"wp","href":"https:\/\/api.w.org\/{rel}","templated":true}]}}